{"id":105860,"date":"2025-12-02T17:01:11","date_gmt":"2025-12-02T17:01:11","guid":{"rendered":"https:\/\/www.europesays.com\/fi\/105860\/"},"modified":"2025-12-02T17:01:11","modified_gmt":"2025-12-02T17:01:11","slug":"pottukoira-repaisi-sanna-ukkola-sai-alapaaviestin","status":"publish","type":"post","link":"https:\/\/www.europesays.com\/fi\/105860\/","title":{"rendered":"Pottukoira rep\u00e4isi: Sanna Ukkola sai alap\u00e4\u00e4viestin"},"content":{"rendered":"<p>            Atte Kajova, Jouko K\u00e4rkk\u00e4isen kotialbumi\n        <\/p>\n<p class=\"subtitle \">Taannoin Pottukoiran striimiss\u00e4 vedettiin huumeita, mink\u00e4 vuoksi h\u00e4nen tilins\u00e4 j\u00e4\u00e4dytettiin muutamaksi p\u00e4iv\u00e4ksi.<\/p>\n<p class=\"article-content article-content-width !bg-background\">Rappiostriimaaja \u201dPottukoira\u201d eli \u00a0on mies, jonka el\u00e4m\u00e4ss\u00e4 sattuu ja tapahtuu \u2013 j\u00e4lleen.<\/p>\n<p class=\"article-content article-content-width !bg-background\">Pottukoira otti sunnuntai-iltana yhteytt\u00e4 Seiskaan erikoisilla terveisill\u00e4.\u00a0<\/p>\n<p class=\"article-content article-content-width !bg-background\">\u2013 Min\u00e4 tuota  laitoin viesti\u00e4, h\u00e4n tunnusti ja kertoi tiedustelleensa humalap\u00e4iss\u00e4\u00e4n varsin suorasukaiseen tyyliin, olisiko tunnettu toimittaja kiinnostunut intiimist\u00e4 kanssak\u00e4ymisest\u00e4.<\/p>\n<p class=\"article-content article-content-width !bg-background\">Pottukoira kertoo, ettei vastausta kuulunut. H\u00e4n oli kuitenkin jatkanut yksipuolista viestittely\u00e4\u00e4n viel\u00e4 siteeraten \u00a0h\u00e4rski\u00e4\u00a0Sanna-laulua.<\/p>\n<p>        <a itemprop=\"url\" href=\"https:\/\/www.seiska.fi\/kotimaa\/rappiostriimaaja-elvisteli-petkuttavansa-verottajaa\/1991873\" rel=\"nofollow noopener\" target=\"_blank\"><\/p>\n<p>\nPottukoira\n<\/p>\n<p class=\"section-date\">\n        <strong class=\"article-section\" data-section=\"kotimaa\"><br \/>\n            kotimaa<br \/>\n        <\/strong><br \/>\n        13.11. 18:00\n    <\/p>\n<p>Rappiostriimaaja elvisteli petkuttavansa verottajaa\n    <\/p>\n<p itemprop=\"description\" class=\"subtitle \">\n    Pottukoira rehvasteli laittavansa osan tuloistaan &#8221;liiviin&#8221;.\n<\/p>\n<p>        <\/a><\/p>\n<p>                <img decoding=\"async\" src=\"https:\/\/www.europesays.com\/fi\/wp-content\/uploads\/2025\/12\/1968359.webp\" width=\"576\" height=\"639\" title=\"Pottukoiran vei Viroon ulkomaalaiset vedonly\u00f6ntiyhti\u00f6t.\" alt=\"Striimaaja Jouko K\u00e4rkk\u00e4inen eli PottukoiraKuva Jouko K\u00e4rkk\u00e4isen albumi\" loading=\"lazy\" \/>            <\/p>\n<p>\n            Pottukoiran vei Viroon ulkomaalaiset vedonly\u00f6ntiyhti\u00f6t.<br \/>\n            Jouko K\u00e4rkk\u00e4isen kotialbumi\n        <\/p>\n<p>Vieraili Sannan ohjelmassa<\/p>\n<p class=\"article-content article-content-width !bg-background\">Luoja tiet\u00e4\u00e4, miksi Pottukoira p\u00e4\u00e4tti laittaa viestin juuri Sannalle, mutta kaksikkoa yhdist\u00e4\u00e4 joka tapauksessa Iltalehdess\u00e4 julkaistava Ukkola-ohjelma.\u00a0Pottukoira vieraili ohjelmassa syyskuussa.<\/p>\n<p class=\"article-content article-content-width !bg-background\">Taannoin Pottukoiran striimiss\u00e4 vedettiin huumeita, mink\u00e4 vuoksi h\u00e4nen tilins\u00e4 j\u00e4\u00e4dytettiin muutamaksi p\u00e4iv\u00e4ksi.<\/p>\n<p>        <a itemprop=\"url\" href=\"https:\/\/www.seiska.fi\/kotimaa\/rappiostriimaaja-pottukoira-uhkaili-vieraitaan-veitsella-tapan-teidat\/1976878\" rel=\"nofollow noopener\" target=\"_blank\"><\/p>\n<p>\nRappiostriimaaja Pottukoira\n<\/p>\n<p class=\"section-date\">\n        <strong class=\"article-section\" data-section=\"kotimaa\"><br \/>\n            kotimaa<br \/>\n        <\/strong><br \/>\n        29.10. 16:30\n    <\/p>\n<p>Rappiostriimaaja Pottukoira: uhkaili vieraitaan veitsell\u00e4: \u201dTapan teid\u00e4t\u201d\n    <\/p>\n<p itemprop=\"description\" class=\"subtitle \">\n    Pottukoira kertoo tulleensa uskoon ja sanoo alkoholin j\u00e4\u00e4v\u00e4n \u2013 ainakin tiukkojen osalta.\n<\/p>\n<p>        <\/a><\/p>\n<p>                <img decoding=\"async\" src=\"https:\/\/www.europesays.com\/fi\/wp-content\/uploads\/2025\/12\/1944373.webp\" width=\"576\" height=\"274\" alt=\"Pottukoira lienee eitt\u00e4m\u00e4tt\u00e4 suomalaisen rappiostriimaamisen pioneeri ja kuningas.\" loading=\"lazy\" \/>            <\/p>\n<p>\n            Pottukoira lienee eitt\u00e4m\u00e4tt\u00e4 suomalaisen rappiostriimaamisen pioneeri ja kuningas.<br \/>\n            Kuvakaappaus Pottukoiran livel\u00e4hetyksest\u00e4\n        <\/p>\n<p>Kohuja, kohuja, kohuja<\/p>\n<p class=\"article-content article-content-width !bg-background\">Viron Harjumaalla asuva Pottukoira on tunnettu siit\u00e4, ett\u00e4 h\u00e4nen luonaan k\u00e4y usein vieraita, jotka tuovat l\u00e4hetyksiin omat mausteensa.<\/p>\n<p class=\"article-content article-content-width !bg-background\">Lokakuussa vieraina olivat somepersoona \u201dTestotimo\u201d eli  sek\u00e4 vapaaottelija .<\/p>\n<p class=\"article-content article-content-width !bg-background\">Vierailu loppui lopulta kuin veitsell\u00e4 leikaten, sill\u00e4 Pottukoira uhkaili k\u00e4nniss\u00e4 kaksikkoa \u2013 veitsell\u00e4.<\/p>\n<p class=\"article-content article-content-width !bg-background\">T\u00e4m\u00e4n j\u00e4lkeen Pottukoira sanoi lopettavansa alkoholin k\u00e4yt\u00f6n ja ilmoitti my\u00f6s antaneensa Jeesukselle mahdollisuuden.<\/p>\n<p class=\"article-content article-content-width !bg-background\">Korkki oli kuitenkin kiinni vain muutaman p\u00e4iv\u00e4n.<\/p>\n<p>        <a itemprop=\"url\" href=\"https:\/\/www.seiska.fi\/kotimaa\/rappiostriimaaja-pottukoira-haastoi-immun-nyrkkeilyotteluun-saisi-spurgultakin-turpaan\/1971379\" rel=\"nofollow noopener\" target=\"_blank\"><\/p>\n<p>\nOho!\n<\/p>\n<p class=\"section-date\">\n        <strong class=\"article-section\" data-section=\"kotimaa\"><br \/>\n            kotimaa<br \/>\n        <\/strong><br \/>\n        24.10. 13:00\n    <\/p>\n<p>Rappiostriimaaja Pottukoira haastoi Immun nyrkkeilyotteluun: &#8221;Saisi spurgultakin turpaan!&#8221;\n    <\/p>\n<p itemprop=\"description\" class=\"subtitle \">\n    Immu otteli viime toukokuussa Ice Cage -tapahtumassa \u201dStagalaa\u201d, eli Joni Takalaa, vastaan saaden t\u00e4lt\u00e4 pahasti k\u00e4k\u00e4ttimeen.\n<\/p>\n<p>        <\/a><\/p>\n<p>                <img decoding=\"async\" src=\"https:\/\/www.europesays.com\/fi\/wp-content\/uploads\/2025\/12\/2007758.webp\" width=\"576\" height=\"322\" alt=\"Sanna on ollut jo pitk\u00e4\u00e4n yhdess\u00e4 Matias Turkkilan kanssa.\" loading=\"lazy\" \/>            <\/p>\n<p>\n            Sanna on ollut jo pitk\u00e4\u00e4n yhdess\u00e4 Matias Turkkilan kanssa.<br \/>\n            Kai Joronen\n        <\/p>\n<p>Sanna ei ahdistunut viestist\u00e4<\/p>\n<p class=\"article-content article-content-width !bg-background\">Yht\u00e4 kaikki, Seiska tavoitti my\u00f6s Sannan, joka ei vaikuta olevan mill\u00e4ns\u00e4k\u00e4\u00e4n Pottukoiran suorasukaisesta k\u00e4nniehdotuksesta.<\/p>\n<p class=\"article-content article-content-width !bg-background\">\u2013 Saan t\u00e4llaisia viestej\u00e4 aina v\u00e4lill\u00e4.<\/p>\n<p class=\"article-content article-content-width !bg-background\">Pottukoiralle Sannalla ei ole sen pahempaa sanottavaa, mutta jotain kuitenkin:<\/p>\n<p class=\"article-content article-content-width !bg-background\">\u2013 Toivottavasti Pottukoira saa korkin j\u00e4lleen kiinni.<\/p>\n<p class=\"article-content article-content-width !bg-background\">Muidenkaan on turha laittaa vastaavia viestej\u00e4, sill\u00e4 Sanna on onnellisesti yhdess\u00e4  kanssa.<\/p>\n<p class=\"article-content article-content-width !bg-background\">Matias taas on valtiovarainministeri<br \/>\n erityisavustaja.<\/p>\n<p>        <a itemprop=\"url\" href=\"https:\/\/www.seiska.fi\/kotimaa\/suosikkistriimajan-korkki-aukesi\/1943380\" rel=\"nofollow noopener\" target=\"_blank\"><\/p>\n<p>\nKohustriimaaja\n<\/p>\n<p class=\"section-date\">\n        <strong class=\"article-section\" data-section=\"kotimaa\"><br \/>\n            kotimaa<br \/>\n        <\/strong><br \/>\n        28.9. 19:30\n    <\/p>\n<p>Suosikkistriimajan korkki aukesi\n    <\/p>\n<p itemprop=\"description\" class=\"subtitle \">\n    P\u00e4iv\u00e4annosm\u00e4\u00e4r\u00e4 on h\u00e4nen mittapuullaan jopa maltillinen: noin kymmenisen kaljaa.\n<\/p>\n<p>        <\/a><\/p>\n","protected":false},"excerpt":{"rendered":"Atte Kajova, Jouko K\u00e4rkk\u00e4isen kotialbumi Taannoin Pottukoiran striimiss\u00e4 vedettiin huumeita, mink\u00e4 vuoksi h\u00e4nen tilins\u00e4 j\u00e4\u00e4dytettiin muutamaksi p\u00e4iv\u00e4ksi. Rappiostriimaaja&hellip;\n","protected":false},"author":2,"featured_media":105861,"comment_status":"","ping_status":"","sticky":false,"template":"","format":"standard","meta":{"footnotes":""},"categories":[136],"tags":[407,137,33,31,30,9387,408,15615,3376,5642,9386,13724,32,109],"class_list":{"0":"post-105860","1":"post","2":"type-post","3":"status-publish","4":"format-standard","5":"has-post-thumbnail","7":"category-julkkikset","8":"tag-celebrities","9":"tag-entertainment","10":"tag-fi","11":"tag-finland","12":"tag-finnish","13":"tag-jouko-karkkainen","14":"tag-julkkikset","15":"tag-junnu-vainio","16":"tag-k18","17":"tag-matias-turkkila","18":"tag-pottukoira","19":"tag-sanna-ukkola","20":"tag-suomi","21":"tag-viihde"},"share_on_mastodon":{"url":"https:\/\/pubeurope.com\/@fi\/115651050641210229","error":""},"_links":{"self":[{"href":"https:\/\/www.europesays.com\/fi\/wp-json\/wp\/v2\/posts\/105860","targetHints":{"allow":["GET"]}}],"collection":[{"href":"https:\/\/www.europesays.com\/fi\/wp-json\/wp\/v2\/posts"}],"about":[{"href":"https:\/\/www.europesays.com\/fi\/wp-json\/wp\/v2\/types\/post"}],"author":[{"embeddable":true,"href":"https:\/\/www.europesays.com\/fi\/wp-json\/wp\/v2\/users\/2"}],"replies":[{"embeddable":true,"href":"https:\/\/www.europesays.com\/fi\/wp-json\/wp\/v2\/comments?post=105860"}],"version-history":[{"count":0,"href":"https:\/\/www.europesays.com\/fi\/wp-json\/wp\/v2\/posts\/105860\/revisions"}],"wp:featuredmedia":[{"embeddable":true,"href":"https:\/\/www.europesays.com\/fi\/wp-json\/wp\/v2\/media\/105861"}],"wp:attachment":[{"href":"https:\/\/www.europesays.com\/fi\/wp-json\/wp\/v2\/media?parent=105860"}],"wp:term":[{"taxonomy":"category","embeddable":true,"href":"https:\/\/www.europesays.com\/fi\/wp-json\/wp\/v2\/categories?post=105860"},{"taxonomy":"post_tag","embeddable":true,"href":"https:\/\/www.europesays.com\/fi\/wp-json\/wp\/v2\/tags?post=105860"}],"curies":[{"name":"wp","href":"https:\/\/api.w.org\/{rel}","templated":true}]}}