{"id":105866,"date":"2025-12-02T17:09:09","date_gmt":"2025-12-02T17:09:09","guid":{"rendered":"https:\/\/www.europesays.com\/fi\/105866\/"},"modified":"2025-12-02T17:09:09","modified_gmt":"2025-12-02T17:09:09","slug":"suomalaisfestarilta-kova-paatos-boikotoi-merkittavaa-musiikkialan-toimijaa","status":"publish","type":"post","link":"https:\/\/www.europesays.com\/fi\/105866\/","title":{"rendered":"Suomalaisfestarilta kova p\u00e4\u00e4t\u00f6s \u2013 Boikotoi merkitt\u00e4v\u00e4\u00e4 musiikkialan toimijaa"},"content":{"rendered":"<p>Warner Music Liven ja Nelonen Median yhteisty\u00f6 on puhuttanut musiikkialalla.<\/p>\n<p><img decoding=\"async\" class=\"image image-show image-preview\" src=\"https:\/\/www.europesays.com\/fi\/wp-content\/uploads\/2025\/12\/3516a98673a4f4c914ae35c15d7595f57bd09f1ebefe5561648dc9d67a43937b.jpg\" alt=\"\"\/><img decoding=\"async\" class=\"image image-show\" src=\"https:\/\/www.europesays.com\/fi\/wp-content\/uploads\/2025\/12\/1764695349_257_3516a98673a4f4c914ae35c15d7595f57bd09f1ebefe5561648dc9d67a43937b.jpg\" alt=\"\"\/><\/p>\n<p>\u00d6 Fest -festivaalilla on aiemmin esiintynyt muun muassa Emma &amp; Matilda -duo. Juha Metso<\/p>\n<p class=\"paragraph\">Suomalainen \u00d6 Fest -festivaali kertoo <a href=\"https:\/\/www.instagram.com\/p\/DRtuDSqiMpw\/?img_index=1\" rel=\"noopener nofollow\" target=\"_blank\">Instagram-tilill\u00e4\u00e4n<\/a> boikotoivansa ohjelmatoimisto Warner Music Liven artisteja vuoden 2026 tapahtumassa.<\/p>\n<p class=\"paragraph\">P\u00e4\u00e4t\u00f6ksen taustalla on Warner Music Liven ja Nelonen Median lokakuun lopulla solmima yhteisty\u00f6. Jatkossa Warner Music Live hoitaa Nelonen Median festivaalien ohjelmasuunnittelun, artistien hankinnan ja sopimusneuvottelut.<\/p>\n<p class=\"paragraph\"><a href=\"https:\/\/www.hs.fi\/kulttuuri\/art-2000011620214.html\" rel=\"noopener nofollow\" target=\"_blank\">Helsingin Sanomat<\/a> kertoi aiemmin, ett\u00e4 yhteisty\u00f6 on her\u00e4tt\u00e4nyt musiikkialalla huolta esimerkiksi vallan keskittymisest\u00e4.<\/p>\n<p class=\"paragraph\">My\u00f6s \u00d6 Fest viittaa Instagram-julkaisussaan vallan keskittymiseen.<\/p>\n<p class=\"paragraph\">\u2013 T\u00e4llainen vallan keskittyminen yh\u00e4 harvemmille toimijoille uhkaa yksipuolistaa musa-alaa. Pelkona on, ett\u00e4 uusille nouseville artisteille on jatkossa tarjolla entist\u00e4 v\u00e4hemm\u00e4n mahdollisuuksia ja kes\u00e4festarien ohjelmat tasap\u00e4istyv\u00e4t entisest\u00e4\u00e4n. Kehityst\u00e4 pidet\u00e4\u00e4n musa-alalla laajasti ongelmana, mutta moni ei asemansa vuoksi voi tai uskalla avata suutaan, julkaisussa kirjoitetaan.<\/p>\n<p class=\"paragraph\">Vuosittain <a href=\"https:\/\/www.hs.fi\/kulttuuri\/art-2000011267215.html\" rel=\"noopener nofollow\" target=\"_blank\">salaisessa paikassa<\/a> j\u00e4rjestett\u00e4v\u00e4n \u00d6 Festin julkaisussa kirjoitetaan, ett\u00e4 festivaali on ollut alusta asti projekti, jonka keski\u00f6ss\u00e4 on puolustaa musiikkialan monimuotoisuutta ja \u201dolla pienten nousevien artistien puolella\u201d.<\/p>\n<p class=\"paragraph\">\u2013 Siksi olemme p\u00e4\u00e4tt\u00e4neet, ett\u00e4 vuoden 2026 \u00d6 Festiss\u00e4 ei esiinny yht\u00e4\u00e4n Warner Music Liven artistia. Emme yksin pienen\u00e4 tapahtumana voi muuttaa kehityksen suuntaa, mutta haluamme linjauksellamme nostaa t\u00e4m\u00e4n ep\u00e4kohdan esiin ja edist\u00e4\u00e4 osaltamme kulttuurikent\u00e4n monimuotoisuutta, julkaisussa kirjoitetaan.<\/p>\n<p class=\"paragraph\">\u00d6 Festin j\u00e4rjest\u00e4j\u00e4t toivovat avauksen her\u00e4tt\u00e4v\u00e4n keskustelua siit\u00e4, mihin suuntaan musa-alan halutaan kehittyv\u00e4n.<\/p>\n<p class=\"paragraph\">Lopuksi julkaisussa todetaan, ett\u00e4 festivaalin yhteisty\u00f6 Warner Music Liven kanssa on sujunut ilman ongelmia.<\/p>\n<p class=\"paragraph\">\u2013 Arvostamme Warner Liven artisteja ja henkil\u00f6kuntaa. Kritiikkimme ei kohdistu heihin, vaan alan rakenteelliseen muutokseen.<\/p>\n<p class=\"paragraph\">Warner Music Liven artisteista festivaaleilla on esiintynyt viime vuosina ainakin Emma &amp; Matilda sek\u00e4 <a href=\"https:\/\/www.iltalehti.fi\/henkilot\/Tupe.\" class=\"article-link-person-page\" rel=\"nofollow noopener\" target=\"_blank\">Tupe<\/a>, joka vieraili artisti <a href=\"https:\/\/www.iltalehti.fi\/henkilot\/Edicti\" class=\"article-link-person-page\" rel=\"nofollow noopener\" target=\"_blank\">Edictin<\/a> keikalla.<\/p>\n<p class=\"paragraph\">Helsingin Sanomat <a href=\"https:\/\/www.iltalehti.fi\/musiikki\/409543d3-6b23-4eb5-8c70-28eb2f3edd59\" rel=\"nofollow noopener\" target=\"_blank\">kertoi<\/a> aiemmin, ett\u00e4 Maustetyt\u00f6t-yhtyeen kaksi esiintymist\u00e4 peruttiin ensi kes\u00e4n Suomipop-festivaaleilta. Yhtyett\u00e4 edustavan L\u00f6rdag-levy-yhti\u00f6n taiteellinen johtaja <a href=\"https:\/\/www.iltalehti.fi\/henkilot\/Aki Roukala\" class=\"article-link-person-page\" rel=\"nofollow noopener\" target=\"_blank\">Aki Roukala<\/a> kertoi saaneensa tiedon, ett\u00e4 keikat peruttiin s\u00e4\u00e4st\u00f6syist\u00e4.<\/p>\n<p class=\"paragraph\">Warner Music Finlandin toimitusjohtaja <strong>Ramona Forsstr\u00f6m<\/strong> kommentoi Helsingin Sanomille, ett\u00e4 mukaan yhteisty\u00f6n alkamisen j\u00e4lkeen Sanoman festareille on tehty joitakin muutoksia, mutta festivaaleille on lis\u00e4tty enemm\u00e4n Warnerin ulkopuolisia artisteja kuin niit\u00e4 on peruttu.<\/p>\n<p class=\"paragraph\">My\u00f6s Nelonen Median liiketoimintajohtaja <strong>Kari Laakso<\/strong> vahvisti, ett\u00e4 muutosten my\u00f6t\u00e4 Warner Music Liven artistien osuus ei ole kasvanut.<\/p>\n<p><script async src=\"\/\/www.instagram.com\/embed.js\"><\/script><\/p>\n","protected":false},"excerpt":{"rendered":"Warner Music Liven ja Nelonen Median yhteisty\u00f6 on puhuttanut musiikkialalla. \u00d6 Fest -festivaalilla on aiemmin esiintynyt muun muassa&hellip;\n","protected":false},"author":2,"featured_media":105867,"comment_status":"","ping_status":"","sticky":false,"template":"","format":"standard","meta":{"footnotes":""},"categories":[130],"tags":[35,138,137,33,31,30,763,47,141,32,397,484,109],"class_list":{"0":"post-105866","1":"post","2":"type-post","3":"status-publish","4":"format-standard","5":"has-post-thumbnail","7":"category-viihde","8":"tag-24h","9":"tag-audio","10":"tag-entertainment","11":"tag-fi","12":"tag-finland","13":"tag-finnish","14":"tag-kulttuuri-ja-viihde","15":"tag-musiikki","16":"tag-muusikot-bandit","17":"tag-suomi","18":"tag-taide","19":"tag-taiteellinen-ilmaisu-ja-mediat","20":"tag-viihde"},"share_on_mastodon":{"url":"https:\/\/pubeurope.com\/@fi\/115651082022778072","error":""},"_links":{"self":[{"href":"https:\/\/www.europesays.com\/fi\/wp-json\/wp\/v2\/posts\/105866","targetHints":{"allow":["GET"]}}],"collection":[{"href":"https:\/\/www.europesays.com\/fi\/wp-json\/wp\/v2\/posts"}],"about":[{"href":"https:\/\/www.europesays.com\/fi\/wp-json\/wp\/v2\/types\/post"}],"author":[{"embeddable":true,"href":"https:\/\/www.europesays.com\/fi\/wp-json\/wp\/v2\/users\/2"}],"replies":[{"embeddable":true,"href":"https:\/\/www.europesays.com\/fi\/wp-json\/wp\/v2\/comments?post=105866"}],"version-history":[{"count":0,"href":"https:\/\/www.europesays.com\/fi\/wp-json\/wp\/v2\/posts\/105866\/revisions"}],"wp:featuredmedia":[{"embeddable":true,"href":"https:\/\/www.europesays.com\/fi\/wp-json\/wp\/v2\/media\/105867"}],"wp:attachment":[{"href":"https:\/\/www.europesays.com\/fi\/wp-json\/wp\/v2\/media?parent=105866"}],"wp:term":[{"taxonomy":"category","embeddable":true,"href":"https:\/\/www.europesays.com\/fi\/wp-json\/wp\/v2\/categories?post=105866"},{"taxonomy":"post_tag","embeddable":true,"href":"https:\/\/www.europesays.com\/fi\/wp-json\/wp\/v2\/tags?post=105866"}],"curies":[{"name":"wp","href":"https:\/\/api.w.org\/{rel}","templated":true}]}}