{"id":105870,"date":"2025-12-02T17:13:10","date_gmt":"2025-12-02T17:13:10","guid":{"rendered":"https:\/\/www.europesays.com\/fi\/105870\/"},"modified":"2025-12-02T17:13:10","modified_gmt":"2025-12-02T17:13:10","slug":"ulkoministerio-kehottaa-valttamaan-kaikkea-matkustamista-venezuelaan","status":"publish","type":"post","link":"https:\/\/www.europesays.com\/fi\/105870\/","title":{"rendered":"Ulkoministeri\u00f6 kehottaa v\u00e4ltt\u00e4m\u00e4\u00e4n kaikkea matkustamista Venezuelaan"},"content":{"rendered":"<p>Matkustus|Venezuelassa on muun muassa tehty ulkomaalaisiin kohdistuvia joukkopid\u00e4tyksi\u00e4.<\/p>\n<p>Lue tiivistelm\u00e4<\/p>\n<p>Tiivistelm\u00e4 on teko\u00e4lyn tekem\u00e4 ja ihmisen tarkistama.<\/p>\n<p class=\"article-body mb-nof-24 px-nof-16 sndp-summary-bullet-point-font\">Ulkoministeri\u00f6 kehottaa v\u00e4ltt\u00e4m\u00e4\u00e4n kaikkea matkustamista Venezuelaan.<\/p>\n<p class=\"article-body mb-nof-24 px-nof-16 sndp-summary-bullet-point-font\">Venezuelan poliittinen tilanne on sekava ja maassa on pid\u00e4tetty useita ulkomaalaisia viime kuukausina erityisesti p\u00e4\u00e4kaupunki Caracasissa.<\/p>\n<p class=\"article-body mb-nof-24 px-nof-16 sndp-summary-bullet-point-font\">Ulkoministeri\u00f6n mukaan Suomen edustuston mahdollisuudet avustaa pid\u00e4tystilanteissa ovat v\u00e4h\u00e4iset ja lentoliikenteess\u00e4 on ajoittaisia h\u00e4iri\u00f6it\u00e4.<\/p>\n<p class=\"article-body mb-nof-24 px-nof-16\">Suomen ulkoministeri\u00f6 neuvoo v\u00e4ltt\u00e4m\u00e4\u00e4n kaikkea matkustamista Venezuelaan.<\/p>\n<p class=\"article-body mb-nof-24 px-nof-16\"><a class=\"article-genericlink\" href=\"https:\/\/um.fi\/matkustustiedote\/-\/c\/VE#Turvallisuustaso\" rel=\"nofollow noopener\" target=\"_blank\">Matkustustiedotetta<\/a> on p\u00e4ivitetty t\u00e4n\u00e4\u00e4n tiistaina. Aiemmin syksyll\u00e4 maahan neuvottiin v\u00e4ltt\u00e4m\u00e4\u00e4n tarpeetonta matkustamista.<\/p>\n<p class=\"article-body mb-nof-24 px-nof-16\">Ulkoministeri\u00f6n mukaan maan poliittinen tilanne on sekava ja sen vaikutukset n\u00e4kyv\u00e4t laajalti. Venezuelassa on viimeisten kuukausien aikana raportoitu useista joukkopid\u00e4tyksist\u00e4 ja my\u00f6s ulkomaalaisten pid\u00e4tyksist\u00e4. Ne ovat tapahtuneet p\u00e4\u00e4asiassa p\u00e4\u00e4kaupunki Caracasissa.<\/p>\n<p class=\"article-body mb-nof-24 px-nof-16\">Ministeri\u00f6n mukaan edustuston mahdollisuudet avustamiseen pid\u00e4tystilanteessa ovat v\u00e4h\u00e4iset.<\/p>\n<p class=\"article-body mb-nof-24 px-nof-16\">Lentoliikenteess\u00e4 on my\u00f6s ajoittaisia h\u00e4iri\u00f6it\u00e4, ja kaupalliset lennot saattavat keskeyty\u00e4 ilman ennakkovaroitusta.<\/p>\n<p class=\"article-body mb-nof-24 px-nof-16\">Maassaolevia ministeri\u00f6 neuvoo v\u00e4ltt\u00e4m\u00e4\u00e4n suuria kokoontumisia tai mielenosoituksia. Mielenosoitukset voivat muuttua v\u00e4kivaltaisiksi hyvin nopeasti ja johtaa yhteenottoihin poliisin ja armeijan kanssa.<\/p>\n<p class=\"article-body mb-nof-24 px-nof-16\">Venezuela on viime kuukausina ollut paljon uutisotsikoissa, kun Yhdysvallat on kohdistanut sotilaallista painetta maata vastaan. <a class=\"article-genericlink\" href=\"https:\/\/www.hs.fi\/maailma\/art-2000011656550.html\" rel=\"nofollow noopener\" target=\"_blank\">Viime perjantaina<\/a> Yhdysvaltain presidentti <a class=\"article-personlink\" href=\"https:\/\/www.hs.fi\/haku\/?query=Donald%20Trump\" rel=\"nofollow noopener\" target=\"_blank\">Donald Trump<\/a> uhkasi aloittavansa pian sotilaalliset toimet Venezuelan maaper\u00e4ll\u00e4.<\/p>\n<p class=\"article-body mb-nof-24 px-nof-16\"><a class=\"article-genericlink\" href=\"https:\/\/www.hs.fi\/maailma\/art-2000011659415.html\" rel=\"nofollow noopener\" target=\"_blank\">Viikonloppuna<\/a> Trump vaati, ett\u00e4 Venezuelan ilmatila suljetaan.<\/p>\n<p class=\"article-body mb-nof-24 px-nof-16\">Trump on aiemmin tehnyt selv\u00e4ksi haluavansa syrj\u00e4ytt\u00e4\u00e4 maan diktaattori <a class=\"article-personlink\" href=\"https:\/\/www.hs.fi\/haku\/?query=Nicol%C3%A1s%20Maduron\" rel=\"nofollow noopener\" target=\"_blank\">Nicol\u00e1s Maduron<\/a>, joka on ohjannut Venezuelan hallintoa autoritaariseen suuntaan ja h\u00e4nen kaudellaan maa on k\u00e4rsinyt pahoista talousvaikeuksista.<\/p>\n<p class=\"article-body mb-nof-24 px-nof-16\">Yhdysvallat on kohdistanut Venezuelaan vahvoja pakotteita. Yhdysvallat syytt\u00e4\u00e4 maan hallintoa ihmisoikeusloukkauksista, huumekaupasta ja korruptiosta.<\/p>\n<p class=\"article-body mb-nof-24 px-nof-16\">Yhdysvallat on keskitt\u00e4nyt sotavoimiaan Venezuelan l\u00e4hialueille Karibianmerell\u00e4. Se on iskenyt v\u00e4itettyj\u00e4 huumeveneit\u00e4 vastaan. Iskuissa on kuollut kymmeni\u00e4 ihmisi\u00e4.<\/p>\n","protected":false},"excerpt":{"rendered":"Matkustus|Venezuelassa on muun muassa tehty ulkomaalaisiin kohdistuvia joukkopid\u00e4tyksi\u00e4. Lue tiivistelm\u00e4 Tiivistelm\u00e4 on teko\u00e4lyn tekem\u00e4 ja ihmisen tarkistama. Ulkoministeri\u00f6&hellip;\n","protected":false},"author":2,"featured_media":96697,"comment_status":"","ping_status":"","sticky":false,"template":"","format":"standard","meta":{"footnotes":""},"categories":[14],"tags":[22,23,26,27,33,31,30,17,46,24,25,28,29,15,18,21,32,19,20,56,16,59,60,61],"class_list":{"0":"post-105870","1":"post","2":"type-post","3":"status-publish","4":"format-standard","5":"has-post-thumbnail","7":"category-ulkomaat","8":"tag-breaking-news","9":"tag-breakingnews","10":"tag-featured-news","11":"tag-featurednews","12":"tag-fi","13":"tag-finland","14":"tag-finnish","15":"tag-headlines","16":"tag-helsingin-sanomat","17":"tag-latest-news","18":"tag-latestnews","19":"tag-main-news","20":"tag-mainnews","21":"tag-news","22":"tag-otsikot","23":"tag-paauutiset","24":"tag-suomi","25":"tag-top-stories","26":"tag-topstories","27":"tag-ulkomaat","28":"tag-uutiset","29":"tag-world","30":"tag-world-news","31":"tag-worldnews"},"share_on_mastodon":{"url":"https:\/\/pubeurope.com\/@fi\/115651097789442565","error":""},"_links":{"self":[{"href":"https:\/\/www.europesays.com\/fi\/wp-json\/wp\/v2\/posts\/105870","targetHints":{"allow":["GET"]}}],"collection":[{"href":"https:\/\/www.europesays.com\/fi\/wp-json\/wp\/v2\/posts"}],"about":[{"href":"https:\/\/www.europesays.com\/fi\/wp-json\/wp\/v2\/types\/post"}],"author":[{"embeddable":true,"href":"https:\/\/www.europesays.com\/fi\/wp-json\/wp\/v2\/users\/2"}],"replies":[{"embeddable":true,"href":"https:\/\/www.europesays.com\/fi\/wp-json\/wp\/v2\/comments?post=105870"}],"version-history":[{"count":0,"href":"https:\/\/www.europesays.com\/fi\/wp-json\/wp\/v2\/posts\/105870\/revisions"}],"wp:featuredmedia":[{"embeddable":true,"href":"https:\/\/www.europesays.com\/fi\/wp-json\/wp\/v2\/media\/96697"}],"wp:attachment":[{"href":"https:\/\/www.europesays.com\/fi\/wp-json\/wp\/v2\/media?parent=105870"}],"wp:term":[{"taxonomy":"category","embeddable":true,"href":"https:\/\/www.europesays.com\/fi\/wp-json\/wp\/v2\/categories?post=105870"},{"taxonomy":"post_tag","embeddable":true,"href":"https:\/\/www.europesays.com\/fi\/wp-json\/wp\/v2\/tags?post=105870"}],"curies":[{"name":"wp","href":"https:\/\/api.w.org\/{rel}","templated":true}]}}