{"id":105881,"date":"2025-12-02T17:30:10","date_gmt":"2025-12-02T17:30:10","guid":{"rendered":"https:\/\/www.europesays.com\/fi\/105881\/"},"modified":"2025-12-02T17:30:10","modified_gmt":"2025-12-02T17:30:10","slug":"vuoden-sana-on-valittu-se-on-luultavasti-myos-sinulle-tuttu","status":"publish","type":"post","link":"https:\/\/www.europesays.com\/fi\/105881\/","title":{"rendered":"Vuoden sana on valittu &#8211; se on luultavasti my\u00f6s sinulle tuttu"},"content":{"rendered":"<p>Oxfordin sanakirja on j\u00e4lleen valinnut vuoden sanan. T\u00e4n\u00e4 vuonna tittelin sai itselleen rage bait, joka on tuttu varmasti jokaiselle, joka viett\u00e4\u00e4 aikaansa sosiaalisessa mediassa. Suomeksi sanan voisi k\u00e4\u00e4nt\u00e4\u00e4 \u201draivosy\u00f6tiksi\u201d.<\/p>\n<p>Rage bait -sanalla viitataan k\u00e4yt\u00e4nn\u00f6ss\u00e4 sellaiseen netiss\u00e4 n\u00e4ht\u00e4v\u00e4\u00e4n sis\u00e4lt\u00f6\u00f6n, joka saattaa aiheuttaa k\u00e4ytt\u00e4j\u00e4ss\u00e4 vihaa tai \u00e4rsytyst\u00e4. Se on er\u00e4\u00e4nlainen manipulaatiotaktiikka, joka saa k\u00e4ytt\u00e4j\u00e4n viett\u00e4m\u00e4\u00e4n ehk\u00e4 entist\u00e4 enemm\u00e4n aikaa verkossa ja verkkokeskusteluissa, eli toisin sanoen sitouttaa k\u00e4ytt\u00e4j\u00e4\u00e4 entist\u00e4 vahvemmin n\u00e4kem\u00e4\u00e4ns\u00e4 sis\u00e4lt\u00f6\u00f6n. <\/p>\n<p>Lue my\u00f6s: <a href=\"https:\/\/www.voice.fi\/hyvinvointi\/a-168548\" title=\"Sosiaalisen median negatiiviset vaikutukset mielenterveyteen listattiin \u2013 lue 5 kohtaa\" class=\"underline-custom !font-montserrat !font-bold !underline-offset-4 !decoration-4 !decoration-tilt-light !text-md\" rel=\"nofollow noopener\" target=\"_blank\">Sosiaalisen median negatiiviset vaikutukset mielenterveyteen listattiin \u2013 lue 5 kohtaa<\/a><\/p>\n<p>BBC:n mukaan sen k\u00e4ytt\u00f6 on kolminkertaistunut viimeisen 12 kuukauden aikana. <\/p>\n<p>Vaikka rage bait sis\u00e4lt\u00e4\u00e4 kaksi sanaa, sopii se Oxfordin sanakirjan m\u00e4\u00e4ritelmien mukaan vuoden sanaksi. Kyseess\u00e4 on kuitenkin sanapari, jonka ymm\u00e4rr\u00e4mme yhten\u00e4 merkitysyksikk\u00f6n\u00e4. Rage baitin lis\u00e4ksi k\u00e4rkikolmikkoon p\u00e4\u00e4siv\u00e4t sanat aura farming sek\u00e4 biohack. <\/p>\n<p>Lue my\u00f6s: <a href=\"https:\/\/www.voice.fi\/hyvinvointi\/a-133503\" title=\"Tutkimus: Sosiaalinen media voi paljastaa masennuksen tai skitsofrenian ensimerkit\" class=\"underline-custom !font-montserrat !font-bold !underline-offset-4 !decoration-4 !decoration-tilt-light !text-md\" rel=\"nofollow noopener\" target=\"_blank\">Tutkimus: Sosiaalinen media voi paljastaa masennuksen tai skitsofrenian ensimerkit<\/a><\/p>\n<p>L\u00e4hde: <a href=\"https:\/\/www.bbc.com\/news\/articles\/cewjxqvqzgyo\" rel=\"nofollow noopener\" target=\"_blank\">BBC<\/a><\/p>\n","protected":false},"excerpt":{"rendered":"Oxfordin sanakirja on j\u00e4lleen valinnut vuoden sanan. T\u00e4n\u00e4 vuonna tittelin sai itselleen rage bait, joka on tuttu varmasti&hellip;\n","protected":false},"author":2,"featured_media":105882,"comment_status":"","ping_status":"","sticky":false,"template":"","format":"standard","meta":{"footnotes":""},"categories":[133],"tags":[2326,137,33,31,30,19933,19934,32,206,156,109,19935],"class_list":{"0":"post-105881","1":"post","2":"type-post","3":"status-publish","4":"format-standard","5":"has-post-thumbnail","7":"category-televisiot","8":"tag-bbc","9":"tag-entertainment","10":"tag-fi","11":"tag-finland","12":"tag-finnish","13":"tag-oxfordin-sanakirja","14":"tag-rage-bait","15":"tag-suomi","16":"tag-televisiot","17":"tag-tv","18":"tag-viihde","19":"tag-vuoden-sana"},"share_on_mastodon":{"url":"https:\/\/pubeurope.com\/@fi\/115651164379454623","error":""},"_links":{"self":[{"href":"https:\/\/www.europesays.com\/fi\/wp-json\/wp\/v2\/posts\/105881","targetHints":{"allow":["GET"]}}],"collection":[{"href":"https:\/\/www.europesays.com\/fi\/wp-json\/wp\/v2\/posts"}],"about":[{"href":"https:\/\/www.europesays.com\/fi\/wp-json\/wp\/v2\/types\/post"}],"author":[{"embeddable":true,"href":"https:\/\/www.europesays.com\/fi\/wp-json\/wp\/v2\/users\/2"}],"replies":[{"embeddable":true,"href":"https:\/\/www.europesays.com\/fi\/wp-json\/wp\/v2\/comments?post=105881"}],"version-history":[{"count":0,"href":"https:\/\/www.europesays.com\/fi\/wp-json\/wp\/v2\/posts\/105881\/revisions"}],"wp:featuredmedia":[{"embeddable":true,"href":"https:\/\/www.europesays.com\/fi\/wp-json\/wp\/v2\/media\/105882"}],"wp:attachment":[{"href":"https:\/\/www.europesays.com\/fi\/wp-json\/wp\/v2\/media?parent=105881"}],"wp:term":[{"taxonomy":"category","embeddable":true,"href":"https:\/\/www.europesays.com\/fi\/wp-json\/wp\/v2\/categories?post=105881"},{"taxonomy":"post_tag","embeddable":true,"href":"https:\/\/www.europesays.com\/fi\/wp-json\/wp\/v2\/tags?post=105881"}],"curies":[{"name":"wp","href":"https:\/\/api.w.org\/{rel}","templated":true}]}}