{"id":105889,"date":"2025-12-02T17:39:08","date_gmt":"2025-12-02T17:39:08","guid":{"rendered":"https:\/\/www.europesays.com\/fi\/105889\/"},"modified":"2025-12-02T17:39:08","modified_gmt":"2025-12-02T17:39:08","slug":"venajan-presidentti-putin-uhosi-euroopalle-ennen-tapaamistaan-witkoffin-kanssa-uutissuomalainen","status":"publish","type":"post","link":"https:\/\/www.europesays.com\/fi\/105889\/","title":{"rendered":"Ven\u00e4j\u00e4n presidentti Putin uhosi Euroopalle ennen tapaamistaan Witkoffin kanssa | Uutissuomalainen"},"content":{"rendered":"<p>Ven\u00e4j\u00e4n presidentti Vladimir Putin uhitteli Euroopan suuntaan ennen tapaamistaan Yhdysvaltain erityisl\u00e4hettil\u00e4\u00e4n Steve Witkoffin kanssa.<\/p>\n<p>Putin sanoi Ven\u00e4j\u00e4n olevan valmis sotaan Eurooppaa vastaan, jos Eurooppa sellaista haluaa tai sellaisen aloittaa. Putinin mukaan Ven\u00e4j\u00e4 ei kuitenkaan suunnittele sotaa Euroopan kanssa.<\/p>\n<p>Putin v\u00e4itti Euroopan yritt\u00e4neen vesitt\u00e4\u00e4 Yhdysvaltain pyrkimyksi\u00e4 solmia rauha Ukrainaan.<\/p>\n<p>\u2013\u2009Heill\u00e4 ei ole rauhanomaista agendaa, he ovat sodan puolella, Putin sanoi.<\/p>\n<p>Putinin on m\u00e4\u00e4r\u00e4 tavata tiistaina Moskovassa Witkoff sek\u00e4 Yhdysvaltain presidentin Donald Trumpin v\u00e4vy Jared Kushner. Tapaamisessa on tarkoitus keskustella rauhan sopimisesta Ukrainaan.<\/p>\n<p>Tapaamisen oli tarkoitus alkaa nelj\u00e4lt\u00e4 Suomen aikaa iltap\u00e4iv\u00e4ll\u00e4, mutta yhdysvaltalaismedia <a href=\"https:\/\/edition.cnn.com\/world\/live-news\/trump-ukraine-russia-venezuela-12-02-2025?post-id=cmiop7qtg000n3b6poomzzahv\" rel=\"nofollow noopener\" target=\"_blank\">CNN:n<\/a> mukaan Putin antoi yhdysvaltalaisdelegaation odottaa. H\u00e4n puhui talousfoorumissa ja suuntasi kohti neuvotteluja noin kaksi tuntia alkuper\u00e4isest\u00e4 alkamisajasta my\u00f6h\u00e4ss\u00e4.<\/p>\n<p>\t\t\t\tZelenskyi linjasi kolme t\u00e4rke\u00e4\u00e4 kohtaa<\/p>\n<p>Ukrainan presidentti Volodymyr Zelenskyi nimesi kolme rauhanneuvotteluiden avainkohtaa vieraillessaan Irlannissa tiistaina.<\/p>\n<p>Britannian yleisradioyhti\u00f6 <a href=\"https:\/\/www.bbc.com\/news\/live\/cwypq7xjvdqt\" rel=\"nofollow noopener\" target=\"_blank\">BBC:n<\/a> mukaan Zelenskyi sanoi rauhanneuvotteluiden hankalimpien kohtien liittyv\u00e4n aluekysymyksiin, Euroopassa j\u00e4\u00e4dytettyihin ven\u00e4l\u00e4isvaroihin sek\u00e4 Ukrainalle annettaviin turvatakuisiin.<\/p>\n<p>Zelenskyi sanoi ennen Irlannin-vierailuaan sosiaalisessa mediassa, ett\u00e4 Yhdysvaltain kanssa k\u00e4yt\u00e4v\u00e4t neuvottelut ovat Ven\u00e4j\u00e4lle vain tekosyy, jonka varjolla maa tavoittelee kevennyksi\u00e4 l\u00e4nnen pakotteisiin.<\/p>\n<p>Zelenskyin mukaan Ven\u00e4j\u00e4 ei ole kiinnostunut rauhan saamisesta Ukrainaan.<\/p>\n<p>\t\t\t\tYhdysvaltain hallinto optimistinen<\/p>\n<p>Valkoisen talon mukaan Yhdysvaltain hallinto on optimistinen neuvotteluiden suhteen. Valkoisen talon tiedottaja Karoline Leavitt kommentoi asiaa toimittajille maanantaina paikallista aikaa.<\/p>\n<p>Leavittin mukaan presidentti Trump on tiimins\u00e4 kanssa ty\u00f6skennellyt kovasti rauhansuunnitelman eteen ja he todella toivovat sodan loppuvan.<\/p>\n<p>\u2013\u2009Juuri eilen&#8230; heill\u00e4 oli todella hedelm\u00e4llinen keskustelu ukrainalaisten kanssa Floridassa, ja nyt erityisl\u00e4hettil\u00e4s Witkoff on tietysti matkalla Ven\u00e4j\u00e4lle, Leavitt sanoi.<\/p>\n<p>Maanantaina hieman ennen l\u00e4ht\u00f6\u00e4\u00e4n Moskovaan Witkoff tapasi Ukrainan p\u00e4\u00e4neuvottelijan Rustem Umjerovin, kertoivat uutistoimisto AFP:n viranomaisl\u00e4hteet. Maiden valtuuskunnat tapasivat Floridassa my\u00f6s sunnuntaina.<\/p>\n<p>Witkoff on tavannut Putinin Kremliss\u00e4 useita kertoja, ja h\u00e4nt\u00e4 on kritisoitu Ven\u00e4j\u00e4n my\u00f6t\u00e4ilyst\u00e4. Putinin mukaan Ukrainan on luovutettava Ven\u00e4j\u00e4lle ne alueet, joita Ven\u00e4j\u00e4 pit\u00e4\u00e4 ominaan, vaikka ei tosiasiassa edes hallitse niit\u00e4 kaikkia.\u2028 <\/p>\n","protected":false},"excerpt":{"rendered":"Ven\u00e4j\u00e4n presidentti Vladimir Putin uhitteli Euroopan suuntaan ennen tapaamistaan Yhdysvaltain erityisl\u00e4hettil\u00e4\u00e4n Steve Witkoffin kanssa. Putin sanoi Ven\u00e4j\u00e4n olevan&hellip;\n","protected":false},"author":2,"featured_media":105890,"comment_status":"","ping_status":"","sticky":false,"template":"","format":"standard","meta":{"footnotes":""},"categories":[14],"tags":[2326,22,23,2267,26,27,33,31,30,17,24,25,28,29,2325,15,18,21,637,144,32,19,20,549,56,16,2257,59,60,61],"class_list":{"0":"post-105889","1":"post","2":"type-post","3":"status-publish","4":"format-standard","5":"has-post-thumbnail","7":"category-ulkomaat","8":"tag-bbc","9":"tag-breaking-news","10":"tag-breakingnews","11":"tag-eurooppa","12":"tag-featured-news","13":"tag-featurednews","14":"tag-fi","15":"tag-finland","16":"tag-finnish","17":"tag-headlines","18":"tag-latest-news","19":"tag-latestnews","20":"tag-main-news","21":"tag-mainnews","22":"tag-moskova-venaja","23":"tag-news","24":"tag-otsikot","25":"tag-paauutiset","26":"tag-politiikka","27":"tag-presidentti","28":"tag-suomi","29":"tag-top-stories","30":"tag-topstories","31":"tag-ukrainan-sota","32":"tag-ulkomaat","33":"tag-uutiset","34":"tag-vladimir-putin","35":"tag-world","36":"tag-world-news","37":"tag-worldnews"},"share_on_mastodon":{"url":"https:\/\/pubeurope.com\/@fi\/115651199975130163","error":""},"_links":{"self":[{"href":"https:\/\/www.europesays.com\/fi\/wp-json\/wp\/v2\/posts\/105889","targetHints":{"allow":["GET"]}}],"collection":[{"href":"https:\/\/www.europesays.com\/fi\/wp-json\/wp\/v2\/posts"}],"about":[{"href":"https:\/\/www.europesays.com\/fi\/wp-json\/wp\/v2\/types\/post"}],"author":[{"embeddable":true,"href":"https:\/\/www.europesays.com\/fi\/wp-json\/wp\/v2\/users\/2"}],"replies":[{"embeddable":true,"href":"https:\/\/www.europesays.com\/fi\/wp-json\/wp\/v2\/comments?post=105889"}],"version-history":[{"count":0,"href":"https:\/\/www.europesays.com\/fi\/wp-json\/wp\/v2\/posts\/105889\/revisions"}],"wp:featuredmedia":[{"embeddable":true,"href":"https:\/\/www.europesays.com\/fi\/wp-json\/wp\/v2\/media\/105890"}],"wp:attachment":[{"href":"https:\/\/www.europesays.com\/fi\/wp-json\/wp\/v2\/media?parent=105889"}],"wp:term":[{"taxonomy":"category","embeddable":true,"href":"https:\/\/www.europesays.com\/fi\/wp-json\/wp\/v2\/categories?post=105889"},{"taxonomy":"post_tag","embeddable":true,"href":"https:\/\/www.europesays.com\/fi\/wp-json\/wp\/v2\/tags?post=105889"}],"curies":[{"name":"wp","href":"https:\/\/api.w.org\/{rel}","templated":true}]}}