{"id":105893,"date":"2025-12-02T17:41:09","date_gmt":"2025-12-02T17:41:09","guid":{"rendered":"https:\/\/www.europesays.com\/fi\/105893\/"},"modified":"2025-12-02T17:41:09","modified_gmt":"2025-12-02T17:41:09","slug":"hegseth-voi-joutua-tappokaskysta-vastuuseen","status":"publish","type":"post","link":"https:\/\/www.europesays.com\/fi\/105893\/","title":{"rendered":"Hegseth voi joutua tappok\u00e4skyst\u00e4 vastuuseen"},"content":{"rendered":"<p>P\u00e4\u00e4kirjoitus|Yhdysvallat tappaa ulkomaiden kansalaisia ilman oikeudenk\u00e4ynti\u00e4 avomerell\u00e4 kuin uhrit olisivat sodassa taistelevia sotilaita.<\/p>\n<p class=\"article-body mb-nof-24 px-nof-16\">Yhdysvaltojen presidentin Donald Trumpin hallinto on sirkus, jonka yht\u00e4 esiintyj\u00e4\u00e4 ep\u00e4ill\u00e4\u00e4n nyt sotarikoksesta. Pete Hegseth kutsuu itse\u00e4\u00e4n mieluummin sotaministeriksi kuin Yhdysvaltojen puolustusministeriksi. Voi olla, ettei h\u00e4nell\u00e4 kohta ole titteli\u00e4 lainkaan.<\/p>\n<p class=\"article-body mb-nof-24 px-nof-16\">The Washington Post -lehden mukaan <a class=\"article-genericlink\" href=\"https:\/\/www.hs.fi\/maailma\/art-2000011661266.html\" rel=\"nofollow noopener\" target=\"_blank\">Hegseth on mahdollisesti syyllistynyt sotarikokseen<\/a> m\u00e4\u00e4r\u00e4tess\u00e4\u00e4n tappamaan kaikki ep\u00e4illyt huumesalakuljettajat ilmaiskussa veneeseen Trinidadin rannikolla. Hegsethin k\u00e4sky olisi kuulunut, ettei ket\u00e4\u00e4n j\u00e4tet\u00e4 henkiin.<\/p>\n<p class=\"article-body mb-nof-24 px-nof-16\">Ensimm\u00e4isest\u00e4 iskusta j\u00e4i eloon kaksi ihmist\u00e4. N\u00e4m\u00e4 roikkuivat merih\u00e4d\u00e4ss\u00e4 pikaveneen j\u00e4\u00e4nteiss\u00e4. Sitten heid\u00e4tkin tapettiin. Kyse on puolustuskyvytt\u00f6mien tarkoituksellisesta tappamisesta, ja se on sotarikos. Mit\u00e4 ilmeisimmin iskuista on video.<\/p>\n<p class=\"article-body mb-nof-24 px-nof-16\">Yhdysvaltojen asevoimat on pitkin syksy\u00e4 iskenyt kiistanalaisessa operaatiossa ep\u00e4iltyihin huumeveneisiin Karibialla ja Tyynell\u00e4merell\u00e4. Iskuissa on kuollut ainakin 83 ihmist\u00e4. Iskut ovat kansainv\u00e4lisen oikeuden vastaisia ja niiden oikeudellinen perusta on Yhdysvaltojen omien lakienkin mukaan v\u00e4hint\u00e4\u00e4n ep\u00e4selv\u00e4.<\/p>\n<p class=\"article-body mb-nof-24 px-nof-16\">Tilanne on vastenmielinen. Yhdysvallat tappaa ulkomaiden kansalaisia ilman oikeudenk\u00e4ynti\u00e4 avomerell\u00e4 kuin uhrit olisivat sodassa taistelevia sotilaita.<\/p>\n<p class=\"article-body mb-nof-24 px-nof-16\">Trump on nyt ottanut et\u00e4isyytt\u00e4 Hegsethiin sanomalla, ettei itse olisi halunnut toista iskua eloonj\u00e4\u00e4neit\u00e4 vastaan. Kongressin j\u00e4senet molemmista puolueista vaativat iskuista selvityst\u00e4, ja senaatissa republikaaneja edustava asevoimavaliokunnan puheenjohtaja Roger Wicker ilmoitti virallisesta tutkinnasta. On silti ep\u00e4selv\u00e4\u00e4, ajavatko edes demokraatit Hegsethi\u00e4 vastaan virkarikostutkintaa.<\/p>\n<p class=\"article-body mb-nof-24 px-nof-16\">Amiraali Frank M. Bradleysta tehd\u00e4\u00e4n vauhdilla syntipukkia, sill\u00e4 h\u00e4n m\u00e4\u00e4r\u00e4si toisen iskun toteuttaakseen Hegsethin k\u00e4skyn tappaa kaikki. Jos sotilashallinnossa on viel\u00e4 ammattilaisia, k\u00e4skyketjut on taltioitu, joten ne voidaan my\u00f6s tutkia.<\/p>\n<p class=\"article-body mb-nof-24 px-nof-16\">Karibian veneiskuissa kyse ei tietenk\u00e4\u00e4n ole yksitt\u00e4isest\u00e4 ylily\u00f6nnist\u00e4 tai sotilaiden sooloilusta vaan Trumpin hallinnon tavasta toimia. Laajempi laittomuus on kuitenkin vaikeampi hahmottaa kuin merih\u00e4d\u00e4ss\u00e4 olevien harkittu tappaminen. Siksi tapaus saatetaan tutkia, ja joku voi joutua siit\u00e4 jopa vastuuseen.<\/p>\n","protected":false},"excerpt":{"rendered":"P\u00e4\u00e4kirjoitus|Yhdysvallat tappaa ulkomaiden kansalaisia ilman oikeudenk\u00e4ynti\u00e4 avomerell\u00e4 kuin uhrit olisivat sodassa taistelevia sotilaita. Yhdysvaltojen presidentin Donald Trumpin hallinto&hellip;\n","protected":false},"author":2,"featured_media":16822,"comment_status":"","ping_status":"","sticky":false,"template":"","format":"standard","meta":{"footnotes":""},"categories":[5],"tags":[22,23,26,27,33,31,30,17,46,24,25,28,29,15,18,21,32,19,20,16],"class_list":{"0":"post-105893","1":"post","2":"type-post","3":"status-publish","4":"format-standard","5":"has-post-thumbnail","7":"category-otsikot","8":"tag-breaking-news","9":"tag-breakingnews","10":"tag-featured-news","11":"tag-featurednews","12":"tag-fi","13":"tag-finland","14":"tag-finnish","15":"tag-headlines","16":"tag-helsingin-sanomat","17":"tag-latest-news","18":"tag-latestnews","19":"tag-main-news","20":"tag-mainnews","21":"tag-news","22":"tag-otsikot","23":"tag-paauutiset","24":"tag-suomi","25":"tag-top-stories","26":"tag-topstories","27":"tag-uutiset"},"share_on_mastodon":{"url":"https:\/\/pubeurope.com\/@fi\/115651207697868197","error":""},"_links":{"self":[{"href":"https:\/\/www.europesays.com\/fi\/wp-json\/wp\/v2\/posts\/105893","targetHints":{"allow":["GET"]}}],"collection":[{"href":"https:\/\/www.europesays.com\/fi\/wp-json\/wp\/v2\/posts"}],"about":[{"href":"https:\/\/www.europesays.com\/fi\/wp-json\/wp\/v2\/types\/post"}],"author":[{"embeddable":true,"href":"https:\/\/www.europesays.com\/fi\/wp-json\/wp\/v2\/users\/2"}],"replies":[{"embeddable":true,"href":"https:\/\/www.europesays.com\/fi\/wp-json\/wp\/v2\/comments?post=105893"}],"version-history":[{"count":0,"href":"https:\/\/www.europesays.com\/fi\/wp-json\/wp\/v2\/posts\/105893\/revisions"}],"wp:featuredmedia":[{"embeddable":true,"href":"https:\/\/www.europesays.com\/fi\/wp-json\/wp\/v2\/media\/16822"}],"wp:attachment":[{"href":"https:\/\/www.europesays.com\/fi\/wp-json\/wp\/v2\/media?parent=105893"}],"wp:term":[{"taxonomy":"category","embeddable":true,"href":"https:\/\/www.europesays.com\/fi\/wp-json\/wp\/v2\/categories?post=105893"},{"taxonomy":"post_tag","embeddable":true,"href":"https:\/\/www.europesays.com\/fi\/wp-json\/wp\/v2\/tags?post=105893"}],"curies":[{"name":"wp","href":"https:\/\/api.w.org\/{rel}","templated":true}]}}