{"id":105894,"date":"2025-12-02T17:53:08","date_gmt":"2025-12-02T17:53:08","guid":{"rendered":"https:\/\/www.europesays.com\/fi\/105894\/"},"modified":"2025-12-02T17:53:08","modified_gmt":"2025-12-02T17:53:08","slug":"tilipaiva-nain-paljon-superyllattaja-sonja-leinamo-23-tienaa-sensaatiostaan","status":"publish","type":"post","link":"https:\/\/www.europesays.com\/fi\/105894\/","title":{"rendered":"Tilip\u00e4iv\u00e4! N\u00e4in paljon superyll\u00e4tt\u00e4j\u00e4 Sonja Leinamo, 23, tienaa sensaatiostaan"},"content":{"rendered":"<p>Sonja Leinamolla on tilip\u00e4iv\u00e4.<\/p>\n<p class=\"article-body mb-nof-24 px-nof-16\">Suomalainen ampumahiiht\u00e4j\u00e4 <a class=\"article-personlink\" href=\"https:\/\/www.is.fi\/haku\/?query=Sonja%20Leinamo\" rel=\"nofollow noopener\" target=\"_blank\">Sonja Leinamo<\/a>, 23, pamautti kovan luokan sensaation tiistaina \u00d6stersundin maailmancupissa.<\/p>\n<p class=\"article-body mb-nof-24 px-nof-16\">Leinamo tuli toiseksi naisten 15 kilometrin kilpailussa. Italian <a class=\"article-personlink\" href=\"https:\/\/www.is.fi\/haku\/?query=Dorothea%20Wierer\" rel=\"nofollow noopener\" target=\"_blank\">Dorothea Wierer<\/a> vei voiton suomalaisen nen\u00e4n edest\u00e4 vain 0,3 sekunnin erolla. Kilpailu oli silti uskomaton onnistuminen Leinamolta.<\/p>\n<p class=\"article-body mb-nof-24 px-nof-16\">Kakkossija tarkoittaa Leinamolle tilip\u00e4iv\u00e4\u00e4.<\/p>\n<p class=\"article-body mb-nof-24 px-nof-16\">IBU:n palkintorahataulukon mukaan henkil\u00f6kohtaisten kilpailujen kakkoselle jaetaan maailmancupissa 16\u202f000 euroa. Voitosta irtoaa 20\u202f000 euroa.<\/p>\n<p class=\"article-body mb-nof-24 px-nof-16\">Tiistaina \u00d6stersundissa hiihdettiin maailmancupin kauden ensimm\u00e4inen henkil\u00f6kohtainen kisa.<\/p>\n<p class=\"article-body mb-nof-24 px-nof-16\">Suomea edustivat Leinamon lis\u00e4ksi <a class=\"article-personlink\" href=\"https:\/\/www.is.fi\/haku\/?query=Suvi%20Minkkinen\" rel=\"nofollow noopener\" target=\"_blank\">Suvi Minkkinen<\/a>, <a class=\"article-personlink\" href=\"https:\/\/www.is.fi\/haku\/?query=Venla%20Lehtonen\" rel=\"nofollow noopener\" target=\"_blank\">Venla Lehtonen<\/a>, <a class=\"article-personlink\" href=\"https:\/\/www.is.fi\/haku\/?query=Inka%20H%C3%A4m%C3%A4l%C3%A4inen\" rel=\"nofollow noopener\" target=\"_blank\">Inka H\u00e4m\u00e4l\u00e4inen<\/a> ja <a class=\"article-personlink\" href=\"https:\/\/www.is.fi\/haku\/?query=Noora%20Kaisa%20Ker%C3%A4nen\" rel=\"nofollow noopener\" target=\"_blank\">Noora Kaisa Ker\u00e4nen<\/a>.<\/p>\n","protected":false},"excerpt":{"rendered":"Sonja Leinamolla on tilip\u00e4iv\u00e4. Suomalainen ampumahiiht\u00e4j\u00e4 Sonja Leinamo, 23, pamautti kovan luokan sensaation tiistaina \u00d6stersundin maailmancupissa. Leinamo tuli&hellip;\n","protected":false},"author":2,"featured_media":105895,"comment_status":"","ping_status":"","sticky":false,"template":"","format":"standard","meta":{"footnotes":""},"categories":[136],"tags":[407,137,33,31,30,34,408,32,109],"class_list":{"0":"post-105894","1":"post","2":"type-post","3":"status-publish","4":"format-standard","5":"has-post-thumbnail","7":"category-julkkikset","8":"tag-celebrities","9":"tag-entertainment","10":"tag-fi","11":"tag-finland","12":"tag-finnish","13":"tag-ilta-sanomat","14":"tag-julkkikset","15":"tag-suomi","16":"tag-viihde"},"share_on_mastodon":{"url":"https:\/\/pubeurope.com\/@fi\/115651254892162016","error":""},"_links":{"self":[{"href":"https:\/\/www.europesays.com\/fi\/wp-json\/wp\/v2\/posts\/105894","targetHints":{"allow":["GET"]}}],"collection":[{"href":"https:\/\/www.europesays.com\/fi\/wp-json\/wp\/v2\/posts"}],"about":[{"href":"https:\/\/www.europesays.com\/fi\/wp-json\/wp\/v2\/types\/post"}],"author":[{"embeddable":true,"href":"https:\/\/www.europesays.com\/fi\/wp-json\/wp\/v2\/users\/2"}],"replies":[{"embeddable":true,"href":"https:\/\/www.europesays.com\/fi\/wp-json\/wp\/v2\/comments?post=105894"}],"version-history":[{"count":0,"href":"https:\/\/www.europesays.com\/fi\/wp-json\/wp\/v2\/posts\/105894\/revisions"}],"wp:featuredmedia":[{"embeddable":true,"href":"https:\/\/www.europesays.com\/fi\/wp-json\/wp\/v2\/media\/105895"}],"wp:attachment":[{"href":"https:\/\/www.europesays.com\/fi\/wp-json\/wp\/v2\/media?parent=105894"}],"wp:term":[{"taxonomy":"category","embeddable":true,"href":"https:\/\/www.europesays.com\/fi\/wp-json\/wp\/v2\/categories?post=105894"},{"taxonomy":"post_tag","embeddable":true,"href":"https:\/\/www.europesays.com\/fi\/wp-json\/wp\/v2\/tags?post=105894"}],"curies":[{"name":"wp","href":"https:\/\/api.w.org\/{rel}","templated":true}]}}