{"id":105896,"date":"2025-12-02T17:56:12","date_gmt":"2025-12-02T17:56:12","guid":{"rendered":"https:\/\/www.europesays.com\/fi\/105896\/"},"modified":"2025-12-02T17:56:12","modified_gmt":"2025-12-02T17:56:12","slug":"pumpulimaailmassa-viihtyvat-aiti-ja-tytar-sanna-ja-milla-torhonen-matkustavat-uudessa-tositelevisiosarjassa-saimme-kuitenkin-kokea-aivan-mielettomia-aktiviteetteja","status":"publish","type":"post","link":"https:\/\/www.europesays.com\/fi\/105896\/","title":{"rendered":"\u201cPumpulimaailmassa\u201d viihtyv\u00e4t \u00e4iti ja tyt\u00e4r, Sanna ja Milla T\u00f6rh\u00f6nen matkustavat uudessa tositelevisiosarjassa -\u201cSaimme kuitenkin kokea aivan mielett\u00f6mi\u00e4 aktiviteetteja\u201d"},"content":{"rendered":"<p>Katja Lehtinen 2.12.2025<\/p>\n<p> <a href=\"https:\/\/kangasalansanomat.fi\/wp-content\/uploads\/Marrakech_Marokko-6_mtv3-1200x800.jpg\" title=\"Marrakech,_Marokko-6_mtv3\" rel=\"nofollow noopener\" target=\"_blank\"><img loading=\"lazy\" width=\"600\" height=\"400\" src=\"https:\/\/www.europesays.com\/fi\/wp-content\/uploads\/2025\/12\/Marrakech_Marokko-6_mtv3-600x400.jpg\" alt=\"Milla ja Sanna T\u00f6rh\u00f6nen reissasivat kes\u00e4ll\u00e4 yhteens\u00e4 viisi...\" itemprop=\"image\" decoding=\"async\"  \/><\/a>Milla ja Sanna T\u00f6rh\u00f6nen reissasivat kes\u00e4ll\u00e4 yhteens\u00e4 viisi viikkoa Lomalle Lompsis -ohjelman merkeiss\u00e4. Marokon Marrakeshissa heit\u00e4 vieh\u00e4ttiv\u00e4t aavikolla vierailu sek\u00e4 ihanat ruoat, mutta toiste he eiv\u00e4t aio paikkaan menn\u00e4. Kuva: MTV3<\/p>\n<p>Marraskuussa MTV-kanavalla alkoi tositelevisio-ohjelma Lomalle Lompsis, jossa niin sanotut tavalliset ihmiset arvioivat lomakohteita. Kangasalalaiset <strong>Sanna<\/strong>\u2026<\/p>\n<p>T\u00e4m\u00e4 sis\u00e4lt\u00f6 on Kangasalan\u00a0Sanomien tilaajille<\/p>\n<p>Tilaa lukuoikeus alkaen 1\u00a0\u20ac.<\/p>\n<p><a href=\"https:\/\/kangasalansanomat.fi\/tilaa?p3=170853\" class=\"membernoticebtn\" title=\"Tilaa Kangasalan Sanomat\" rel=\"nofollow noopener\" target=\"_blank\">Tilaa<\/a><a class=\"membernoticebtn only-guest\" href=\"https:\/\/kangasala.taikatilaus.fi\/oprp\/k.aspx?p1=https:\/\/kangasalansanomat.fi\/pumpulimaailmassa-viihtyvat-aiti-ja-tytar-sanna-ja-milla-torhonen-matkustavat-uudessa-tositelevisiosarjassa-saimme-kuitenkin-kokea-aivan-mielettomia-aktiviteetteja\/\" title=\"Kirjaudu sis\u00e4\u00e4n\" rel=\"nofollow noopener\" target=\"_blank\">Kirjaudu<\/a><\/p>\n","protected":false},"excerpt":{"rendered":"Katja Lehtinen 2.12.2025 Milla ja Sanna T\u00f6rh\u00f6nen reissasivat kes\u00e4ll\u00e4 yhteens\u00e4 viisi viikkoa Lomalle Lompsis -ohjelman merkeiss\u00e4. Marokon Marrakeshissa&hellip;\n","protected":false},"author":2,"featured_media":105897,"comment_status":"","ping_status":"","sticky":false,"template":"","format":"standard","meta":{"footnotes":""},"categories":[133],"tags":[137,33,31,30,3815,13632,1478,19942,19943,32,206,6569,156,109],"class_list":{"0":"post-105896","1":"post","2":"type-post","3":"status-publish","4":"format-standard","5":"has-post-thumbnail","7":"category-televisiot","8":"tag-entertainment","9":"tag-fi","10":"tag-finland","11":"tag-finnish","12":"tag-kangasala","13":"tag-lomalle-lompsis","14":"tag-matkailu","15":"tag-milla-torhonen","16":"tag-sanna-torhonen","17":"tag-suomi","18":"tag-televisiot","19":"tag-tositelevisio","20":"tag-tv","21":"tag-viihde"},"share_on_mastodon":{"url":"https:\/\/pubeurope.com\/@fi\/115651266941481550","error":""},"_links":{"self":[{"href":"https:\/\/www.europesays.com\/fi\/wp-json\/wp\/v2\/posts\/105896","targetHints":{"allow":["GET"]}}],"collection":[{"href":"https:\/\/www.europesays.com\/fi\/wp-json\/wp\/v2\/posts"}],"about":[{"href":"https:\/\/www.europesays.com\/fi\/wp-json\/wp\/v2\/types\/post"}],"author":[{"embeddable":true,"href":"https:\/\/www.europesays.com\/fi\/wp-json\/wp\/v2\/users\/2"}],"replies":[{"embeddable":true,"href":"https:\/\/www.europesays.com\/fi\/wp-json\/wp\/v2\/comments?post=105896"}],"version-history":[{"count":0,"href":"https:\/\/www.europesays.com\/fi\/wp-json\/wp\/v2\/posts\/105896\/revisions"}],"wp:featuredmedia":[{"embeddable":true,"href":"https:\/\/www.europesays.com\/fi\/wp-json\/wp\/v2\/media\/105897"}],"wp:attachment":[{"href":"https:\/\/www.europesays.com\/fi\/wp-json\/wp\/v2\/media?parent=105896"}],"wp:term":[{"taxonomy":"category","embeddable":true,"href":"https:\/\/www.europesays.com\/fi\/wp-json\/wp\/v2\/categories?post=105896"},{"taxonomy":"post_tag","embeddable":true,"href":"https:\/\/www.europesays.com\/fi\/wp-json\/wp\/v2\/tags?post=105896"}],"curies":[{"name":"wp","href":"https:\/\/api.w.org\/{rel}","templated":true}]}}