{"id":105900,"date":"2025-12-02T18:00:10","date_gmt":"2025-12-02T18:00:10","guid":{"rendered":"https:\/\/www.europesays.com\/fi\/105900\/"},"modified":"2025-12-02T18:00:10","modified_gmt":"2025-12-02T18:00:10","slug":"red-bull-nimesi-21-vuotiaan-f1-lupauksen-max-verstappenin-tallikaveriksi-urheilua-lyhyesti","status":"publish","type":"post","link":"https:\/\/www.europesays.com\/fi\/105900\/","title":{"rendered":"Red Bull nimesi 21-vuotiaan F1-lupauksen Max Verstappenin tallikaveriksi | Urheilua lyhyesti"},"content":{"rendered":"<p class=\"aw-1gybjub aw-5vja16 kEtdKx kmuxyA yle__article__paragraph\">Formula 1-kuljettaja Isack Hadjar korvaa Yuki Tsunodan Max Verstappenin tallikaverina ensi kaudella. <\/p>\n<p><img decoding=\"async\" alt=\"Isack Hadjar yll\u00e4tti kolmossijallaan.\" src=\"https:\/\/www.europesays.com\/fi\/wp-content\/uploads\/2025\/09\/39-151735068b96283e5024.jpeg\" class=\"aw-1l9m598 hKVVvP\"\/><\/p>\n<p>Avaa kuvien katselu<\/p>\n<p>Isack Hadjar yll\u00e4tti kolmossijallaan 31.8.2025. Kuva: XPB Images<\/p>\n<p class=\"aw-1gybjub aw-1p7kakr kEtdKx cEmitX yle__article__paragraph\">Ranskalainen <strong class=\"aw-ak79eh KyCXm yle__article__strong\">Isack Hadjar<\/strong>, 21, on tehnyt suuren vaikutuksen debyyttikaudellaan Red Bullin sisartallissa Racing Bullsissa.<\/p>\n<p class=\"aw-1gybjub aw-1p7kakr kEtdKx cEmitX yle__article__paragraph\">H\u00e4n ylsi ensimm\u00e4iseen palkintopallisijoitukseensa elokuun lopussa Hollannin GP:ss\u00e4, jossa h\u00e4n sijoittui kolmanneksi.<\/p>\n<p class=\"aw-1gybjub aw-1p7kakr kEtdKx cEmitX yle__article__paragraph\">Hadjarille on haastava teht\u00e4v\u00e4 pysy\u00e4 Verstappenin vauhdissa. Verstappenille Hadjar on jo nelj\u00e4s eri tallikaveri reilun vuoden sis\u00e4ll\u00e4.<\/p>\n<p class=\"aw-1gybjub aw-1p7kakr kEtdKx cEmitX yle__article__paragraph\">\u2013 Uraani on mahtunut paljon yl\u00e4- ja alam\u00e4ki\u00e4, mutta minua on aina tuettu. T\u00e4m\u00e4 on mahtava mahdollisuus. Nyt p\u00e4\u00e4sen ty\u00f6skentelem\u00e4\u00e4n parhaiden kanssa ja oppimaan Maxilta \u2013 en malta odottaa, Hadjar kommentoi.<\/p>\n<p class=\"aw-1gybjub aw-1p7kakr kEtdKx cEmitX yle__article__paragraph\"><strong class=\"aw-ak79eh KyCXm yle__article__strong\">Arvid Lindblad<\/strong> liittyy puolestaan <strong class=\"aw-ak79eh KyCXm yle__article__strong\">Liam Lawsonin<\/strong> rinnalle Racing Bullsiin, formula 1 -tallit ilmoittivat tiistaina.<\/p>\n<p class=\"aw-1gybjub aw-1p7kakr kEtdKx cEmitX yle__article__paragraph\">Britanniassa syntynyt Lindblad, jolla on my\u00f6s Ruotsin kansalaisuus ja intialaiset sukujuuret \u00e4itins\u00e4 kautta, nousee Formula 2:sta ja muodostaa parin uusiseelantilaisen Lawsonin kanssa.<\/p>\n<p class=\"aw-1gybjub aw-1p7kakr kEtdKx cEmitX yle__article__paragraph\">H\u00e4n on ainoa tulokaskuljettaja vuoden 2026 F1-sarjan l\u00e4ht\u00f6ruudukossa.<\/p>\n<p class=\"aw-1gybjub aw-1p7kakr kEtdKx cEmitX yle__article__paragraph\">\u2013 Lindblad on osoittanut raakaa nopeutta, kypsyytt\u00e4 ja potentiaalia, mik\u00e4 korostaa tiimin pitk\u00e4aikaista sitoutumista huipputason nuorten lahjakkuuksien kehitt\u00e4miseen, Racing Bulls kertoi tiedotteessaan.<\/p>\n<p class=\"aw-1gybjub aw-1p7kakr kEtdKx cEmitX yle__article__paragraph\">Tsunodan l\u00e4ht\u00f6 j\u00e4tt\u00e4\u00e4 Formula 1:n ilman japanilaista kuljettajaa l\u00e4ht\u00f6ruudukossa. Red Bull kertoi h\u00e4nen kuitenkin pysyv\u00e4n tallissa varakuljettajana.<\/p>\n","protected":false},"excerpt":{"rendered":"Formula 1-kuljettaja Isack Hadjar korvaa Yuki Tsunodan Max Verstappenin tallikaverina ensi kaudella. Avaa kuvien katselu Isack Hadjar yll\u00e4tti&hellip;\n","protected":false},"author":2,"featured_media":26293,"comment_status":"","ping_status":"","sticky":false,"template":"","format":"standard","meta":{"footnotes":""},"categories":[158],"tags":[33,31,30,3437,6633,6632,7280,11197,159,32,160],"class_list":{"0":"post-105900","1":"post","2":"type-post","3":"status-publish","4":"format-standard","5":"has-post-thumbnail","7":"category-urheilu","8":"tag-fi","9":"tag-finland","10":"tag-finnish","11":"tag-formula-1","12":"tag-formula-1-kuljettaja","13":"tag-formula-1-tallit","14":"tag-isack-hadjar","15":"tag-red-bull-racing","16":"tag-sports","17":"tag-suomi","18":"tag-urheilu"},"share_on_mastodon":{"url":"https:\/\/pubeurope.com\/@fi\/115651282811212942","error":""},"_links":{"self":[{"href":"https:\/\/www.europesays.com\/fi\/wp-json\/wp\/v2\/posts\/105900","targetHints":{"allow":["GET"]}}],"collection":[{"href":"https:\/\/www.europesays.com\/fi\/wp-json\/wp\/v2\/posts"}],"about":[{"href":"https:\/\/www.europesays.com\/fi\/wp-json\/wp\/v2\/types\/post"}],"author":[{"embeddable":true,"href":"https:\/\/www.europesays.com\/fi\/wp-json\/wp\/v2\/users\/2"}],"replies":[{"embeddable":true,"href":"https:\/\/www.europesays.com\/fi\/wp-json\/wp\/v2\/comments?post=105900"}],"version-history":[{"count":0,"href":"https:\/\/www.europesays.com\/fi\/wp-json\/wp\/v2\/posts\/105900\/revisions"}],"wp:featuredmedia":[{"embeddable":true,"href":"https:\/\/www.europesays.com\/fi\/wp-json\/wp\/v2\/media\/26293"}],"wp:attachment":[{"href":"https:\/\/www.europesays.com\/fi\/wp-json\/wp\/v2\/media?parent=105900"}],"wp:term":[{"taxonomy":"category","embeddable":true,"href":"https:\/\/www.europesays.com\/fi\/wp-json\/wp\/v2\/categories?post=105900"},{"taxonomy":"post_tag","embeddable":true,"href":"https:\/\/www.europesays.com\/fi\/wp-json\/wp\/v2\/tags?post=105900"}],"curies":[{"name":"wp","href":"https:\/\/api.w.org\/{rel}","templated":true}]}}