{"id":105907,"date":"2025-12-02T18:05:09","date_gmt":"2025-12-02T18:05:09","guid":{"rendered":"https:\/\/www.europesays.com\/fi\/105907\/"},"modified":"2025-12-02T18:05:09","modified_gmt":"2025-12-02T18:05:09","slug":"puola-kieltaa-turkistarhauksen-suomi-jaa-yhdeksi-harvoista-tarhaajamaista-euroopassa","status":"publish","type":"post","link":"https:\/\/www.europesays.com\/fi\/105907\/","title":{"rendered":"Puola kielt\u00e4\u00e4 turkistarhauksen \u2013 Suomi j\u00e4\u00e4 yhdeksi harvoista tarhaajamaista Euroopassa"},"content":{"rendered":"<p>Puolalaisten turkistarhojen on lopetettava toimintansa vuoden 2033 loppuun menness\u00e4.<\/p>\n<p class=\"article-body mb-nof-24 px-nof-16\">Puolan presidentti <a class=\"article-personlink\" href=\"https:\/\/www.is.fi\/haku\/?query=Karol%20Nawrocki\" rel=\"nofollow noopener\" target=\"_blank\">Karol Nawrocki<\/a> on tiistaina allekirjoittanut lain, joka kielt\u00e4\u00e4 turkisel\u00e4inten kasvatuksen koko maassa. P\u00e4\u00e4t\u00f6s tekee Puolasta 24. Euroopan maan, joka luopuu turkistarhauksesta.<\/p>\n<p class=\"article-body mb-nof-24 px-nof-16\">\u2013\u2009 Olen juuri allekirjoittanut el\u00e4insuojelulain, joka kielt\u00e4\u00e4 turkistarhauksen Puolassa. T\u00e4m\u00e4 on p\u00e4\u00e4t\u00f6s, jota Puolan kansa on odottanut useiden vuosien ajan \u2013 p\u00e4\u00e4t\u00f6s, joka heijastaa jaettua my\u00f6t\u00e4tuntoamme, sivistyst\u00e4mme ja kunnioitustamme kaikkia el\u00e4vi\u00e4 olentoja kohtaan\u201d, presidentti Nawrocki sanoi.<\/p>\n<p class=\"article-body mb-nof-24 px-nof-16\">Uusien turkistarhojen perustaminen kiellet\u00e4\u00e4n v\u00e4litt\u00f6m\u00e4sti, ja kaikkien nykyisten tarhojen on lopetettava toimintansa viimeist\u00e4\u00e4n 31.12.2033. Lakiin sis\u00e4ltyy korvausj\u00e4rjestelm\u00e4 tuottajille, jotka sulkevat tilansa ajoissa.<\/p>\n<p class=\"article-body mb-nof-24 px-nof-16\">Puola on ollut EU:n suurin turkistuottajamaa. P\u00e4\u00e4t\u00f6kseen kielt\u00e4\u00e4 turkistarhaus vaikutti vuosikymmeni\u00e4 jatkunut julkinen keskustelu, kansalaispaine ja useat el\u00e4inoikeusaktivistien tekem\u00e4t paljastukset turkisel\u00e4inten oloista.<\/p>\n<p class=\"article-body mb-nof-24 px-nof-16\">Puolan p\u00e4\u00e4t\u00f6ksen my\u00f6t\u00e4 Suomesta on tulossa yksi viimeisist\u00e4 EU-maista, joissa turkistarhaus jatkuu edelleen rajoituksetta. EU-komissio k\u00e4sittelee koko unionin kattavaa turkistarhaus- ja turkiskauppakieltoa maaliskuussa 2026.<\/p>\n<p class=\"article-body mb-nof-24 px-nof-16\">Suomi on yksi maailman suurimmista ketunnahkojen tuottajamaista ja Puolan kiellon my\u00f6t\u00e4 EU:n ainoa merkitt\u00e4v\u00e4 ketuntuottajamaa.<\/p>\n","protected":false},"excerpt":{"rendered":"Puolalaisten turkistarhojen on lopetettava toimintansa vuoden 2033 loppuun menness\u00e4. Puolan presidentti Karol Nawrocki on tiistaina allekirjoittanut lain, joka&hellip;\n","protected":false},"author":2,"featured_media":105908,"comment_status":"","ping_status":"","sticky":false,"template":"","format":"standard","meta":{"footnotes":""},"categories":[14],"tags":[22,23,26,27,33,31,30,17,34,24,25,28,29,15,18,21,32,19,20,56,16,59,60,61],"class_list":{"0":"post-105907","1":"post","2":"type-post","3":"status-publish","4":"format-standard","5":"has-post-thumbnail","7":"category-ulkomaat","8":"tag-breaking-news","9":"tag-breakingnews","10":"tag-featured-news","11":"tag-featurednews","12":"tag-fi","13":"tag-finland","14":"tag-finnish","15":"tag-headlines","16":"tag-ilta-sanomat","17":"tag-latest-news","18":"tag-latestnews","19":"tag-main-news","20":"tag-mainnews","21":"tag-news","22":"tag-otsikot","23":"tag-paauutiset","24":"tag-suomi","25":"tag-top-stories","26":"tag-topstories","27":"tag-ulkomaat","28":"tag-uutiset","29":"tag-world","30":"tag-world-news","31":"tag-worldnews"},"share_on_mastodon":{"url":"https:\/\/pubeurope.com\/@fi\/115651302385437031","error":""},"_links":{"self":[{"href":"https:\/\/www.europesays.com\/fi\/wp-json\/wp\/v2\/posts\/105907","targetHints":{"allow":["GET"]}}],"collection":[{"href":"https:\/\/www.europesays.com\/fi\/wp-json\/wp\/v2\/posts"}],"about":[{"href":"https:\/\/www.europesays.com\/fi\/wp-json\/wp\/v2\/types\/post"}],"author":[{"embeddable":true,"href":"https:\/\/www.europesays.com\/fi\/wp-json\/wp\/v2\/users\/2"}],"replies":[{"embeddable":true,"href":"https:\/\/www.europesays.com\/fi\/wp-json\/wp\/v2\/comments?post=105907"}],"version-history":[{"count":0,"href":"https:\/\/www.europesays.com\/fi\/wp-json\/wp\/v2\/posts\/105907\/revisions"}],"wp:featuredmedia":[{"embeddable":true,"href":"https:\/\/www.europesays.com\/fi\/wp-json\/wp\/v2\/media\/105908"}],"wp:attachment":[{"href":"https:\/\/www.europesays.com\/fi\/wp-json\/wp\/v2\/media?parent=105907"}],"wp:term":[{"taxonomy":"category","embeddable":true,"href":"https:\/\/www.europesays.com\/fi\/wp-json\/wp\/v2\/categories?post=105907"},{"taxonomy":"post_tag","embeddable":true,"href":"https:\/\/www.europesays.com\/fi\/wp-json\/wp\/v2\/tags?post=105907"}],"curies":[{"name":"wp","href":"https:\/\/api.w.org\/{rel}","templated":true}]}}