{"id":105911,"date":"2025-12-02T18:07:12","date_gmt":"2025-12-02T18:07:12","guid":{"rendered":"https:\/\/www.europesays.com\/fi\/105911\/"},"modified":"2025-12-02T18:07:12","modified_gmt":"2025-12-02T18:07:12","slug":"noin-70-vuotias-mies-kateissa-virroilla-poistui-kotoaan-harmaan-koiran-kanssa","status":"publish","type":"post","link":"https:\/\/www.europesays.com\/fi\/105911\/","title":{"rendered":"Noin 70-vuotias mies kateissa Virroilla \u2013 poistui kotoaan harmaan koiran kanssa"},"content":{"rendered":"<p>Poliisi pyyt\u00e4\u00e4 havainnot kadonneesta h\u00e4t\u00e4keskuksen numeroon 112.<\/p>\n<p class=\"article-body mb-nof-24 px-nof-16\">Aamulehti<\/p>\n<p class=\"article-body mb-nof-24 px-nof-16\">Virroilla on kateissa hieman yli 70-vuotias mies, tiedottaa Sis\u00e4-Suomen poliisi tiistaina kello 18:n j\u00e4lkeen.<\/p>\n<p class=\"article-body mb-nof-24 px-nof-16\">Mies saattaa liikkua harmaan koiran kanssa. Kadonnut poistui koiransa kanssa kotoaan Soininm\u00e4enper\u00e4n alueelta noin kello 14.30.<\/p>\n<p class=\"article-body mb-nof-24 px-nof-16\">Mies on noin 180 sentti\u00e4 pitk\u00e4 ja hoikka. H\u00e4n liikkuu k\u00e4vellen. Kadonneella on tumma vaatetus ja mahdollisesti kumisaappaat.<\/p>\n<p class=\"article-body mb-nof-24 px-nof-16\">Poliisi pyyt\u00e4\u00e4 havainnot kadonneesta h\u00e4t\u00e4keskuksen numeroon 112.<\/p>\n<p class=\"article-body nof-ui-body-medium mb-nof-24 px-nof-16\">T\u00e4m\u00e4 on p\u00e4ivittyv\u00e4 uutinen.<\/p>\n","protected":false},"excerpt":{"rendered":"Poliisi pyyt\u00e4\u00e4 havainnot kadonneesta h\u00e4t\u00e4keskuksen numeroon 112. Aamulehti Virroilla on kateissa hieman yli 70-vuotias mies, tiedottaa Sis\u00e4-Suomen poliisi&hellip;\n","protected":false},"author":2,"featured_media":1431,"comment_status":"","ping_status":"","sticky":false,"template":"","format":"standard","meta":{"footnotes":""},"categories":[5],"tags":[157,22,23,26,27,33,31,30,17,24,25,28,29,15,18,21,32,19,20,16],"class_list":{"0":"post-105911","1":"post","2":"type-post","3":"status-publish","4":"format-standard","5":"has-post-thumbnail","7":"category-otsikot","8":"tag-aamulehti","9":"tag-breaking-news","10":"tag-breakingnews","11":"tag-featured-news","12":"tag-featurednews","13":"tag-fi","14":"tag-finland","15":"tag-finnish","16":"tag-headlines","17":"tag-latest-news","18":"tag-latestnews","19":"tag-main-news","20":"tag-mainnews","21":"tag-news","22":"tag-otsikot","23":"tag-paauutiset","24":"tag-suomi","25":"tag-top-stories","26":"tag-topstories","27":"tag-uutiset"},"share_on_mastodon":{"url":"https:\/\/pubeurope.com\/@fi\/115651309937238419","error":""},"_links":{"self":[{"href":"https:\/\/www.europesays.com\/fi\/wp-json\/wp\/v2\/posts\/105911","targetHints":{"allow":["GET"]}}],"collection":[{"href":"https:\/\/www.europesays.com\/fi\/wp-json\/wp\/v2\/posts"}],"about":[{"href":"https:\/\/www.europesays.com\/fi\/wp-json\/wp\/v2\/types\/post"}],"author":[{"embeddable":true,"href":"https:\/\/www.europesays.com\/fi\/wp-json\/wp\/v2\/users\/2"}],"replies":[{"embeddable":true,"href":"https:\/\/www.europesays.com\/fi\/wp-json\/wp\/v2\/comments?post=105911"}],"version-history":[{"count":0,"href":"https:\/\/www.europesays.com\/fi\/wp-json\/wp\/v2\/posts\/105911\/revisions"}],"wp:featuredmedia":[{"embeddable":true,"href":"https:\/\/www.europesays.com\/fi\/wp-json\/wp\/v2\/media\/1431"}],"wp:attachment":[{"href":"https:\/\/www.europesays.com\/fi\/wp-json\/wp\/v2\/media?parent=105911"}],"wp:term":[{"taxonomy":"category","embeddable":true,"href":"https:\/\/www.europesays.com\/fi\/wp-json\/wp\/v2\/categories?post=105911"},{"taxonomy":"post_tag","embeddable":true,"href":"https:\/\/www.europesays.com\/fi\/wp-json\/wp\/v2\/tags?post=105911"}],"curies":[{"name":"wp","href":"https:\/\/api.w.org\/{rel}","templated":true}]}}