{"id":105912,"date":"2025-12-02T18:19:08","date_gmt":"2025-12-02T18:19:08","guid":{"rendered":"https:\/\/www.europesays.com\/fi\/105912\/"},"modified":"2025-12-02T18:19:08","modified_gmt":"2025-12-02T18:19:08","slug":"paul-anka-vahvisti-huhun-frank-sinatran-sukupuolielimesta","status":"publish","type":"post","link":"https:\/\/www.europesays.com\/fi\/105912\/","title":{"rendered":"Paul Anka vahvisti huhun Frank Sinatran sukupuolielimest\u00e4"},"content":{"rendered":"<p>Paul Ankalla on kerrottavaa Frank Sinatran alakerran varustuksesta.<\/p>\n<p class=\"article-body mb-nof-24 px-nof-16\">Kanadalaislaulaja <a class=\"article-personlink\" href=\"https:\/\/www.is.fi\/haku\/?query=Paul%20Anka\" rel=\"nofollow noopener\" target=\"_blank\">Paul Anka<\/a>, 84, teki <a class=\"article-genericlink\" href=\"https:\/\/pagesix.com\/2025\/11\/30\/celebrity-news\/paul-anka-confirms-rumors-about-well-endowed-frank-sinatra\/\" rel=\"nofollow noopener\" target=\"_blank\">Page Sixille<\/a> paljastuksen edesmenneen laulajalegenda <a class=\"article-personlink\" href=\"https:\/\/www.is.fi\/haku\/?query=Frank%20Sinatran\" rel=\"nofollow noopener\" target=\"_blank\">Frank Sinatran<\/a> intiimialueista.<\/p>\n<p class=\"article-body mb-nof-24 px-nof-16\">\u2013 Kyll\u00e4, se oli valtava, Anka sanoi haastattelussa.<\/p>\n<p class=\"article-body mb-nof-24 px-nof-16\">Anka lis\u00e4si viel\u00e4 nauraen, ettei tied\u00e4, mit\u00e4 \u201dsellainen tekee ihmiselle\u201d. Ankan tieto perustuu yhteisiin saunareissuihin Sinatran ja The Rat Pack -yhtyeen kanssa Las Vegasissa.<\/p>\n<p class=\"article-body mb-nof-24 px-nof-16\">\u2013 Minun oli vaikea yll\u00e4pit\u00e4\u00e4 katsekontaktia, Anka jatkoi kertomustaan.<\/p>\n<p class=\"article-body mb-nof-24 px-nof-16\">My\u00f6s Sinatran toinen aviovaimo <a class=\"article-personlink\" href=\"https:\/\/www.is.fi\/haku\/?query=Ava%20Gardner\" rel=\"nofollow noopener\" target=\"_blank\">Ava Gardner<\/a> on kertonut miehest\u00e4 samankaltaista tarinaa. H\u00e4n on vitsaillut, ett\u00e4 50-kiloisen Sinatran penis painoi itsess\u00e4\u00e4n yli kahdeksan kiloa.<\/p>\n<p class=\"article-body mb-nof-24 px-nof-16\">Sinatra menehtyi vuonna 1998.<\/p>\n<p class=\"article-body mb-nof-24 px-nof-16\">Ankan ja Frank Sinatran tarina alkoi siit\u00e4, kun Anka kirjoitti englanninkieliset sanoitukset Sinatran tulevaan My Way -hittiin. Anka kuuli kappaleen ranskankielisen version lomaillessaan Ranskassa, ja osti sen oikeudet.<\/p>\n<p class=\"article-body mb-nof-24 px-nof-16\">Palattuaan kotiinsa New Yorkiin h\u00e4n istui alas kirjoituskoneensa \u00e4\u00e4reen ja kirjoitti kappaleelle sen englanninkieliset sanoitukset. H\u00e4n l\u00e4hetti hetimmiten sanoitukset Sinatralle, joka \u00e4\u00e4nitti kappaleen kaksi kuukautta my\u00f6hemmin.<\/p>\n<p class=\"article-body mb-nof-24 px-nof-16\">\u2013 H\u00e4n sanoi \u201dkuunteles t\u00e4t\u00e4 muksu\u201d ja laittoi puhelimen kaiuttimen viereen. Kuulin kappaleen ensimm\u00e4ist\u00e4 kertaa, enk\u00e4 voinut ymm\u00e4rt\u00e4\u00e4, miten kirjoitin sen vain 24-vuotiaana, Anka muistelee.<\/p>\n","protected":false},"excerpt":{"rendered":"Paul Ankalla on kerrottavaa Frank Sinatran alakerran varustuksesta. Kanadalaislaulaja Paul Anka, 84, teki Page Sixille paljastuksen edesmenneen laulajalegenda&hellip;\n","protected":false},"author":2,"featured_media":105913,"comment_status":"","ping_status":"","sticky":false,"template":"","format":"standard","meta":{"footnotes":""},"categories":[136],"tags":[407,137,33,31,30,34,408,32,109],"class_list":{"0":"post-105912","1":"post","2":"type-post","3":"status-publish","4":"format-standard","5":"has-post-thumbnail","7":"category-julkkikset","8":"tag-celebrities","9":"tag-entertainment","10":"tag-fi","11":"tag-finland","12":"tag-finnish","13":"tag-ilta-sanomat","14":"tag-julkkikset","15":"tag-suomi","16":"tag-viihde"},"share_on_mastodon":{"url":"https:\/\/pubeurope.com\/@fi\/115651357116007986","error":""},"_links":{"self":[{"href":"https:\/\/www.europesays.com\/fi\/wp-json\/wp\/v2\/posts\/105912","targetHints":{"allow":["GET"]}}],"collection":[{"href":"https:\/\/www.europesays.com\/fi\/wp-json\/wp\/v2\/posts"}],"about":[{"href":"https:\/\/www.europesays.com\/fi\/wp-json\/wp\/v2\/types\/post"}],"author":[{"embeddable":true,"href":"https:\/\/www.europesays.com\/fi\/wp-json\/wp\/v2\/users\/2"}],"replies":[{"embeddable":true,"href":"https:\/\/www.europesays.com\/fi\/wp-json\/wp\/v2\/comments?post=105912"}],"version-history":[{"count":0,"href":"https:\/\/www.europesays.com\/fi\/wp-json\/wp\/v2\/posts\/105912\/revisions"}],"wp:featuredmedia":[{"embeddable":true,"href":"https:\/\/www.europesays.com\/fi\/wp-json\/wp\/v2\/media\/105913"}],"wp:attachment":[{"href":"https:\/\/www.europesays.com\/fi\/wp-json\/wp\/v2\/media?parent=105912"}],"wp:term":[{"taxonomy":"category","embeddable":true,"href":"https:\/\/www.europesays.com\/fi\/wp-json\/wp\/v2\/categories?post=105912"},{"taxonomy":"post_tag","embeddable":true,"href":"https:\/\/www.europesays.com\/fi\/wp-json\/wp\/v2\/tags?post=105912"}],"curies":[{"name":"wp","href":"https:\/\/api.w.org\/{rel}","templated":true}]}}