{"id":105914,"date":"2025-12-02T18:22:20","date_gmt":"2025-12-02T18:22:20","guid":{"rendered":"https:\/\/www.europesays.com\/fi\/105914\/"},"modified":"2025-12-02T18:22:20","modified_gmt":"2025-12-02T18:22:20","slug":"kotimainen-suosikkisarja-sai-uuden-kauden-mukana-krista-kosonen-eero-ritala-minttu-mustakallio-ja-muita-tuttuja-nimia","status":"publish","type":"post","link":"https:\/\/www.europesays.com\/fi\/105914\/","title":{"rendered":"Kotimainen suosikkisarja sai uuden kauden \u2013 Mukana Krista Kosonen, Eero Ritala, Minttu Mustakallio ja muita tuttuja nimi\u00e4"},"content":{"rendered":"<p>Palkittu suosikkisarja Munkkivuori palaa ruutuihin 1980-luvun Helsinkiin sijoittuvalla toisella kaudella. Uudet jaksot julkaistaan Ruutu Plus -tilaajille 1. joulukuuta.<\/p>\n<p>Sarja siirtyy muutaman vuoden eteenp\u00e4in ensimm\u00e4isen kauden tapahtumista. Munkkivuoreen saapuva 16-vuotias Lola (<strong>Rebekka Baer)<\/strong> on kotoaan karannut teinitytt\u00f6, joka yst\u00e4vystyy Ninan (<strong>Tinka Andersson<\/strong>) kanssa. Kes\u00e4\u00e4n mahtuu juhlia ja vaaroja, kunnes Lola katoaa. Aluksi uskotaan h\u00e4nen l\u00e4hteneen rokkib\u00e4ndin mukaan, mutta syksyn tullen esiin nousee viitteit\u00e4 synkemm\u00e4st\u00e4 kohtalosta. Lolan tavaroiden l\u00f6ytyminen mets\u00e4st\u00e4 k\u00e4ynnist\u00e4\u00e4 Ninan ja Peten (<strong>Vilho R\u00f6nkk\u00f6nen<\/strong>) omatoimisen selvitysty\u00f6n.<\/p>\n<p>Ensimm\u00e4isen kauden ohjasi <strong>Jani Volanen,<\/strong> joka on my\u00f6s sarjan k\u00e4sikirjoittaja. Toisella kaudella h\u00e4n j\u00e4tt\u00e4ytyi pois ohjaajan teht\u00e4vist\u00e4, mutta sekin on h\u00e4nen kirjoittamansa. Toisen kauden on ohjannut <strong>Saara Saarela<\/strong>, joka kuvaa l\u00e4hestymistapaansa n\u00e4in: \u201dHalusimme tehd\u00e4 kauden, jossa nostalgia ja mysteeri kulkevat vahvasti rinnakkain. 80-luku n\u00e4ytt\u00e4\u00e4 v\u00e4rikk\u00e4\u00e4lt\u00e4, mutta pinnan alla kuplii jotain vaarallista, sekoittaen aikuiseksi kasvamisen ja ylisukupolvisten traumojen tematiikkaa.\u201d<\/p>\n<p>Lue my\u00f6s: <a href=\"https:\/\/www.voice.fi\/viihde\/kaikkien-aikojen-suurin-rakkaustarina-nahdaan-pian-elokuvana-paaosassa-margot-robbie\" title=\"\u201dKaikkien aikojen suurin rakkaustarina\u201d n\u00e4hd\u00e4\u00e4n pian elokuvana \u2013 p\u00e4\u00e4osassa Margot Robbie\" class=\"underline-custom !font-montserrat !font-bold !underline-offset-4 !decoration-4 !decoration-tilt-light !text-md\" rel=\"nofollow noopener\" target=\"_blank\">\u201dKaikkien aikojen suurin rakkaustarina\u201d n\u00e4hd\u00e4\u00e4n pian elokuvana \u2013 p\u00e4\u00e4osassa Margot Robbie<\/a><\/p>\n<p>Toisen kauden n\u00e4yttelij\u00e4kaartiin kuuluvat my\u00f6s muun muassa<strong> Eero Ritala, Krista Kosonen, Hannu-Pekka Bj\u00f6rkman <\/strong>ja <strong>Minttu Mustakallio<\/strong>. Visuaalinen toteutus rakentuu 80-luvun estetiikan ymp\u00e4rille, neonv\u00e4reineen, kasetteineen ja ajan musiikkeineen.<\/p>\n<p>Vuonna 2022 Munkkivuoren ensimm\u00e4inen kausi palkittiin vuoden parhaan draamasarjan Venlalla, ja sen ohjaus, k\u00e4sikirjoitus ja n\u00e4yttelij\u00e4nty\u00f6 ker\u00e4siv\u00e4t laajasti tunnustusta. Uusi kausi jatkaa tuttua maailmaa, mutta esittelee katsojille t\u00e4ysin uuden mysteerin. Katso traileri alta.<\/p>\n<p><img loading=\"lazy\" decoding=\"async\" alt=\"YouTube video\" width=\"480\" height=\"360\" data-pin-nopin=\"true\" nopin=\"nopin\" class=\"perfmatters-lazy\" src=\"https:\/\/www.europesays.com\/fi\/wp-content\/uploads\/2025\/12\/1764699740_75_hqdefault.jpg\"\/><\/p>\n","protected":false},"excerpt":{"rendered":"Palkittu suosikkisarja Munkkivuori palaa ruutuihin 1980-luvun Helsinkiin sijoittuvalla toisella kaudella. Uudet jaksot julkaistaan Ruutu Plus -tilaajille 1. joulukuuta.&hellip;\n","protected":false},"author":2,"featured_media":105915,"comment_status":"","ping_status":"","sticky":false,"template":"","format":"standard","meta":{"footnotes":""},"categories":[133],"tags":[137,33,31,30,32,747,206,156,109],"class_list":{"0":"post-105914","1":"post","2":"type-post","3":"status-publish","4":"format-standard","5":"has-post-thumbnail","7":"category-televisiot","8":"tag-entertainment","9":"tag-fi","10":"tag-finland","11":"tag-finnish","12":"tag-suomi","13":"tag-televisiosarjat","14":"tag-televisiot","15":"tag-tv","16":"tag-viihde"},"share_on_mastodon":{"url":"https:\/\/pubeurope.com\/@fi\/115651369253696846","error":""},"_links":{"self":[{"href":"https:\/\/www.europesays.com\/fi\/wp-json\/wp\/v2\/posts\/105914","targetHints":{"allow":["GET"]}}],"collection":[{"href":"https:\/\/www.europesays.com\/fi\/wp-json\/wp\/v2\/posts"}],"about":[{"href":"https:\/\/www.europesays.com\/fi\/wp-json\/wp\/v2\/types\/post"}],"author":[{"embeddable":true,"href":"https:\/\/www.europesays.com\/fi\/wp-json\/wp\/v2\/users\/2"}],"replies":[{"embeddable":true,"href":"https:\/\/www.europesays.com\/fi\/wp-json\/wp\/v2\/comments?post=105914"}],"version-history":[{"count":0,"href":"https:\/\/www.europesays.com\/fi\/wp-json\/wp\/v2\/posts\/105914\/revisions"}],"wp:featuredmedia":[{"embeddable":true,"href":"https:\/\/www.europesays.com\/fi\/wp-json\/wp\/v2\/media\/105915"}],"wp:attachment":[{"href":"https:\/\/www.europesays.com\/fi\/wp-json\/wp\/v2\/media?parent=105914"}],"wp:term":[{"taxonomy":"category","embeddable":true,"href":"https:\/\/www.europesays.com\/fi\/wp-json\/wp\/v2\/categories?post=105914"},{"taxonomy":"post_tag","embeddable":true,"href":"https:\/\/www.europesays.com\/fi\/wp-json\/wp\/v2\/tags?post=105914"}],"curies":[{"name":"wp","href":"https:\/\/api.w.org\/{rel}","templated":true}]}}