{"id":105916,"date":"2025-12-02T18:23:08","date_gmt":"2025-12-02T18:23:08","guid":{"rendered":"https:\/\/www.europesays.com\/fi\/105916\/"},"modified":"2025-12-02T18:23:08","modified_gmt":"2025-12-02T18:23:08","slug":"lauri-haav-nokia-arenalla-7-11-2026-osta-liput-ennakkoon-veikkaus","status":"publish","type":"post","link":"https:\/\/www.europesays.com\/fi\/105916\/","title":{"rendered":"Lauri Haav Nokia Arenalla 7.11.2026 &#8211; Osta liput ennakkoon &#8211; Veikkaus"},"content":{"rendered":"<ol>\n<li><a href=\"https:\/\/news.google.com\/rss\/articles\/CBMiggFBVV95cUxNUEVOVzBPOHptTHJhaHJwN2pTSThSWjltQ28zZTJmM0hiVlZrQUJlZ1B1UXRnaUsxc0M0eXg0WERyQ1JpN3FVcUFhQURxRHJEOTFyNXhoSU9JYzZ6QllxUnJuSVhxYVRCdFlIVjA1ckpIa1A5Mm9jX1F0ZGszMDJCeXNB?oc=5\" target=\"_blank\" rel=\"nofollow noopener\">Lauri Haav Nokia Arenalla 7.11.2026 &#8211; Osta liput ennakkoon<\/a>&nbsp;&nbsp;Veikkaus<\/li>\n<li><a href=\"https:\/\/news.google.com\/rss\/articles\/CBMiZ0FVX3lxTE9nUHVEeVlfVzhWLUdPMURvckRERmpsQlZXYmNPd2N4RlBHWnpPdHRKc003MjFDUFFQcUVUa0gwWTNxcURYdmQ5QmE0eGw5cHJ5OE9Dc0FrcXlHT2g4VkxFSFAyQUxMN0E?oc=5\" target=\"_blank\" rel=\"nofollow noopener\">Lauri Haav esiintyy ensi syksyn\u00e4 Nokia-areenassa<\/a>&nbsp;&nbsp;Aamulehti<\/li>\n<li><a href=\"https:\/\/news.google.com\/rss\/articles\/CBMiUEFVX3lxTE4wdklaU0lWX0tWeHlwSlFDMmt5bzFTUThGUDJuWVJWY1VmV2ozN0hmMk9QTHFDM1ZHT2p3eVZ2N1M4NXo2U1M1RGgtdE5CcW1z?oc=5\" target=\"_blank\" rel=\"nofollow noopener\">Lauri Haav esiintyy Nokia-\u200bareenalla ensi marras\u00adkuussa<\/a>&nbsp;&nbsp;Keskisuomalainen<\/li>\n<li><a href=\"https:\/\/news.google.com\/rss\/articles\/CBMif0FVX3lxTFBfY3hwX0ZqckQ1dzNsNThmeUJOQTE3UHlOVjdtejMwN0JpVnRfOVhWUDcyUmdiamlfWm10dkdyS2xIWGp6ZHpHMHh3bktlWmhFMnY0TVhGYlFldFdnaXMtZW42NUdXbjBvblFRZ0RUUUhSMmREdy10Y3VMX0g4UjQ?oc=5\" target=\"_blank\" rel=\"nofollow noopener\">No Haav No Love tuo Lauri Haavin Nokia Arenalle<\/a>&nbsp;&nbsp;Klangi<\/li>\n<li><a href=\"https:\/\/news.google.com\/rss\/articles\/CBMixgFBVV95cUxNOWtlMnExU3NnR0ZoTVFPZlBEM0JKZE1UM3VuMnJ6bHRvQ3MxdWw2cjFlZjl0VmljWkg0S0FZb19oWFNBbWg0RlVaX3NNV1VqTUNCUFBFaXRVSFVNM3Rmd2N6VnliSlp2LVFhVlNyUkQxLW1tdzlZQi02bzF5WE5wU1NrNldjN09RMmVGcTlaUzVyUWtMUGFSTXQ1bDhXTklmTkJiZXJFa2dmTWZjUHNfcmFFV0w1SERXY2dlS0s4dVpoQjhoM1E?oc=5\" target=\"_blank\" rel=\"nofollow noopener\">&#8221;T\u00e4m\u00e4n keikan eteen on tehty t\u00f6it\u00e4 jo vuosia&#8221; &#8211; Lauri Haav tekee syksyll\u00e4 uransa suurimman konsertin<\/a>&nbsp;&nbsp;Soundi.fi<\/li>\n<\/ol>\n","protected":false},"excerpt":{"rendered":"Lauri Haav Nokia Arenalla 7.11.2026 &#8211; Osta liput ennakkoon&nbsp;&nbsp;Veikkaus Lauri Haav esiintyy ensi syksyn\u00e4 Nokia-areenassa&nbsp;&nbsp;Aamulehti Lauri Haav esiintyy&hellip;\n","protected":false},"author":2,"featured_media":105917,"comment_status":"","ping_status":"","sticky":false,"template":"","format":"standard","meta":{"footnotes":""},"categories":[132],"tags":[137,33,31,30,195,47,32,109],"class_list":{"0":"post-105916","1":"post","2":"type-post","3":"status-publish","4":"format-standard","5":"has-post-thumbnail","7":"category-musiikki","8":"tag-entertainment","9":"tag-fi","10":"tag-finland","11":"tag-finnish","12":"tag-music","13":"tag-musiikki","14":"tag-suomi","15":"tag-viihde"},"share_on_mastodon":{"url":"https:\/\/pubeurope.com\/@fi\/115651372826420137","error":""},"_links":{"self":[{"href":"https:\/\/www.europesays.com\/fi\/wp-json\/wp\/v2\/posts\/105916","targetHints":{"allow":["GET"]}}],"collection":[{"href":"https:\/\/www.europesays.com\/fi\/wp-json\/wp\/v2\/posts"}],"about":[{"href":"https:\/\/www.europesays.com\/fi\/wp-json\/wp\/v2\/types\/post"}],"author":[{"embeddable":true,"href":"https:\/\/www.europesays.com\/fi\/wp-json\/wp\/v2\/users\/2"}],"replies":[{"embeddable":true,"href":"https:\/\/www.europesays.com\/fi\/wp-json\/wp\/v2\/comments?post=105916"}],"version-history":[{"count":0,"href":"https:\/\/www.europesays.com\/fi\/wp-json\/wp\/v2\/posts\/105916\/revisions"}],"wp:featuredmedia":[{"embeddable":true,"href":"https:\/\/www.europesays.com\/fi\/wp-json\/wp\/v2\/media\/105917"}],"wp:attachment":[{"href":"https:\/\/www.europesays.com\/fi\/wp-json\/wp\/v2\/media?parent=105916"}],"wp:term":[{"taxonomy":"category","embeddable":true,"href":"https:\/\/www.europesays.com\/fi\/wp-json\/wp\/v2\/categories?post=105916"},{"taxonomy":"post_tag","embeddable":true,"href":"https:\/\/www.europesays.com\/fi\/wp-json\/wp\/v2\/tags?post=105916"}],"curies":[{"name":"wp","href":"https:\/\/api.w.org\/{rel}","templated":true}]}}