{"id":105924,"date":"2025-12-02T18:31:08","date_gmt":"2025-12-02T18:31:08","guid":{"rendered":"https:\/\/www.europesays.com\/fi\/105924\/"},"modified":"2025-12-02T18:31:08","modified_gmt":"2025-12-02T18:31:08","slug":"saksalaismedia-ihmettelee-suomalaisvanhempien-tapaa-jattaa-vauvanvaununsa-kaupan-ulkopuolelle","status":"publish","type":"post","link":"https:\/\/www.europesays.com\/fi\/105924\/","title":{"rendered":"Saksalaismedia ihmettelee suomalaisvanhempien tapaa j\u00e4tt\u00e4\u00e4 vauvanvaununsa kaupan ulkopuolelle"},"content":{"rendered":"<p>Vanhemmuus|Suomalaisvanhemmat ovat aitoja, avoimia ja vaatimattomia \u2013 ja j\u00e4tt\u00e4v\u00e4t vauvansa vaikka kaupan ulkopuolelle, saksalaismedia kuvailee. Kerro kyselyss\u00e4 omat ajatuksesi aiheesta.<\/p>\n<p>Lue tiivistelm\u00e4<\/p>\n<p>Tiivistelm\u00e4 on teko\u00e4lyn tekem\u00e4 ja ihmisen tarkistama.<\/p>\n<p class=\"article-body mb-nof-24 px-nof-16 sndp-summary-bullet-point-font\">Saksalaismedia Deutsche Welle ihmettelee suomalaisten tapaa j\u00e4tt\u00e4\u00e4 vauvat vaunuissa kaupan tai kahvilan ulkopuolelle ilman valvontaa.<\/p>\n<p class=\"article-body mb-nof-24 px-nof-16 sndp-summary-bullet-point-font\">Saksalaismediassa todetaan, ett\u00e4 suomalaisvanhemmille tapa on normaali, mutta muualla kyse olisi rikoksesta.<\/p>\n<p class=\"article-body mb-nof-24 px-nof-16 sndp-summary-bullet-point-font\">Deutsche Wellen toimittaja kuvailee suomalaisten vanhemmuutta aidoksi, avoimeksi ja vaatimattomaksi.<\/p>\n<p class=\"article-body mb-nof-24 px-nof-16\">Saksalaismedia <a class=\"article-genericlink\" href=\"https:\/\/www.dw.com\/en\/why-finnish-parents-prefer-the-hands-off-approach\/video-74944539\" rel=\"nofollow noopener\" target=\"_blank\">Deutsche Welle<\/a> ihmettelee suomalaisvanhempien rentoutta.<\/p>\n<p class=\"article-body mb-nof-24 px-nof-16\">\u201dJ\u00e4tt\u00e4isitk\u00f6 vauvasi ruokakaupan ulkopuolelle ilman valvontaa? Ent\u00e4 kahvilan ulkopuolelle tai pihallesi?\u201d, DW:n toimittaja kysyy videojutun alussa.<\/p>\n<p class=\"article-body mb-nof-24 px-nof-16\">Suomalaisvanhemmille tapa on normaali, jutussa todetaan. Muualla kyse olisi rikoksesta, jutun ingressiss\u00e4 kirjoitetaan.<\/p>\n<p class=\"article-body mb-nof-24 px-nof-16\">Porvoolaisperheen haastattelun kautta media k\u00e4sittelee suomalaisten onnellisuutta, lapsilukua, lapsiperheiden tukia ja p\u00e4iv\u00e4hoitoj\u00e4rjestelm\u00e4\u00e4.<\/p>\n<p class=\"article-body mb-nof-24 px-nof-16\">Lis\u00e4ksi porvoolaisperhe toimii jutussa esimerkkin\u00e4 siit\u00e4, miten suomalaisvanhemmat kokevat turvalliseksi j\u00e4tt\u00e4\u00e4 lapsen vaunuissa nukkumaan esimerkiksi ruokakaupan tai kahvilan ulkopuolelle sill\u00e4 aikaa, kun vanhemmat itse asioivat sis\u00e4ll\u00e4.<\/p>\n<p class=\"article-body mb-nof-24 px-nof-16\">Jutussa esitell\u00e4\u00e4n, kuinka porvoolaisperheen taapero nukkuu p\u00e4iv\u00e4unensa ulkona vaunuissa omalla pihalla, vaikka maassa on lunta ja pakkasta pari astetta.<\/p>\n<p class=\"article-body mb-nof-24 px-nof-16\">\u201dMonien suomalaisten vanhemmuutta m\u00e4\u00e4ritt\u00e4v\u00e4t aitous, avoimuus ja vaatimattomuus\u201d, DW:n toimittaja sanoo.<\/p>\n","protected":false},"excerpt":{"rendered":"Vanhemmuus|Suomalaisvanhemmat ovat aitoja, avoimia ja vaatimattomia \u2013 ja j\u00e4tt\u00e4v\u00e4t vauvansa vaikka kaupan ulkopuolelle, saksalaismedia kuvailee. Kerro kyselyss\u00e4 omat&hellip;\n","protected":false},"author":2,"featured_media":105925,"comment_status":"","ping_status":"","sticky":false,"template":"","format":"standard","meta":{"footnotes":""},"categories":[14],"tags":[22,23,26,27,33,31,30,17,46,24,25,28,29,15,18,21,32,19,20,56,16,59,60,61],"class_list":{"0":"post-105924","1":"post","2":"type-post","3":"status-publish","4":"format-standard","5":"has-post-thumbnail","7":"category-ulkomaat","8":"tag-breaking-news","9":"tag-breakingnews","10":"tag-featured-news","11":"tag-featurednews","12":"tag-fi","13":"tag-finland","14":"tag-finnish","15":"tag-headlines","16":"tag-helsingin-sanomat","17":"tag-latest-news","18":"tag-latestnews","19":"tag-main-news","20":"tag-mainnews","21":"tag-news","22":"tag-otsikot","23":"tag-paauutiset","24":"tag-suomi","25":"tag-top-stories","26":"tag-topstories","27":"tag-ulkomaat","28":"tag-uutiset","29":"tag-world","30":"tag-world-news","31":"tag-worldnews"},"share_on_mastodon":{"url":"https:\/\/pubeurope.com\/@fi\/115651404382564694","error":""},"_links":{"self":[{"href":"https:\/\/www.europesays.com\/fi\/wp-json\/wp\/v2\/posts\/105924","targetHints":{"allow":["GET"]}}],"collection":[{"href":"https:\/\/www.europesays.com\/fi\/wp-json\/wp\/v2\/posts"}],"about":[{"href":"https:\/\/www.europesays.com\/fi\/wp-json\/wp\/v2\/types\/post"}],"author":[{"embeddable":true,"href":"https:\/\/www.europesays.com\/fi\/wp-json\/wp\/v2\/users\/2"}],"replies":[{"embeddable":true,"href":"https:\/\/www.europesays.com\/fi\/wp-json\/wp\/v2\/comments?post=105924"}],"version-history":[{"count":0,"href":"https:\/\/www.europesays.com\/fi\/wp-json\/wp\/v2\/posts\/105924\/revisions"}],"wp:featuredmedia":[{"embeddable":true,"href":"https:\/\/www.europesays.com\/fi\/wp-json\/wp\/v2\/media\/105925"}],"wp:attachment":[{"href":"https:\/\/www.europesays.com\/fi\/wp-json\/wp\/v2\/media?parent=105924"}],"wp:term":[{"taxonomy":"category","embeddable":true,"href":"https:\/\/www.europesays.com\/fi\/wp-json\/wp\/v2\/categories?post=105924"},{"taxonomy":"post_tag","embeddable":true,"href":"https:\/\/www.europesays.com\/fi\/wp-json\/wp\/v2\/tags?post=105924"}],"curies":[{"name":"wp","href":"https:\/\/api.w.org\/{rel}","templated":true}]}}