{"id":105926,"date":"2025-12-02T18:32:11","date_gmt":"2025-12-02T18:32:11","guid":{"rendered":"https:\/\/www.europesays.com\/fi\/105926\/"},"modified":"2025-12-02T18:32:11","modified_gmt":"2025-12-02T18:32:11","slug":"omakotitalo-tuhoutui-rajussa-tulipalossa-rovaniemella","status":"publish","type":"post","link":"https:\/\/www.europesays.com\/fi\/105926\/","title":{"rendered":"Omakotitalo tuhoutui rajussa tulipalossa Rovaniemell\u00e4"},"content":{"rendered":"<p>Kyseess\u00e4 oli 200-neli\u00f6inen omakotitalo.<\/p>\n<p class=\"article-body mb-nof-24 px-nof-16\">Lapin pelastuslaitos sai h\u00e4lytyksen tiistaina klo 16.17 isosta tulipalosta Rovaniemen Misintiell\u00e4.<\/p>\n<p class=\"article-body mb-nof-24 px-nof-16\">\u2013 Kyseess\u00e4 oli 200-neli\u00f6inen omakotitalo, joka tuhoutui t\u00e4ysin. Kaksi henkil\u00f6\u00e4 oli sis\u00e4ll\u00e4, mutta he huomasivat palon syttyneen ja p\u00e4\u00e4siv\u00e4t ulos, kertoo p\u00e4ivyst\u00e4v\u00e4 palomestari <a class=\"article-personlink\" href=\"https:\/\/www.is.fi\/haku\/?query=Jukka%20Huttunen\" rel=\"nofollow noopener\" target=\"_blank\">Jukka Huttunen<\/a>.<\/p>\n<p class=\"article-body mb-nof-24 px-nof-16\">Huttusen mukaan kyseess\u00e4 olivat talon omistajat. Heid\u00e4t ohjattiin ensihoidon tarkastettavaksi.<\/p>\n<p class=\"article-body mb-nof-24 px-nof-16\">\u2013 He eiv\u00e4t saaneet vammoja. Palo levisi todella \u00e4kki\u00e4 talon rakenteisiin, Huttunen sanoo.<\/p>\n<p class=\"article-body mb-nof-24 px-nof-16\">Pelastuslaitoksen teht\u00e4v\u00e4ksi j\u00e4i suojata viereisi\u00e4 rakennuksia, jotta roihu ei p\u00e4\u00e4sisi levi\u00e4m\u00e4\u00e4n.<\/p>\n<p class=\"article-body mb-nof-24 px-nof-16\">\u2013 T\u00e4llainen vanhempi puutalo palaa kovalla voimalla. Olemme antaneet sen palaa hallitusti kasaan, sill\u00e4 vesi ei riit\u00e4 sammuttamaan sit\u00e4 suoraan. Olemme suojanneet muut rakennukset, ja sammuttelemme loput tulipalosta, Huttunen toteaa.<\/p>\n<p class=\"article-body mb-nof-24 px-nof-16\">L\u00e4hell\u00e4 Misin asemaa sijainneen tuhoutuneen talon vieress\u00e4 on yksi asuinrakennus ja muita rakennuksia. Paikalla oli seitsem\u00e4n pelastustoimen yksikk\u00f6\u00e4.<\/p>\n<p class=\"article-body mb-nof-24 px-nof-16\">Palon syttymissyyt\u00e4 tutkitaan.<\/p>\n<p class=\"article-body mb-nof-24 px-nof-16\">\u2013 Syttymissyyt\u00e4 ei pystyt\u00e4 viel\u00e4 arvioimaan, Huttunen sanoo.<\/p>\n","protected":false},"excerpt":{"rendered":"Kyseess\u00e4 oli 200-neli\u00f6inen omakotitalo. Lapin pelastuslaitos sai h\u00e4lytyksen tiistaina klo 16.17 isosta tulipalosta Rovaniemen Misintiell\u00e4. \u2013 Kyseess\u00e4 oli&hellip;\n","protected":false},"author":2,"featured_media":105927,"comment_status":"","ping_status":"","sticky":false,"template":"","format":"standard","meta":{"footnotes":""},"categories":[12],"tags":[22,23,26,27,33,31,30,17,34,24,25,28,29,15,18,21,32,19,20,16],"class_list":{"0":"post-105926","1":"post","2":"type-post","3":"status-publish","4":"format-standard","5":"has-post-thumbnail","7":"category-suomi","8":"tag-breaking-news","9":"tag-breakingnews","10":"tag-featured-news","11":"tag-featurednews","12":"tag-fi","13":"tag-finland","14":"tag-finnish","15":"tag-headlines","16":"tag-ilta-sanomat","17":"tag-latest-news","18":"tag-latestnews","19":"tag-main-news","20":"tag-mainnews","21":"tag-news","22":"tag-otsikot","23":"tag-paauutiset","24":"tag-suomi","25":"tag-top-stories","26":"tag-topstories","27":"tag-uutiset"},"share_on_mastodon":{"url":"https:\/\/pubeurope.com\/@fi\/115651408402992750","error":""},"_links":{"self":[{"href":"https:\/\/www.europesays.com\/fi\/wp-json\/wp\/v2\/posts\/105926","targetHints":{"allow":["GET"]}}],"collection":[{"href":"https:\/\/www.europesays.com\/fi\/wp-json\/wp\/v2\/posts"}],"about":[{"href":"https:\/\/www.europesays.com\/fi\/wp-json\/wp\/v2\/types\/post"}],"author":[{"embeddable":true,"href":"https:\/\/www.europesays.com\/fi\/wp-json\/wp\/v2\/users\/2"}],"replies":[{"embeddable":true,"href":"https:\/\/www.europesays.com\/fi\/wp-json\/wp\/v2\/comments?post=105926"}],"version-history":[{"count":0,"href":"https:\/\/www.europesays.com\/fi\/wp-json\/wp\/v2\/posts\/105926\/revisions"}],"wp:featuredmedia":[{"embeddable":true,"href":"https:\/\/www.europesays.com\/fi\/wp-json\/wp\/v2\/media\/105927"}],"wp:attachment":[{"href":"https:\/\/www.europesays.com\/fi\/wp-json\/wp\/v2\/media?parent=105926"}],"wp:term":[{"taxonomy":"category","embeddable":true,"href":"https:\/\/www.europesays.com\/fi\/wp-json\/wp\/v2\/categories?post=105926"},{"taxonomy":"post_tag","embeddable":true,"href":"https:\/\/www.europesays.com\/fi\/wp-json\/wp\/v2\/tags?post=105926"}],"curies":[{"name":"wp","href":"https:\/\/api.w.org\/{rel}","templated":true}]}}