{"id":105931,"date":"2025-12-02T18:48:14","date_gmt":"2025-12-02T18:48:14","guid":{"rendered":"https:\/\/www.europesays.com\/fi\/105931\/"},"modified":"2025-12-02T18:48:14","modified_gmt":"2025-12-02T18:48:14","slug":"hapea-vei-nuoren-joona-keskitalon-tuhoisaan-elamaan-nyt-kirjailija-ymmartaa-tunteitaan-paremmin-puoli-seitseman","status":"publish","type":"post","link":"https:\/\/www.europesays.com\/fi\/105931\/","title":{"rendered":"H\u00e4pe\u00e4 vei nuoren Joona Keskitalon tuhoisaan el\u00e4m\u00e4\u00e4n \u2013 nyt kirjailija ymm\u00e4rt\u00e4\u00e4 tunteitaan paremmin | Puoli seitsem\u00e4n"},"content":{"rendered":"<p class=\"aw-1gybjub aw-1p7kakr kEtdKx cEmitX yle__article__paragraph\">Joona Keskitalo oli 2. joulukuuta vieraana <a class=\"aw-iao6s4 iHOxEa yle__article__link\" href=\"https:\/\/areena.yle.fi\/1-73837004\" role=\"link\" rel=\"nofollow noopener\" target=\"_blank\">Puoli seitsem\u00e4n -ohjelmassa<\/a>.<\/p>\n<p class=\"aw-1gybjub aw-1p7kakr kEtdKx cEmitX yle__article__paragraph\">Dekkarikirjailija <strong class=\"aw-ak79eh KyCXm yle__article__strong\">Joona Keskitalo<\/strong> ei osaa nimet\u00e4 yht\u00e4 tietty\u00e4 tilannetta lapsuudestaan, jolloin h\u00e4n olisi k\u00e4ytt\u00e4ytynyt erityisen huonosti vaikkapa opettajaa kohtaan. Tilanteita oli nimitt\u00e4in ihan jatkuvasti.<\/p>\n<p class=\"aw-1gybjub aw-1p7kakr kEtdKx cEmitX yle__article__paragraph\">H\u00e4n oli se poika, joka teki koulussa kaikkea sit\u00e4, mit\u00e4 ei olisi saanut: rikkoi s\u00e4\u00e4nt\u00f6j\u00e4, haastoi opettajan auktoriteettia ja haki kavereiden ihailua tempauksillaan.<\/p>\n<p class=\"aw-1gybjub aw-1p7kakr kEtdKx cEmitX yle__article__paragraph\">Vasta aikuisena h\u00e4n on ymm\u00e4rt\u00e4nyt, ettei uhmakkuuden taustalla ollut pelkk\u00e4 kapina vaan jotakin syvemp\u00e4\u00e4:<\/p>\n<p class=\"aw-1gybjub aw-1p7kakr kEtdKx cEmitX yle__article__paragraph\">\u2013 Jos olisit kysynyt luokkakavereilta, millainen Joona on, he olisivat sanoneet, ettei tuo h\u00e4pe\u00e4 mit\u00e4\u00e4n. En ollut kovin vihainen tai pelokas, mutta todellisuudessa toimintaani ohjasi h\u00e4pe\u00e4, Keskitalo pohtii.<\/p>\n<p><img decoding=\"async\" alt=\" Mies seisoo h\u00e4m\u00e4r\u00e4ss\u00e4 kadun varrella, jossa taustalla n\u00e4kyy vanha rakennus ja katuun heijastuu punainen liikennevalo.\" src=\"https:\/\/www.europesays.com\/fi\/wp-content\/uploads\/2025\/12\/39-15615626929da8b7098b.jpeg\" loading=\"lazy\" class=\"aw-1l9m598 hKVVvP\"\/><\/p>\n<p>Avaa kuvien katselu<\/p>\n<p>Kirjoittaminen jatkuu usein ajatuksissa my\u00f6s k\u00e4velyill\u00e4, iltaisin ja viikonloppuisin \u2013 tarinat py\u00f6riv\u00e4t Keskitalon mieless\u00e4 l\u00e4hes koko ajan. Kuva: Jouni Soikkeli<\/p>\n<p class=\"aw-1gybjub aw-1p7kakr kEtdKx cEmitX yle__article__paragraph\">Lapsena ja nuorena h\u00e4pe\u00e4n tunne oli h\u00e4nelle l\u00e4hes siet\u00e4m\u00e4t\u00f6n.<\/p>\n<p class=\"aw-1gybjub aw-1p7kakr kEtdKx cEmitX yle__article__paragraph\">Jos h\u00e4n ajautui opettajan kanssa t\u00f6rm\u00e4yskurssille, Keskitalo antoi mieluummin asioiden riist\u00e4yty\u00e4 k\u00e4sist\u00e4 kuin my\u00f6nsi toimineensa v\u00e4\u00e4rin \u2013 seh\u00e4n vasta olisikin h\u00e4vett\u00e4nyt. H\u00e4n purki pahaa oloa rajuihin, jopa t\u00f6rkeisiin tekoihin.<\/p>\n<p class=\"aw-1gybjub aw-1p7kakr kEtdKx cEmitX yle__article__paragraph\">Ulosp\u00e4in Joona Keskitalo vaikutti nuorena pelottomalta, mutta todellisuudessa h\u00e4n teki kaikkensa, ettei joutuisi itse vastuuseen.<\/p>\n<p class=\"aw-1gybjub aw-1p7kakr kEtdKx cEmitX yle__article__paragraph\">\u2013 Olen my\u00f6hemmin kuullut kolmesta pime\u00e4st\u00e4 energiasta \u2013 vihasta, pelosta ja h\u00e4pe\u00e4st\u00e4 \u2013 jotka est\u00e4v\u00e4t ihmist\u00e4 saavuttamasta potentiaaliaan. Vihan takaa voi siis l\u00f6yty\u00e4 muitakin tunteita.<\/p>\n<p><img decoding=\"async\" alt=\"Talvisessa maisemassa henkil\u00f6 seisoo pime\u00e4ss\u00e4, p\u00e4\u00e4ll\u00e4\u00e4n tumma takki ja vaalea huppari.\" src=\"https:\/\/www.europesays.com\/fi\/wp-content\/uploads\/2025\/12\/39-1561348692986e0dcaa5.jpeg\" loading=\"lazy\" class=\"aw-1l9m598 hKVVvP\"\/><\/p>\n<p>Avaa kuvien katselu<\/p>\n<p>Rauhallinen perhearki on kirjailijalle nyky\u00e4\u00e4n t\u00e4rke\u00e4\u00e4. Kuva: Jouni SoikkeliNuoruuden kapinasta aikuisi\u00e4n suorituspaineisiin<\/p>\n<p class=\"aw-1gybjub aw-1p7kakr kEtdKx cEmitX yle__article__paragraph\">Nuoren Joonan el\u00e4m\u00e4 oli t\u00e4ynn\u00e4 rajojen kokeilua, p\u00e4ihteit\u00e4, kotoa karkaamisia ja r\u00f6t\u00f6stely\u00e4. Vapaus oli h\u00e4nelle t\u00e4rkeint\u00e4, mutta todellisuudessa se tarkoitti ajelehtimista \u2013 ja ajoittain my\u00f6s poliisiasemalla vierailuja.<\/p>\n<p class=\"aw-1gybjub aw-1p7kakr kEtdKx cEmitX yle__article__paragraph\">Keskitalo pohtii, ett\u00e4 nuoruuden typeryyksiin vaikutti my\u00f6s aivojen kehitys:<\/p>\n<p class=\"aw-1gybjub aw-1p7kakr kEtdKx cEmitX yle__article__paragraph\">\u2013 Olen lukenut, ett\u00e4 miesten otsalohko kehittyy usein my\u00f6hemmin kuin naisilla, vasta 25-vuotiaana. Ei ihme, ett\u00e4 nuorena tuli tehty\u00e4 tyhmyyksi\u00e4.<\/p>\n<p class=\"aw-1gybjub aw-1p7kakr kEtdKx cEmitX yle__article__paragraph\">Keskitalo kertoo ymm\u00e4rt\u00e4neens\u00e4 aikuisena ajelehtimisen ja r\u00f6yhkeyden johtuneen hyv\u00e4ksynn\u00e4n tarpeesta. H\u00e4n ei halunnut n\u00e4ytt\u00e4\u00e4 heikolta muiden silmiss\u00e4.<\/p>\n<p class=\"aw-1gybjub aw-1p7kakr kEtdKx cEmitX yle__article__paragraph\">Parikymppisen\u00e4 Keskitalo tavoitteli kunniaa ty\u00f6nteolla ja menestyksell\u00e4. H\u00e4n perusti yrityksen, treenasi itsens\u00e4 huippukuntoon ja yritti n\u00e4ytt\u00e4\u00e4 ulosp\u00e4in, ett\u00e4 kaikki on hallussa.<\/p>\n<p class=\"aw-1gybjub aw-1p7kakr kEtdKx cEmitX yle__article__paragraph\">Sis\u00e4ll\u00e4 oli kuitenkin tyhj\u00e4 olo ja hiljainen burnout. N\u00e4ist\u00e4 vaiheista Keskitalo on kertonut <a class=\"aw-iao6s4 iHOxEa yle__article__link\" href=\"https:\/\/anna.fi\/ihmiset\/joona-keskitalo#google_vignette\" role=\"link\" rel=\"nofollow noopener\" target=\"_blank\">Anna-lehdess\u00e4<\/a>.<\/p>\n<p>Keskitalo kertoo oppineensa pys\u00e4htym\u00e4\u00e4n ennen kuin toimii.<\/p>\n<p class=\"aw-1gybjub aw-1p7kakr kEtdKx cEmitX yle__article__paragraph\">Kun nuoruuden kaoottinen el\u00e4m\u00e4 vaihtui aikuisuuteen, Keskitalolle tuli tarve ottaa el\u00e4m\u00e4 tiukasti hallintaan ja hetkeksi h\u00e4n ajautui toiseen \u00e4\u00e4rip\u00e4\u00e4h\u00e4n. H\u00e4n pyrki ty\u00f6nteon ja suoritusten kautta kontrolloimaan kaikkea.<\/p>\n<p class=\"aw-1gybjub aw-1p7kakr kEtdKx cEmitX yle__article__paragraph\">\u2013 Yritin v\u00e4kisin pit\u00e4\u00e4 kaiken kasassa ja sopeutua, mutta siit\u00e4kin l\u00f6ysin itseni ongelmista ja lopulta jonkinasteisesta burnoutista.<\/p>\n<p>Itsens\u00e4 hyv\u00e4ksyminen muutti el\u00e4m\u00e4n suunnan<\/p>\n<p class=\"aw-1gybjub aw-1p7kakr kEtdKx cEmitX yle__article__paragraph\">V\u00e4hitellen Keskitalo oppi my\u00f6nt\u00e4m\u00e4\u00e4n itselleen keskener\u00e4isyytens\u00e4. Meditointi, itsereflektointi ja perheen perustaminen toivat el\u00e4m\u00e4\u00e4n uuden suunnan.<\/p>\n<p class=\"aw-1gybjub aw-1p7kakr kEtdKx cEmitX yle__article__paragraph\">\u2013 Olen l\u00f6yt\u00e4nyt jonkinlaisen rauhan, mutta tiedostan, ett\u00e4 el\u00e4n nytkin vain vaiheessa ja seuraava vaihe voi olla taas ihan toisenn\u00e4k\u00f6inen.<\/p>\n<p><img decoding=\"async\" alt=\"Mies seisoo keskiaikaisen kivirakennelman edess\u00e4 v\u00e4h\u00e4isess\u00e4 valossa.\" src=\"https:\/\/www.europesays.com\/fi\/wp-content\/uploads\/2025\/12\/39-1561347692986df89ccd.jpeg\" loading=\"lazy\" class=\"aw-1l9m598 hKVVvP\"\/><\/p>\n<p>Avaa kuvien katselu<\/p>\n<p>Joona Keskitalo kirjoittaa rikosromaanejaan H\u00e4meenlinnassa. Kuva: Jouni Soikkeli<\/p>\n<p class=\"aw-1gybjub aw-1p7kakr kEtdKx cEmitX yle__article__paragraph\">Kirjailijan arki H\u00e4meenlinnassa vaimon ja pienten tytt\u00e4rien kanssa on nykyisin tasaista ja rauhallista. Ja juuri sellaisesta kolmikymppinen kirjailija Keskitalo todella nauttii.<\/p>\n<p class=\"aw-1gybjub aw-1p7kakr kEtdKx cEmitX yle__article__paragraph\">Viime aikoina h\u00e4nen ja tytt\u00e4rien lempipuuhiin on kuulunut iltak\u00e4velyt ja t\u00e4htien katselu kaupungin talvipimeydess\u00e4.<\/p>\n<p class=\"aw-1gybjub aw-1p7kakr kEtdKx cEmitX yle__article__paragraph\">Joona Keskitalo ty\u00f6skentelee t\u00e4ll\u00e4 hetkell\u00e4 kotitoimistollaan Takamailla-sarjan viidennen osan parissa.<\/p>\n<p class=\"aw-1gybjub aw-1p7kakr kEtdKx cEmitX yle__article__paragraph\">Sarjan jokainen kirja kertoo oman itsen\u00e4isen rikostarinansa, ja tapahtumapaikat l\u00f6ytyv\u00e4t usein syrj\u00e4isist\u00e4 suomalaisista maisemista, pitkien hiekkateiden p\u00e4ist\u00e4. Viimeisin osa sijoittuu etel\u00e4pohjanmaan lakeuksille.<\/p>\n<p class=\"aw-1gybjub aw-1p7kakr kEtdKx cEmitX yle__article__paragraph\">Keskitalo kertoo Takamailla-sarjassa hahmoista, jotka ovat tavalla tai toisella ep\u00e4kypsi\u00e4, puutteellisia tai el\u00e4m\u00e4n kolhimia. H\u00e4n tarkastelee rikoksia tavallisten ihmisten silmin, ja tarinoissa synkk\u00e4 realismi ja huumori sekoittuvat.<\/p>\n<p class=\"aw-1gybjub aw-1p7kakr kEtdKx cEmitX yle__article__paragraph\">\u2013 Olen jollain tavalla s\u00e4hl\u00e4nnyt t\u00e4ss\u00e4 el\u00e4m\u00e4ss\u00e4 eteenp\u00e4in ja ollut sill\u00e4 tavalla ep\u00e4kyps\u00e4 kappale, siksi kirjoitan niiden ep\u00e4kypsien kappaleiden n\u00e4k\u00f6kulmasta.<\/p>\n<p><img decoding=\"async\" alt=\"Miehen sivuprofiili h\u00e4m\u00e4r\u00e4ss\u00e4 valaistuksessa, taustalla n\u00e4kyy vahva valo.\" src=\"https:\/\/www.europesays.com\/fi\/wp-content\/uploads\/2025\/12\/39-1561346692986ded26e5.jpeg\" loading=\"lazy\" class=\"aw-1l9m598 hKVVvP\"\/><\/p>\n<p>Avaa kuvien katselu<\/p>\n<p>Joona Keskitalo rakentaa tarinoitaan pimeist\u00e4 ja valoisista s\u00e4vyist\u00e4. Kuva: Jouni SoikkeliTunnereaktioiden hallinta on osa henkist\u00e4 kasvua<\/p>\n<p class=\"aw-1gybjub aw-1p7kakr kEtdKx cEmitX yle__article__paragraph\">Nyky\u00e4\u00e4n Keskitalo pystyy kohtaamaan h\u00e4pe\u00e4n tunteen ja ottamaan sen vastaan reagoimatta en\u00e4\u00e4 ensimm\u00e4isen impulssin mukaan. H\u00e4n uskoo, ett\u00e4 henkinen kasvu liittyy itsens\u00e4 hyv\u00e4ksymiseen ja siihen, ettei en\u00e4\u00e4 toimi yht\u00e4 suoraan ensimm\u00e4isen tunnereaktion ajamana.<\/p>\n<p class=\"aw-1gybjub aw-1p7kakr kEtdKx cEmitX yle__article__paragraph\">\u2013 Minulla oli ennen vain semmoinen suora putki \u2013 oli joku ajatus tai tunne, ja siit\u00e4 seurasi toiminta. Nyt putken v\u00e4liss\u00e4 on paussi, ja sen j\u00e4lkeen p\u00e4\u00e4tet\u00e4\u00e4n, miten toimitaan, Keskitalo kuvailee.<\/p>\n<p class=\"aw-1gybjub aw-1p7kakr kEtdKx cEmitX yle__article__paragraph\">Kun el\u00e4m\u00e4 on tasapainossa ja perusasiat kunnossa, pienet asiat eiv\u00e4t en\u00e4\u00e4 hetkauta samalla tavalla kuin ennen.<\/p>\n<p><img decoding=\"async\" alt=\"Kuvan henkil\u00f6 seisoo pinnalta rikkoutuneen betonisein\u00e4n edess\u00e4 pukeutuneena huppariin ja tummaan takkiin.\" src=\"https:\/\/www.europesays.com\/fi\/wp-content\/uploads\/2025\/12\/39-1561349692986e1bf7ff.jpeg\" loading=\"lazy\" class=\"aw-1l9m598 hKVVvP\"\/><\/p>\n<p>Avaa kuvien katselu<\/p>\n<p>Keskitalo kirjoittaa yleens\u00e4 aamuisin, ja h\u00e4nell\u00e4 on tavoitteena saada aikaan 1500 sanaa p\u00e4iv\u00e4ss\u00e4. Kuva: Jouni Soikkeli<\/p>\n<p class=\"aw-1gybjub aw-1p7kakr kEtdKx cEmitX yle__article__paragraph\">\u2013 Lapset on siit\u00e4 hyv\u00e4, ett\u00e4 ne kyll\u00e4 auttavat luopumaan oman navan katselusta, kun joudut oikeasti pit\u00e4m\u00e4\u00e4n huolta ja ottamaan vastuuta el\u00e4vist\u00e4 ihmisist\u00e4.<\/p>\n<p class=\"aw-1gybjub aw-1p7kakr kEtdKx cEmitX yle__article__paragraph\">Joona Keskitalo haluaa olla kiitollinen siit\u00e4, ett\u00e4 saa tehd\u00e4 ty\u00f6kseen sit\u00e4, mist\u00e4 lapsena haaveili \u2013 ja uskoo nyky\u00e4\u00e4n olevansa keskivertoa parempi tunnustamaan omat virheens\u00e4 ja puutteensa.<\/p>\n<p class=\"aw-1gybjub aw-1p7kakr kEtdKx cEmitX yle__article__paragraph\">\u2013 Kaikki on ohimenev\u00e4\u00e4, my\u00f6s vaikeudet, h\u00e4n siteeraa ruotsalaista ekonomi-meditoija <strong class=\"aw-ak79eh KyCXm yle__article__strong\">Bj\u00f6rn Natthiko Lindebladia<\/strong>.<\/p>\n<p class=\"aw-1gybjub aw-1p7kakr kEtdKx cEmitX yle__article__paragraph\"><strong class=\"aw-ak79eh KyCXm yle__article__strong\">Katso Joona Keskitalon vierailu Puoli seitsem\u00e4n -ohjelmassa:<\/strong><\/p>\n<p><img decoding=\"async\" alt=\"\" src=\"https:\/\/www.europesays.com\/fi\/wp-content\/uploads\/2025\/12\/13-1-73837004-1764695590065.jpeg\" class=\"aw-1l9m598 hKVVvP\"\/><\/p>\n","protected":false},"excerpt":{"rendered":"Joona Keskitalo oli 2. joulukuuta vieraana Puoli seitsem\u00e4n -ohjelmassa. Dekkarikirjailija Joona Keskitalo ei osaa nimet\u00e4 yht\u00e4 tietty\u00e4 tilannetta&hellip;\n","protected":false},"author":2,"featured_media":105932,"comment_status":"","ping_status":"","sticky":false,"template":"","format":"standard","meta":{"footnotes":""},"categories":[133],"tags":[19960,137,33,31,30,2109,16064,9339,108,5853,32,206,156,109],"class_list":{"0":"post-105931","1":"post","2":"type-post","3":"status-publish","4":"format-standard","5":"has-post-thumbnail","7":"category-televisiot","8":"tag-aikuistuminen","9":"tag-entertainment","10":"tag-fi","11":"tag-finland","12":"tag-finnish","13":"tag-hameenlinna","14":"tag-hapea","15":"tag-joona-keskitalo","16":"tag-kulttuuri","17":"tag-puoli-seitseman","18":"tag-suomi","19":"tag-televisiot","20":"tag-tv","21":"tag-viihde"},"share_on_mastodon":{"url":"https:\/\/pubeurope.com\/@fi\/115651471583310622","error":""},"_links":{"self":[{"href":"https:\/\/www.europesays.com\/fi\/wp-json\/wp\/v2\/posts\/105931","targetHints":{"allow":["GET"]}}],"collection":[{"href":"https:\/\/www.europesays.com\/fi\/wp-json\/wp\/v2\/posts"}],"about":[{"href":"https:\/\/www.europesays.com\/fi\/wp-json\/wp\/v2\/types\/post"}],"author":[{"embeddable":true,"href":"https:\/\/www.europesays.com\/fi\/wp-json\/wp\/v2\/users\/2"}],"replies":[{"embeddable":true,"href":"https:\/\/www.europesays.com\/fi\/wp-json\/wp\/v2\/comments?post=105931"}],"version-history":[{"count":0,"href":"https:\/\/www.europesays.com\/fi\/wp-json\/wp\/v2\/posts\/105931\/revisions"}],"wp:featuredmedia":[{"embeddable":true,"href":"https:\/\/www.europesays.com\/fi\/wp-json\/wp\/v2\/media\/105932"}],"wp:attachment":[{"href":"https:\/\/www.europesays.com\/fi\/wp-json\/wp\/v2\/media?parent=105931"}],"wp:term":[{"taxonomy":"category","embeddable":true,"href":"https:\/\/www.europesays.com\/fi\/wp-json\/wp\/v2\/categories?post=105931"},{"taxonomy":"post_tag","embeddable":true,"href":"https:\/\/www.europesays.com\/fi\/wp-json\/wp\/v2\/tags?post=105931"}],"curies":[{"name":"wp","href":"https:\/\/api.w.org\/{rel}","templated":true}]}}