{"id":105939,"date":"2025-12-02T18:53:10","date_gmt":"2025-12-02T18:53:10","guid":{"rendered":"https:\/\/www.europesays.com\/fi\/105939\/"},"modified":"2025-12-02T18:53:10","modified_gmt":"2025-12-02T18:53:10","slug":"jorma-uotinen-kuvailee-podcast-palkkiotaan-lahinna-kahvirahoiksi","status":"publish","type":"post","link":"https:\/\/www.europesays.com\/fi\/105939\/","title":{"rendered":"Jorma Uotinen kuvailee podcast-palkkiotaan l\u00e4hinn\u00e4 kahvirahoiksi."},"content":{"rendered":"<p>            Adobe Stock &amp; Seiskan arkisto\n        <\/p>\n<p class=\"subtitle \">Suomessa maksetut palkkiot eiv\u00e4t p\u00e4rj\u00e4\u00e4 Pariisin vastaaville, Jorma tiet\u00e4\u00e4.<\/p>\n<p class=\"article-content article-content-width !bg-background\">Tanssii t\u00e4htien kanssa on t\u00e4m\u00e4n syksyn osalta paketissa, mutta kulttuurikeisari , 75, riitt\u00e4\u00e4 kiireit\u00e4.<\/p>\n<p class=\"font-weight-bold m-font-weight-bold article-content article-content-width !bg-background\">Videolla Vappu Pimi\u00e4 fiilistelee Seiskalle TTK-finaalin j\u00e4lkeen:<\/p>\n<p class=\"article-content article-content-width !bg-background\">Suursuosiota nauttiva podcast Sami &amp; Jorma on loppuvuodesta jalkautunut live-esiintymisiin.<\/p>\n<p class=\"article-content article-content-width !bg-background\">Marraskuussa Turusta startannut ja parin viikon p\u00e4\u00e4st\u00e4 Jyv\u00e4skyl\u00e4\u00e4n huipentuva Sami &amp; Jorma \u2013 Keikarit kiertueella on ollut valtava menestys.<\/p>\n<p>        <a itemprop=\"url\" href=\"https:\/\/www.seiska.fi\/katso\/jorma-uotiselta-suorat-sanat-johannes-holopaisen-ttk-voitosta\/2003756\" rel=\"nofollow noopener\" target=\"_blank\"><\/p>\n<p>\nJorma Uotinen\n<\/p>\n<p class=\"section-date\">\n        <strong class=\"article-section\" data-section=\"katso\"><br \/>\n            katso<br \/>\n        <\/strong><br \/>\n        25.11. 17:15\n    <\/p>\n<p>Jorma Uotiselta suorat sanat Johannes Holopaisen TTK-voitosta\n    <\/p>\n<p itemprop=\"description\" class=\"subtitle \">\n    \u2013 M\u00e4 en jaksa, tuohtunut Jorma Uotinen tilitt\u00e4\u00e4 Katsolle.\n<\/p>\n<p>        <\/a><\/p>\n<p class=\"article-content article-content-width !bg-background\">Kiertueen kaikki kolme viimeisint\u00e4 keikkaa ovat jo nyt loppuunmyytyj\u00e4. Lippupalvelussa kiertuetta kuvaillaan n\u00e4in:<\/p>\n<p class=\"italic m-italic article-content article-content-width !bg-background\">\u201cLuvassa on iloisia iltamia, joissa tartutaan pikkujoulukauden kuumimpiin kohinoihin, puidaan tyyliasiat, kulttuuri, ihmiset, ja sutsurellat.\u201d<\/p>\n<p>Tekemist\u00e4 riitt\u00e4\u00e4<\/p>\n<p class=\"article-content article-content-width !bg-background\">Seiska kys\u00e4isi Jormalta TTK-finaalin j\u00e4lkihumussa t\u00e4m\u00e4n ty\u00f6kuvioista. K\u00e4vi ilmi, ett\u00e4 porilaisella tanssijanerolla on tosiaankin meneill\u00e4\u00e4n kiireinen loppuvuosi.<\/p>\n<p>\n            Onhan niiss\u00e4 palkkioissa nyt eroa.\n            <\/p>\n<p class=\"article-content article-content-width !bg-background\">\u2013 No minulla on viel\u00e4 Keikarit-kiertuetta  kanssa. Se on ollut kovin miellytt\u00e4v\u00e4\u00e4.<\/p>\n<p class=\"article-content article-content-width !bg-background\">\u2013 Lis\u00e4ksi minulla on  kanssa kaksi konserttia. Ja tietysti sit\u00e4 meid\u00e4n podcastia tehd\u00e4\u00e4n ihan viikoittain.<\/p>\n<p>\u201cKahvirahoja\u201d<\/p>\n<p class=\"article-content article-content-width !bg-background\">Samin ja Jorman supersuosittu podcast py\u00f6rii kaupallisella puolella Podimolla. Tanskalaisl\u00e4ht\u00f6inen podcast-alusta tunnetaan varsin avok\u00e4tisen\u00e4 palkanmaksajana.<\/p>\n<p>        <a itemprop=\"url\" href=\"https:\/\/www.seiska.fi\/urheilu\/harregud-sami-sykko-avoimena-valeistaan-jorma-uotiseen-kehun-aina-jormaa\/1703937\" rel=\"nofollow noopener\" target=\"_blank\"><\/p>\n<p>\nH\u00e4rregud!\n<\/p>\n<p class=\"section-date\">\n        <strong class=\"article-section\" data-section=\"urheilu\"><br \/>\n            urheilu<br \/>\n        <\/strong><br \/>\n        15.5. 19:32\n    <\/p>\n<p>H\u00e4rregud! Sami Sykk\u00f6 avoimena v\u00e4leist\u00e4\u00e4n Jorma Uotiseen: \u201dKehun aina Jormaa!\u201d\n    <\/p>\n<p itemprop=\"description\" class=\"subtitle \">\n    Ihailtu tyylitaituri kommentoi v\u00e4lej\u00e4\u00e4n koko kansan tanssitaiteilijaan.\n<\/p>\n<p>        <\/a><\/p>\n<p class=\"font-weight-bold m-font-weight-bold article-content article-content-width !bg-background\">Jorma! Podcastinne on sen verran suosittu, ett\u00e4 onko teill\u00e4 miten rahakas diili Podimon kanssa?<\/p>\n<p class=\"article-content article-content-width !bg-background\">\u2013 Kyll\u00e4 m\u00e4 sanon, ett\u00e4 n\u00e4m\u00e4 Suomen palkkiot ovat ihan kahvirahoja. Sit\u00e4 ne on verrattuna semmoisiin kansainv\u00e4lisiin, jotka levi\u00e4\u00e4 ymp\u00e4ri maailmaa.<\/p>\n<p class=\"font-weight-bold m-font-weight-bold article-content article-content-width !bg-background\">Eli jos verrataan vaikka Pariisiin tai muualle Manner-Eurooppaan&#8230;?<\/p>\n<p class=\"article-content article-content-width !bg-background\">\u2013 Niin, niin, niin. Onhan niiss\u00e4 palkkioissa nyt eroa, Jorma sanoo suoraan.<\/p>\n<p>                <img decoding=\"async\" src=\"https:\/\/www.europesays.com\/fi\/wp-content\/uploads\/2025\/12\/2008995.webp\" width=\"576\" height=\"322\" alt=\"Jorma Uotinen sanoo kuten asiat ovat.\" loading=\"lazy\" \/>            <\/p>\n<p>\n            Jorma Uotinen sanoo kuten asiat ovat.<br \/>\n            Matti Matikainen\n        <\/p>\n<p>Pukkiperinne katkesi<\/p>\n<p class=\"article-content article-content-width !bg-background\">Jorma ei ole viel\u00e4 ly\u00f6nyt lukkoon seuraavaa Pariisin-reissuaan. Kanvainv\u00e4list\u00e4 mainetta niitt\u00e4nyt koreografi toivoo ehtiv\u00e4ns\u00e4 ensi kev\u00e4\u00e4n\u00e4 rakkauden kaupunkiin.<\/p>\n<p class=\"article-content article-content-width !bg-background\">Sit\u00e4 ennen olisi kuitenkin taputeltava joulu, joka kuluu perinteiseen tyyliin Helsingiss\u00e4.<\/p>\n<p>\n            Olen aina tyk\u00e4nnyt viett\u00e4\u00e4 kaupunkijoulua.\n            <\/p>\n<p class=\"article-content article-content-width !bg-background\">\u2013 Viet\u00e4n oikein semmoisen rauhallisen perinteisen joulun l\u00e4himm\u00e4isten kanssa.<\/p>\n<p>        <a itemprop=\"url\" href=\"https:\/\/www.seiska.fi\/kotimaa\/suvi-hartlin-loksautti-leuat-sinkkukaunottarelta-paljastus-pikkujouluista\/2008481\" rel=\"nofollow noopener\" target=\"_blank\"><\/p>\n<p>\nSuvi Hartlin loksautti leuat\n<\/p>\n<p class=\"section-date\">\n        <strong class=\"article-section\" data-section=\"kotimaa\"><br \/>\n            kotimaa<br \/>\n        <\/strong><br \/>\n        1.12. 18:00\n    <\/p>\n<p>Suvi Hartlin loksautti leuat \u2013 sinkkukaunottarelta paljastus pikkujouluista\n    <\/p>\n<p itemprop=\"description\" class=\"subtitle \">\n    Hehke\u00e4 radiojuontaja puhuu suunsa puhtaaksi.\n<\/p>\n<p>        <\/a><\/p>\n<p class=\"article-content article-content-width !bg-background\">\u2013 Olen aina tyk\u00e4nnyt viett\u00e4\u00e4 kaupunkijoulua. Tai aikoinaan oli kyll\u00e4 niit\u00e4 Hyrsyl\u00e4n jouluja, mutta se kausi on jo ohi.<\/p>\n<p class=\"article-content article-content-width !bg-background\">Jorman jouluperinne Hyrsyl\u00e4n Mutkan joulupukkina katkesi  kuolemaan 2023.<\/p>\n<p>                <img decoding=\"async\" src=\"https:\/\/www.europesays.com\/fi\/wp-content\/uploads\/2025\/12\/2008997.webp\" width=\"576\" height=\"720\" alt=\"Seiska jututti Jormaa TTK-finaalin p\u00e4\u00e4tteeksi.\" loading=\"lazy\" \/>            <\/p>\n<p>\n            Seiska jututti Jormaa TTK-finaalin p\u00e4\u00e4tteeksi.<br \/>\n            Matti Matikainen\n        <\/p>\n","protected":false},"excerpt":{"rendered":"Adobe Stock &amp; Seiskan arkisto Suomessa maksetut palkkiot eiv\u00e4t p\u00e4rj\u00e4\u00e4 Pariisin vastaaville, Jorma tiet\u00e4\u00e4. Tanssii t\u00e4htien kanssa on&hellip;\n","protected":false},"author":2,"featured_media":105940,"comment_status":"","ping_status":"","sticky":false,"template":"","format":"standard","meta":{"footnotes":""},"categories":[130],"tags":[137,33,31,30,4164,19964,19963,4684,2923,11513,1240,19965,6347,32,3099,6344,19837,109],"class_list":{"0":"post-105939","1":"post","2":"type-post","3":"status-publish","4":"format-standard","5":"has-post-thumbnail","7":"category-viihde","8":"tag-entertainment","9":"tag-fi","10":"tag-finland","11":"tag-finnish","12":"tag-jorma-uotinen","13":"tag-joulunvietto","14":"tag-keikarit-kiertueella","15":"tag-pariisi","16":"tag-podcast","17":"tag-podimo","18":"tag-raha","19":"tag-sami-jorma","20":"tag-sami-sykko","21":"tag-suomi","22":"tag-ttk","23":"tag-ttk-2025","24":"tag-ttk-finaali","25":"tag-viihde"},"share_on_mastodon":{"url":"https:\/\/pubeurope.com\/@fi\/115651491014646212","error":""},"_links":{"self":[{"href":"https:\/\/www.europesays.com\/fi\/wp-json\/wp\/v2\/posts\/105939","targetHints":{"allow":["GET"]}}],"collection":[{"href":"https:\/\/www.europesays.com\/fi\/wp-json\/wp\/v2\/posts"}],"about":[{"href":"https:\/\/www.europesays.com\/fi\/wp-json\/wp\/v2\/types\/post"}],"author":[{"embeddable":true,"href":"https:\/\/www.europesays.com\/fi\/wp-json\/wp\/v2\/users\/2"}],"replies":[{"embeddable":true,"href":"https:\/\/www.europesays.com\/fi\/wp-json\/wp\/v2\/comments?post=105939"}],"version-history":[{"count":0,"href":"https:\/\/www.europesays.com\/fi\/wp-json\/wp\/v2\/posts\/105939\/revisions"}],"wp:featuredmedia":[{"embeddable":true,"href":"https:\/\/www.europesays.com\/fi\/wp-json\/wp\/v2\/media\/105940"}],"wp:attachment":[{"href":"https:\/\/www.europesays.com\/fi\/wp-json\/wp\/v2\/media?parent=105939"}],"wp:term":[{"taxonomy":"category","embeddable":true,"href":"https:\/\/www.europesays.com\/fi\/wp-json\/wp\/v2\/categories?post=105939"},{"taxonomy":"post_tag","embeddable":true,"href":"https:\/\/www.europesays.com\/fi\/wp-json\/wp\/v2\/tags?post=105939"}],"curies":[{"name":"wp","href":"https:\/\/api.w.org\/{rel}","templated":true}]}}