{"id":105943,"date":"2025-12-02T18:57:09","date_gmt":"2025-12-02T18:57:09","guid":{"rendered":"https:\/\/www.europesays.com\/fi\/105943\/"},"modified":"2025-12-02T18:57:09","modified_gmt":"2025-12-02T18:57:09","slug":"euroopan-keskuspankki-ei-takaa-ukraina-lainaa-kertoo-ft-tata-se-tarkoittaa-ulkomaat","status":"publish","type":"post","link":"https:\/\/www.europesays.com\/fi\/105943\/","title":{"rendered":"Euroopan keskuspankki ei takaa Ukraina-lainaa, kertoo FT \u2013 t\u00e4t\u00e4 se tarkoittaa | Ulkomaat"},"content":{"rendered":"<p class=\"aw-1gybjub aw-5vja16 kEtdKx kmuxyA yle__article__paragraph\">Europarla\u00admentaarikko Ville Niinist\u00f6n mukaan EKP:n kielt\u00e4ytyminen on takaisku j\u00e4\u00e4dytettyjen rahojen k\u00e4yt\u00f6lle, mutta ei est\u00e4 sit\u00e4.<\/p>\n<p><img decoding=\"async\" alt=\"Paikalliset asukkaat katsovat sivusta, kun asuinrakennus syttyy palamaan ilmahy\u00f6kk\u00e4yksen j\u00e4lkeen Zapori\u017e\u017ejassa.\" src=\"https:\/\/www.europesays.com\/fi\/wp-content\/uploads\/2025\/12\/39-15594056926a9d2ce3a2.jpeg\" class=\"aw-1l9m598 hKVVvP\"\/><\/p>\n<p>Avaa kuvien katselu<\/p>\n<p>Ukrainan taloudellinen tilanne on huono, mink\u00e4 takia Euroopan maat etsiv\u00e4t tapoja tukea sit\u00e4 rahallisesti. Kuva on otettu ilmahy\u00f6kk\u00e4yksen j\u00e4lkeen marraskuussa Zapori\u017e\u017ejassa. Kuva: Darya Nazarova \/ AFP<\/p>\n<ul class=\"aw-1jjocuh iJTSwP yle__article__list yle__article__list--ul\">\n<li class=\"aw-1j7gwms gNYKfi\">Euroopan keskuspankki (EKP) kielt\u00e4ytyy FT:n tietojen mukaan takaamasta Ukrainalle 140 miljardin euron lainaa, joka rahoitettaisiin Ven\u00e4j\u00e4n j\u00e4\u00e4dytetyist\u00e4 varoista.<\/li>\n<li class=\"aw-1j7gwms gNYKfi\">EKP perustelee kantaansa sill\u00e4, ett\u00e4 takaus voisi rikkoa EU:n perussopimusta.<\/li>\n<li class=\"aw-1j7gwms gNYKfi\">P\u00e4\u00e4t\u00f6s on takaisku, mutta lainan toteutuminen on edelleen kiinni EU-maiden poliittisista p\u00e4\u00e4t\u00f6ksist\u00e4 ja Belgian suostumuksesta.<\/li>\n<\/ul>\n<p class=\"aw-1gybjub aw-1p7kakr kEtdKx cEmitX yle__article__paragraph\">T\u00e4m\u00e4 on teko\u00e4lyn avulla tuotettu, toimittajan tarkistama tiivistelm\u00e4.<\/p>\n<p class=\"aw-1gybjub aw-1p7kakr kEtdKx cEmitX yle__article__paragraph\">Euroopan keskuspankki (EKP) on kielt\u00e4ytynyt takaamasta 140 miljardin euron suuruista lainaa Ukrainalle, kertoo <a class=\"aw-iao6s4 iHOxEa yle__article__link\" href=\"https:\/\/www.ft.com\/content\/616c79ee-34de-425a-865e-e94ba10be788\" role=\"link\" rel=\"nofollow noopener\" target=\"_blank\">Financial Times<\/a> (FT) l\u00e4hteisiins\u00e4 perustuen.<\/p>\n<p class=\"aw-1gybjub aw-1p7kakr kEtdKx cEmitX yle__article__paragraph\">T\u00e4m\u00e4 Ukrainalle my\u00f6nnett\u00e4v\u00e4 laina olisi tarkoitus ottaa Ven\u00e4j\u00e4lt\u00e4 j\u00e4\u00e4dytetyist\u00e4 varoista.<\/p>\n<p class=\"aw-1gybjub aw-1p7kakr kEtdKx cEmitX yle__article__paragraph\">Kysyimme europarlamentaarikko <strong class=\"aw-ak79eh KyCXm yle__article__strong\">Ville<\/strong> <strong class=\"aw-ak79eh KyCXm yle__article__strong\">Niinist\u00f6lt\u00e4<\/strong>, mit\u00e4 EKP:n kielt\u00e4ytyminen tarkoittaa Ukraina-tuelle. Niinist\u00f6 toimii Euroopan parlamentin Ven\u00e4j\u00e4-valtuuskunnan puheenjohtajana.<\/p>\n<p><img decoding=\"async\" alt=\"Ville Niinist\u00f6\" src=\"https:\/\/www.europesays.com\/fi\/wp-content\/uploads\/2025\/12\/39-135576866f8faed4f0ba.jpeg\" loading=\"lazy\" class=\"aw-1l9m598 hKVVvP\"\/><\/p>\n<p>Avaa kuvien katselu<\/p>\n<p>Europarlamentaarikko Ville Niinist\u00f6 on ty\u00f6skennellyt Ven\u00e4j\u00e4-pakotteiden ja Ukrainan sotaan liittyvien kysymysten parissa Ven\u00e4j\u00e4-valtuuskunnassa. Kuva: Mikko Ahmaj\u00e4rvi \/ YleMitk\u00e4 Ven\u00e4j\u00e4lt\u00e4 j\u00e4\u00e4dytetyt varat?<\/p>\n<p class=\"aw-1gybjub aw-1p7kakr kEtdKx cEmitX yle__article__paragraph\">EU on j\u00e4\u00e4dytt\u00e4nyt noin 210 miljardia euroa Ven\u00e4j\u00e4n varoja sen j\u00e4lkeen, kun Ven\u00e4j\u00e4 hy\u00f6kk\u00e4si Ukrainaan vuonna 2022.<\/p>\n<p class=\"aw-1gybjub aw-1p7kakr kEtdKx cEmitX yle__article__paragraph\">Merkitt\u00e4v\u00e4 m\u00e4\u00e4r\u00e4 n\u00e4ist\u00e4 Ven\u00e4j\u00e4lt\u00e4 j\u00e4\u00e4dytetyist\u00e4 varoista on Belgiaan rekister\u00f6idyn arvopaperikeskus Euroclearin tilill\u00e4. Euroopan komission tarkoituksena olisi lainata 140 miljardia Euroclearilta ja taata t\u00e4m\u00e4 laina nollakorolla. Euroopan komissio taas lainaisi n\u00e4m\u00e4 rahat Ukrainalle.<\/p>\n<p class=\"aw-1gybjub aw-1p7kakr kEtdKx cEmitX yle__article__paragraph\">Ukrainan olisi tarkoitus maksaa t\u00e4m\u00e4 laina takaisin, kun Ven\u00e4j\u00e4 on lopettanut hy\u00f6kk\u00e4yssotansa ja maksanut Ukrainalle sotakorvauksia. Laina kustannettaisiin siis Ven\u00e4j\u00e4n maksamilla sotakorvauksilla.<\/p>\n<p class=\"aw-1gybjub aw-1p7kakr kEtdKx cEmitX yle__article__paragraph\">Kaavaillun sotakorvauslainan avulla Ukraina saisi sotakorvaukset ik\u00e4\u00e4n kuin etuk\u00e4teen. Jos Ven\u00e4j\u00e4 ei maksa sotakorvauksia, pysyv\u00e4t sen varat j\u00e4\u00e4dytettyn\u00e4.<\/p>\n<p class=\"aw-1gybjub aw-1p7kakr kEtdKx cEmitX yle__article__paragraph\">Koska Ven\u00e4j\u00e4lt\u00e4 on j\u00e4\u00e4dytetty noin 210 miljardin euron arvosta varoja, voi Euroopan komissio taata Ukrainalle sotakorvauslainan nollakorolla.<\/p>\n<p>Mit\u00e4 EKP:n kielt\u00e4ytyminen tarkoittaa?<\/p>\n<p class=\"aw-1gybjub aw-1p7kakr kEtdKx cEmitX yle__article__paragraph\">EKP:t\u00e4 pyydettiin sotakorvauslainan viimeiseksi takaajaksi Euroclearille. Sen avulla olisi FT:n tietojen mukaan varmistettu, ett\u00e4 Euroclear saisi rahansa takaisin nopeasti h\u00e4t\u00e4tilanteessa, jos Euroopan komissio ei saisi rahoja tarpeeksi nopeasti kasaan takaisinmaksua varten.<\/p>\n<p class=\"aw-1gybjub aw-1p7kakr kEtdKx cEmitX yle__article__paragraph\">T\u00e4m\u00e4 olisi voinut rauhoittaa Belgian pelkoja maksumieheksi joutumisesta.<\/p>\n<p class=\"aw-1gybjub aw-1p7kakr kEtdKx cEmitX yle__article__paragraph\">EKP:n kielt\u00e4ytyminen lainan takaamisesta on takaisku suunnitelmalle. Se ei kuitenkaan Niinist\u00f6n arvion mukaan est\u00e4 sotakorvauslainan hyv\u00e4ksymist\u00e4. EKP ei ole ratkaiseva viranomainen asiassa, joten vaikka se pesee k\u00e4tens\u00e4 lainasta, sen kanta ei est\u00e4 j\u00e4senmaita hyv\u00e4ksym\u00e4st\u00e4 sotakorvauslainaa.<\/p>\n<p class=\"aw-1gybjub aw-1p7kakr kEtdKx cEmitX yle__article__paragraph\">EKP kielt\u00e4ytyi FT:n tietojen mukaan siksi, ett\u00e4 ehdotus vastaisi suoran rahoituksen antamista j\u00e4senmaalle ja todenn\u00e4k\u00f6isesti rikkoisi EU:n perussopimusta.<\/p>\n<p>Mihin lainaa on tarkoitus k\u00e4ytt\u00e4\u00e4?<\/p>\n<p class=\"aw-1gybjub aw-1p7kakr kEtdKx cEmitX yle__article__paragraph\">Lainaa tarvittaisiin py\u00f6ritt\u00e4m\u00e4\u00e4n Ukrainan taloutta ja j\u00e4lleenrakentamista. Rahaa tarvitaan my\u00f6s Ukrainan aseteollisuuden yll\u00e4pit\u00e4miseksi.<\/p>\n<p class=\"aw-1gybjub aw-1p7kakr kEtdKx cEmitX yle__article__paragraph\">Ukrainan talous on heikossa jamassa. Ukrainan valtiovarainministeri\u00f6n arvion mukaan maa tarvitsisi vuosina 2026\u20132029 noin 130\u2013150 miljardia euroa. Suomen Pankin ekonomistin <strong class=\"aw-ak79eh KyCXm yle__article__strong\">Sinikka Parviaisen<\/strong> <a class=\"aw-iao6s4 iHOxEa yle__article__link\" href=\"https:\/\/yle.fi\/a\/74-20189494\" role=\"link\" rel=\"nofollow noopener\" target=\"_blank\">arvion mukaan<\/a> Ukrainalla riitt\u00e4\u00e4 ensi vuoden kev\u00e4\u00e4seen asti.<\/p>\n<p class=\"aw-1gybjub aw-1p7kakr kEtdKx cEmitX yle__article__paragraph\">Ukrainan taloudellinen tilanne on heikentynyt huomattavasti sen j\u00e4lkeen, kun Yhdysvallat lopetti sotilasavustuspakettinsa Ukrainalle.<\/p>\n<p>Belgia hangoittelee vastaan \u2013 miksi?<\/p>\n<p class=\"aw-1gybjub aw-1p7kakr kEtdKx cEmitX yle__article__paragraph\">Belgiaa tarvitaan hyv\u00e4ksym\u00e4\u00e4n j\u00e4\u00e4dytettyjen varojen hy\u00f6dynt\u00e4minen, sill\u00e4 niit\u00e4 s\u00e4ilytet\u00e4\u00e4n belgialaisessa arvopaperikeskuksessa. Belgia kuitenkin pelk\u00e4\u00e4, ett\u00e4 se joutuisi korvaamaan rahat, jos menettely menisi pieleen.<\/p>\n<p class=\"aw-1gybjub aw-1p7kakr kEtdKx cEmitX yle__article__paragraph\">EU <a class=\"aw-iao6s4 iHOxEa yle__article__link\" href=\"https:\/\/yle.fi\/a\/74-20194621\" role=\"link\" rel=\"nofollow noopener\" target=\"_blank\">on yritt\u00e4ny<\/a>t taivutella Belgiaa hyv\u00e4ksym\u00e4\u00e4n j\u00e4\u00e4dytettyjen varojen k\u00e4ytt\u00e4misen.<\/p>\n<p class=\"aw-1gybjub aw-1p7kakr kEtdKx cEmitX yle__article__paragraph\">Belgiaa huolettaa erityisesti tilanne, jossa Yhdysvaltojen ja Ven\u00e4j\u00e4n sopima rauhansopimus pakottaisi Euroclearin maksamaan j\u00e4\u00e4dytetyt varat heti takaisin Ven\u00e4j\u00e4lle, kertoo <a class=\"aw-iao6s4 iHOxEa yle__article__link\" href=\"https:\/\/www.ft.com\/content\/616c79ee-34de-425a-865e-e94ba10be788\" role=\"link\" rel=\"nofollow noopener\" target=\"_blank\">Financial Times<\/a>.<\/p>\n<p class=\"aw-1gybjub aw-1p7kakr kEtdKx cEmitX yle__article__paragraph\">Kansainv\u00e4lisen lain silmiss\u00e4 Ven\u00e4j\u00e4 joutuu kuitenkin korvaamaan sotakorvauslainan ylitt\u00e4v\u00e4n summan Ukrainalle, Niinist\u00f6 sanoo.<\/p>\n<p>Miten nyt k\u00e4y Ukrainalle suunnitellulle lainalle?<\/p>\n<p class=\"aw-1gybjub aw-1p7kakr kEtdKx cEmitX yle__article__paragraph\">Eurooppa-neuvoston on vakuutettava Belgia siit\u00e4, ett\u00e4 j\u00e4senmaat takaavat lainan.<\/p>\n<p class=\"aw-1gybjub aw-1p7kakr kEtdKx cEmitX yle__article__paragraph\">Kaikki maat, kuten Unkari ja Slovakia, eiv\u00e4t ole kuitenkaan yht\u00e4 innokkaita takaamaan lainaa. Laina, jota takaa 26 EU-maata, ei v\u00e4ltt\u00e4m\u00e4tt\u00e4 ole siis realistinen. Eurooppa-neuvosto voikin joutua painostamaan Belgiaa hyv\u00e4ksym\u00e4\u00e4n lainan niin, ett\u00e4 sen takaa vain osa j\u00e4senmaista.<\/p>\n<p class=\"aw-1gybjub aw-1p7kakr kEtdKx cEmitX yle__article__paragraph\">Jos Belgia ei t\u00e4st\u00e4k\u00e4\u00e4n huolimatta my\u00f6nny, on vaihtoehtoja viel\u00e4 kaksi: EU-maat antavat lis\u00e4\u00e4 tukea Ukrainalle, mik\u00e4 voi olla omien taloustilanteiden kanssa painiville maille vaikea pala niell\u00e4. EU-maat voivat my\u00f6s ottaa yhteisvelkaa Ukrainan tukemiseksi.<\/p>\n<p class=\"aw-1gybjub aw-1p7kakr kEtdKx cEmitX yle__article__paragraph\">Suomen p\u00e4\u00e4ministeri <strong class=\"aw-ak79eh KyCXm yle__article__strong\">Petteri<\/strong> <strong class=\"aw-ak79eh KyCXm yle__article__strong\">Orpo<\/strong> (kok.) <a class=\"aw-iao6s4 iHOxEa yle__article__link\" href=\"https:\/\/yle.fi\/a\/74-20194621\" role=\"link\" rel=\"nofollow noopener\" target=\"_blank\">on aiemmin linjannut<\/a>, ett\u00e4 yhteisvelkaa voidaan ottaa Ukrainan tukemiseksi vain viime h\u00e4d\u00e4ss\u00e4.<\/p>\n<p>Ven\u00e4j\u00e4n j\u00e4\u00e4dytettyjen varojen k\u00e4ytt\u00f6\u00e4 ja sen seurauksia puitiin Ylen aamussa lokakuussa. Keskustelemassa olivat Helsingin yliopiston eurooppaoikeuden professori P\u00e4ivi Leino-Sandberg ja kansainv\u00e4lisen politiikan professori Pami Aalto Tampereen yliopistosta.<\/p>\n","protected":false},"excerpt":{"rendered":"Europarla\u00admentaarikko Ville Niinist\u00f6n mukaan EKP:n kielt\u00e4ytyminen on takaisku j\u00e4\u00e4dytettyjen rahojen k\u00e4yt\u00f6lle, mutta ei est\u00e4 sit\u00e4. Avaa kuvien katselu&hellip;\n","protected":false},"author":2,"featured_media":105944,"comment_status":"","ping_status":"","sticky":false,"template":"","format":"standard","meta":{"footnotes":""},"categories":[14],"tags":[22,23,7519,2207,1617,26,27,33,31,30,17,70,24,25,28,29,15,18,21,32,78,19,20,56,16,987,59,60,61],"class_list":{"0":"post-105943","1":"post","2":"type-post","3":"status-publish","4":"format-standard","5":"has-post-thumbnail","7":"category-ulkomaat","8":"tag-breaking-news","9":"tag-breakingnews","10":"tag-euroopan-keskuspankki","11":"tag-euroopan-komissio","12":"tag-euroopan-unioni","13":"tag-featured-news","14":"tag-featurednews","15":"tag-fi","16":"tag-finland","17":"tag-finnish","18":"tag-headlines","19":"tag-kansainvalinen-politiikka","20":"tag-latest-news","21":"tag-latestnews","22":"tag-main-news","23":"tag-mainnews","24":"tag-news","25":"tag-otsikot","26":"tag-paauutiset","27":"tag-suomi","28":"tag-talous","29":"tag-top-stories","30":"tag-topstories","31":"tag-ulkomaat","32":"tag-uutiset","33":"tag-venajan-hyokkays","34":"tag-world","35":"tag-world-news","36":"tag-worldnews"},"share_on_mastodon":{"url":"https:\/\/pubeurope.com\/@fi\/115651507145101884","error":""},"_links":{"self":[{"href":"https:\/\/www.europesays.com\/fi\/wp-json\/wp\/v2\/posts\/105943","targetHints":{"allow":["GET"]}}],"collection":[{"href":"https:\/\/www.europesays.com\/fi\/wp-json\/wp\/v2\/posts"}],"about":[{"href":"https:\/\/www.europesays.com\/fi\/wp-json\/wp\/v2\/types\/post"}],"author":[{"embeddable":true,"href":"https:\/\/www.europesays.com\/fi\/wp-json\/wp\/v2\/users\/2"}],"replies":[{"embeddable":true,"href":"https:\/\/www.europesays.com\/fi\/wp-json\/wp\/v2\/comments?post=105943"}],"version-history":[{"count":0,"href":"https:\/\/www.europesays.com\/fi\/wp-json\/wp\/v2\/posts\/105943\/revisions"}],"wp:featuredmedia":[{"embeddable":true,"href":"https:\/\/www.europesays.com\/fi\/wp-json\/wp\/v2\/media\/105944"}],"wp:attachment":[{"href":"https:\/\/www.europesays.com\/fi\/wp-json\/wp\/v2\/media?parent=105943"}],"wp:term":[{"taxonomy":"category","embeddable":true,"href":"https:\/\/www.europesays.com\/fi\/wp-json\/wp\/v2\/categories?post=105943"},{"taxonomy":"post_tag","embeddable":true,"href":"https:\/\/www.europesays.com\/fi\/wp-json\/wp\/v2\/tags?post=105943"}],"curies":[{"name":"wp","href":"https:\/\/api.w.org\/{rel}","templated":true}]}}