{"id":105949,"date":"2025-12-02T19:02:39","date_gmt":"2025-12-02T19:02:39","guid":{"rendered":"https:\/\/www.europesays.com\/fi\/105949\/"},"modified":"2025-12-02T19:02:39","modified_gmt":"2025-12-02T19:02:39","slug":"fysikaalisten-tieteiden-kandiohjelma-helsingin-yliopisto","status":"publish","type":"post","link":"https:\/\/www.europesays.com\/fi\/105949\/","title":{"rendered":"Fysikaalisten tieteiden kandiohjelma | Helsingin yliopisto"},"content":{"rendered":"<p>            Kiinnostaako sinua fysiikka, t\u00e4htitiede tai meteorologia?<\/p>\n<p>Fysikaaliset tieteet tutkivat kaikkia olemassa olevia mittakaavoja pienimmist\u00e4 alkeishiukkasista koko maailmankaikkeuden skaalaan. Esimerkiksi meteorologiaa voi Suomessa opiskella ainoastaan Helsingin yliopistossa. Kandiohjelmaan kuuluvat seuraavat opintosuunnat: fysiikka, fysiikan laaja-alainen kandi, teoreettinen fysiikka, t\u00e4htitiede, meteorologia sek\u00e4 ruotsinkielinen fysiikan opintosuunta. Opinnot voivat johtaa niin fyysikon, meteorologin, geofyysikon kuin t\u00e4htitieteilij\u00e4nkin uralle.<\/p>\n","protected":false},"excerpt":{"rendered":"Kiinnostaako sinua fysiikka, t\u00e4htitiede tai meteorologia? Fysikaaliset tieteet tutkivat kaikkia olemassa olevia mittakaavoja pienimmist\u00e4 alkeishiukkasista koko maailmankaikkeuden skaalaan.&hellip;\n","protected":false},"author":2,"featured_media":105950,"comment_status":"","ping_status":"","sticky":false,"template":"","format":"standard","meta":{"footnotes":""},"categories":[115],"tags":[33,31,30,455,454,118,32,119],"class_list":{"0":"post-105949","1":"post","2":"type-post","3":"status-publish","4":"format-standard","5":"has-post-thumbnail","7":"category-fysiikka","8":"tag-fi","9":"tag-finland","10":"tag-finnish","11":"tag-fysiikka","12":"tag-physics","13":"tag-science","14":"tag-suomi","15":"tag-tiede"},"share_on_mastodon":{"url":"https:\/\/pubeurope.com\/@fi\/115651526191992128","error":""},"_links":{"self":[{"href":"https:\/\/www.europesays.com\/fi\/wp-json\/wp\/v2\/posts\/105949","targetHints":{"allow":["GET"]}}],"collection":[{"href":"https:\/\/www.europesays.com\/fi\/wp-json\/wp\/v2\/posts"}],"about":[{"href":"https:\/\/www.europesays.com\/fi\/wp-json\/wp\/v2\/types\/post"}],"author":[{"embeddable":true,"href":"https:\/\/www.europesays.com\/fi\/wp-json\/wp\/v2\/users\/2"}],"replies":[{"embeddable":true,"href":"https:\/\/www.europesays.com\/fi\/wp-json\/wp\/v2\/comments?post=105949"}],"version-history":[{"count":0,"href":"https:\/\/www.europesays.com\/fi\/wp-json\/wp\/v2\/posts\/105949\/revisions"}],"wp:featuredmedia":[{"embeddable":true,"href":"https:\/\/www.europesays.com\/fi\/wp-json\/wp\/v2\/media\/105950"}],"wp:attachment":[{"href":"https:\/\/www.europesays.com\/fi\/wp-json\/wp\/v2\/media?parent=105949"}],"wp:term":[{"taxonomy":"category","embeddable":true,"href":"https:\/\/www.europesays.com\/fi\/wp-json\/wp\/v2\/categories?post=105949"},{"taxonomy":"post_tag","embeddable":true,"href":"https:\/\/www.europesays.com\/fi\/wp-json\/wp\/v2\/tags?post=105949"}],"curies":[{"name":"wp","href":"https:\/\/api.w.org\/{rel}","templated":true}]}}