{"id":105967,"date":"2025-12-02T19:24:08","date_gmt":"2025-12-02T19:24:08","guid":{"rendered":"https:\/\/www.europesays.com\/fi\/105967\/"},"modified":"2025-12-02T19:24:08","modified_gmt":"2025-12-02T19:24:08","slug":"traficomille-tarpeettomaksi-jaanyt-majakan-vanha-apteekkikaappi-myytiin-nettihuutokaupassa-hurjaan-hintaan-pohjanmaa","status":"publish","type":"post","link":"https:\/\/www.europesays.com\/fi\/105967\/","title":{"rendered":"Traficomille tarpeettomaksi j\u00e4\u00e4nyt majakan vanha apteekkikaappi myytiin nettihuutokaupassa hurjaan hintaan | Pohjanmaa"},"content":{"rendered":"<p class=\"aw-1gybjub aw-5vja16 kEtdKx kmuxyA yle__article__paragraph\">Suomen majakkaseura olisi halunnut s\u00e4ilytt\u00e4\u00e4 kaapin museossa. Korkealle kivunneen hinnan takia seura j\u00e4tt\u00e4ytyi pois huutokauppa\u00adkilvasta.<\/p>\n<p><img decoding=\"async\" alt=\"Kristiinankaupungin edustalla sijaitseva Yttergrundin majakka. \" src=\"https:\/\/www.europesays.com\/fi\/wp-content\/uploads\/2025\/12\/39-1563043692ef23be6c48.jpeg\" class=\"aw-1l9m598 hKVVvP\"\/><\/p>\n<p>Avaa kuvien katselu<\/p>\n<p>130 vuotiaan Yttergrundin majakan samanik\u00e4inen apteekkikaappi ker\u00e4si suuren huomion sunnuntaina p\u00e4\u00e4ttyneess\u00e4 nettihuutokaupassa. Kiertonetiss\u00e4 myyty kaappi toi Traficomin kassaan 5200 euroa. Kuva: Alexia Sahl \/ Yle \/ Kuvank\u00e4sittely Jarkko Heikkinen, l\u00e4hde: Kiertonet.fi<\/p>\n<ul class=\"aw-1jjocuh iJTSwP yle__article__list yle__article__list--ul\">\n<li class=\"aw-1j7gwms gNYKfi\">Harvinainen Yttergrundin majakan apteekkikaappi myytiin valtion huutokaupassa 5 200 eurolla.<\/li>\n<li class=\"aw-1j7gwms gNYKfi\">Suomen majakkaseura on pettynyt, sill\u00e4 se olisi halunnut historiallisen kaapin museoon yksityisomistuksen sijaan.<\/li>\n<li class=\"aw-1j7gwms gNYKfi\">Hinta nousi lopulta niin korkeaksi, ettei seura pystynyt en\u00e4\u00e4 hankkimaan apteekkikaappia.<\/li>\n<\/ul>\n<p class=\"aw-1gybjub aw-1p7kakr kEtdKx cEmitX yle__article__paragraph\">T\u00e4m\u00e4 on teko\u00e4lyn avulla tuotettu, toimittajan tarkistama tiivistelm\u00e4.<\/p>\n<p class=\"aw-1gybjub aw-1p7kakr kEtdKx cEmitX yle__article__paragraph\">Valtion kauppaamasta, harvinaisesta Yttergrundin majakalle kuuluneesta <a class=\"aw-iao6s4 iHOxEa yle__article__link\" href=\"https:\/\/yle.fi\/a\/74-20196551\" role=\"link\" rel=\"nofollow noopener\" target=\"_blank\">apteekkikaapista<\/a> maksettiin lopulta huutokaupassa 5\u00a0200 euroa.<\/p>\n<p class=\"aw-1gybjub aw-1p7kakr kEtdKx cEmitX yle__article__paragraph\">Suomen majakkaseura olisi halunnut 130 vuoden ik\u00e4isen kaapin p\u00e4\u00e4tyv\u00e4n mahdollisen yksityisen ker\u00e4ilij\u00e4n sijasta museoon. Suomen merimuseo kuitenkin ilmoitti, ettei sill\u00e4 ole kaapille tarvetta.<\/p>\n<p class=\"aw-1gybjub aw-1p7kakr kEtdKx cEmitX yle__article__paragraph\">Huutokauppa oli suosittu: Kiertonetiss\u00e4 kaupattua kaappia oli k\u00e4yty katsomassa l\u00e4hes 12\u00a0000 kertaa. Seurassa ep\u00e4ill\u00e4\u00e4n, ett\u00e4 kiinnostuneisiin vaikutti l\u00e4\u00e4kekaapin mediassa saama julkisuus.<\/p>\n<p class=\"aw-1gybjub aw-1p7kakr kEtdKx cEmitX yle__article__paragraph\">Suomen majakkaseura piti lopullista hintaa kovana, vaikka kaappi onkin harvinainen pala majakoiden historiaa ja majakkasaaren arkea.<\/p>\n<p class=\"aw-1gybjub aw-1p7kakr kEtdKx cEmitX yle__article__paragraph\">Siksi seuran viime viikonloppuna masinoima joukkorahoituskampanja kaapin lunastamiseksi ja lahjoittamiseksi Kristiinankaupungin merimuseolle p\u00e4\u00e4tettiin j\u00e4tt\u00e4\u00e4 v\u00e4liin.<\/p>\n<p class=\"aw-1gybjub aw-1p7kakr kEtdKx cEmitX yle__article__paragraph\">\u2013 Emme osallistuneet huutokauppaan lopulta siksi, ett\u00e4 se n\u00e4ytti meille kummalliselta. Hinta pomppasi yht\u00e4kki\u00e4, pari tyyppi\u00e4 rupesi nokittelemaan, ja lopulta p\u00e4\u00e4dyttiin tuohon hintaan, Suomen majakkaseuran historia-asiantuntija <strong class=\"aw-ak79eh KyCXm yle__article__strong\">Pekka V\u00e4is\u00e4nen<\/strong> sanoo.<\/p>\n<p>Viel\u00e4 eilen oli toivoa<\/p>\n<p class=\"aw-1gybjub aw-1p7kakr kEtdKx cEmitX yle__article__paragraph\">Vaikka kauppa olikin sunnuntai-iltana ohi, pysyi se auki siihen asti, kunnes korkeimman tarjouksen tehnyt ostaja kaapin maksaisi. Aikaa olisi ollut maanantaista keskiviikkoon.<\/p>\n<p class=\"aw-1gybjub aw-1p7kakr kEtdKx cEmitX yle__article__paragraph\">Toisinaan huutokauppoihin osallistuu my\u00f6s niin sanottuja haamuhuutajia, joita maksuvaiheessa ei ilmaannukaan kohdetta lunastamaan. T\u00e4h\u00e4n oli my\u00f6s nyt varauduttu.<\/p>\n<p class=\"aw-1gybjub aw-1p7kakr kEtdKx cEmitX yle__article__paragraph\">Suomen majakkaseura ja Kristiinankaupungin merimuseo l\u00e4hettiv\u00e4t aiemmin Traficomille ja Kiertonetille kirjeen, jossa he lupasivat maksaa kaapista hyv\u00e4n hinnan lunastaakseen sen Kristiinankaupunkiin, jos huutokauppa j\u00e4isikin toteutumatta.<\/p>\n<p class=\"aw-1gybjub aw-1p7kakr kEtdKx cEmitX yle__article__paragraph\">N\u00e4in ei kuitenkaan k\u00e4ynyt: Traficom vahvisti t\u00e4n\u00e4\u00e4n Ylelle, ett\u00e4 korkeimman tarjouksen tehnyt ostaja on maksanut sovitun hinnan.<\/p>\n<p class=\"aw-1gybjub aw-1p7kakr kEtdKx cEmitX yle__article__paragraph\">Pekka V\u00e4is\u00e4nen ei peittele mieliharmiaan.<\/p>\n<p class=\"aw-1gybjub aw-1p7kakr kEtdKx cEmitX yle__article__paragraph\">\u2013 Suomessa on kymmenkunta yhdistyspohjaista merimuseota, jotka olisivat olleet kaapista varmasti kiinnostuneita, vaikka Suomen merimuseolla ei ollutkaan t\u00e4lle tarvetta.<\/p>\n<p><img decoding=\"async\" alt=\"Vanha majakalla k\u00e4yt\u00f6ss\u00e4 ollut apteekkikaappi.\" src=\"https:\/\/www.europesays.com\/fi\/wp-content\/uploads\/2025\/12\/39-156084169285e0136981.jpeg\" loading=\"lazy\" class=\"aw-1l9m598 hKVVvP\"\/><\/p>\n<p>Avaa kuvien katselu<\/p>\n<p>T\u00e4lt\u00e4 n\u00e4ytt\u00e4\u00e4 Norrsk\u00e4rin majakalla Merenkurkussa aikanaan k\u00e4yt\u00f6ss\u00e4 ollut apteekkiarkku. Sen l\u00e4\u00e4keluettelo on p\u00e4iv\u00e4tty viimeksi vuonna 1942. Viimeiset majakanvartijat poistuivat saarelta vuonna 1987, kun Norrsk\u00e4r automatisoitiin. Apteekkiarkku on osa Vaasan merimuseon kokoelmia.  Kuva: Antti Haavisto \/ YleHyv\u00e4 opetus vastaisen varalle<\/p>\n<p class=\"aw-1gybjub aw-1p7kakr kEtdKx cEmitX yle__article__paragraph\">Vaikka Suomen majakkaseurassa on valtavasti j\u00e4seni\u00e4 ja sen tarkoituksena on suojella ja yll\u00e4pit\u00e4\u00e4 majakoita ja majakkakulttuuria, ei vastaavaan tilanteeseen ole ennen t\u00f6rm\u00e4tty.<\/p>\n<p class=\"aw-1gybjub aw-1p7kakr kEtdKx cEmitX yle__article__paragraph\">\u2013 T\u00e4m\u00e4 oli eritt\u00e4in kovakin opetus siit\u00e4, ett\u00e4 meid\u00e4n pit\u00e4\u00e4 alkaa tehd\u00e4 yhteisty\u00f6t\u00e4 paikallisten merimuseoiden kanssa, kun Suomen merimuseolla tuntuu olevan v\u00e4h\u00e4n eri linja, Pekka V\u00e4is\u00e4nen sanoo.<\/p>\n<p class=\"aw-1gybjub aw-1p7kakr kEtdKx cEmitX yle__article__paragraph\">H\u00e4n sanoo majakkaseuran olevan jatkossa aktiivisempi valtiovallan suuntaan, jotta vastaavilta tapauksilta v\u00e4ltytt\u00e4isiin. V\u00e4is\u00e4nen arvelee my\u00f6s, ett\u00e4 vastaavankaltaisia historiallisesti arvokkaita tavaroita voi p\u00e4\u00e4ty\u00e4 myyntiin jatkossakin.<\/p>\n<p class=\"aw-1gybjub aw-1p7kakr kEtdKx cEmitX yle__article__paragraph\">Pekka V\u00e4is\u00e4sen mukaan yksityisist\u00e4kin kodeista saattaa l\u00f6yty\u00e4 majakoiden historiaan liittyv\u00e4\u00e4 kiinnostavaa aineistoa.<\/p>\n<p class=\"aw-1gybjub aw-1p7kakr kEtdKx cEmitX yle__article__paragraph\">V\u00e4is\u00e4nen ei sulje pois vaihtoehtoa, ett\u00e4 jostain putkahtaisi esiin toinenkin apteekkikaappi, sill\u00e4 niit\u00e4 on aikanaan tehty useammallekin kotimaiselle majakalle. Jos n\u00e4in k\u00e4visi, V\u00e4is\u00e4nen ei empisi lahjoittaa sit\u00e4 Kristiinankaupunkiin.<\/p>\n","protected":false},"excerpt":{"rendered":"Suomen majakkaseura olisi halunnut s\u00e4ilytt\u00e4\u00e4 kaapin museossa. Korkealle kivunneen hinnan takia seura j\u00e4tt\u00e4ytyi pois huutokauppa\u00adkilvasta. Avaa kuvien katselu&hellip;\n","protected":false},"author":2,"featured_media":105968,"comment_status":"","ping_status":"","sticky":false,"template":"","format":"standard","meta":{"footnotes":""},"categories":[12],"tags":[22,23,26,27,33,31,30,17,1433,3009,71,4063,24,25,28,29,19966,5092,15,18,21,449,32,15164,19,20,16,19967],"class_list":{"0":"post-105967","1":"post","2":"type-post","3":"status-publish","4":"format-standard","5":"has-post-thumbnail","7":"category-suomi","8":"tag-breaking-news","9":"tag-breakingnews","10":"tag-featured-news","11":"tag-featurednews","12":"tag-fi","13":"tag-finland","14":"tag-finnish","15":"tag-headlines","16":"tag-historia","17":"tag-huutokauppa","18":"tag-kotimaa","19":"tag-kristiinankaupunki","20":"tag-latest-news","21":"tag-latestnews","22":"tag-main-news","23":"tag-mainnews","24":"tag-majakat","25":"tag-merenkulku","26":"tag-news","27":"tag-otsikot","28":"tag-paauutiset","29":"tag-pohjanmaa","30":"tag-suomi","31":"tag-tarjouskilpailu","32":"tag-top-stories","33":"tag-topstories","34":"tag-uutiset","35":"tag-yttergrundin-majakka"},"share_on_mastodon":{"url":"https:\/\/pubeurope.com\/@fi\/115651612992574793","error":""},"_links":{"self":[{"href":"https:\/\/www.europesays.com\/fi\/wp-json\/wp\/v2\/posts\/105967","targetHints":{"allow":["GET"]}}],"collection":[{"href":"https:\/\/www.europesays.com\/fi\/wp-json\/wp\/v2\/posts"}],"about":[{"href":"https:\/\/www.europesays.com\/fi\/wp-json\/wp\/v2\/types\/post"}],"author":[{"embeddable":true,"href":"https:\/\/www.europesays.com\/fi\/wp-json\/wp\/v2\/users\/2"}],"replies":[{"embeddable":true,"href":"https:\/\/www.europesays.com\/fi\/wp-json\/wp\/v2\/comments?post=105967"}],"version-history":[{"count":0,"href":"https:\/\/www.europesays.com\/fi\/wp-json\/wp\/v2\/posts\/105967\/revisions"}],"wp:featuredmedia":[{"embeddable":true,"href":"https:\/\/www.europesays.com\/fi\/wp-json\/wp\/v2\/media\/105968"}],"wp:attachment":[{"href":"https:\/\/www.europesays.com\/fi\/wp-json\/wp\/v2\/media?parent=105967"}],"wp:term":[{"taxonomy":"category","embeddable":true,"href":"https:\/\/www.europesays.com\/fi\/wp-json\/wp\/v2\/categories?post=105967"},{"taxonomy":"post_tag","embeddable":true,"href":"https:\/\/www.europesays.com\/fi\/wp-json\/wp\/v2\/tags?post=105967"}],"curies":[{"name":"wp","href":"https:\/\/api.w.org\/{rel}","templated":true}]}}