{"id":105981,"date":"2025-12-02T19:45:12","date_gmt":"2025-12-02T19:45:12","guid":{"rendered":"https:\/\/www.europesays.com\/fi\/105981\/"},"modified":"2025-12-02T19:45:12","modified_gmt":"2025-12-02T19:45:12","slug":"linnan-juhlat-robloxissa-2025-nain-paaset-seikkailemaan-sara-been-tahtiin-itsenaisyyspaivana-linnan-juhlat-2025","status":"publish","type":"post","link":"https:\/\/www.europesays.com\/fi\/105981\/","title":{"rendered":"Linnan juhlat Robloxissa 2025 \u2013 n\u00e4in p\u00e4\u00e4set seikkailemaan Sara Been tahtiin itsen\u00e4isyysp\u00e4iv\u00e4n\u00e4 | Linnan juhlat 2025"},"content":{"rendered":"<p class=\"aw-1gybjub aw-5vja16 kEtdKx kmuxyA yle__article__paragraph\">Lapset ja nuoret on j\u00e4lleen kutsuttu juhlimaan itsen\u00e4isyysp\u00e4iv\u00e4\u00e4 Ylen Roblox-maailmaan lauantaina 6.12. kello 15 alkaen.<\/p>\n<p><img decoding=\"async\" alt=\"Linnan juhlat Robloxissa 2025.\" src=\"https:\/\/www.europesays.com\/fi\/wp-content\/uploads\/2025\/12\/39-1562331692d97c97e6fd.jpeg\" class=\"aw-1l9m598 hKVVvP\"\/><\/p>\n<p>Avaa kuvien katselu<\/p>\n<p>Linnan juhlat Robloxissa -tapahtuma on suunnattu lapsille ja nuorille. Itsen\u00e4isyysp\u00e4iv\u00e4n\u00e4 on luvassa musiikkia, tanssia, pelaamista \u2013 ja tietysti virtuaalinen k\u00e4ttelyjono Presidentinlinnassa.<\/p>\n<p class=\"aw-1gybjub aw-1p7kakr kEtdKx cEmitX yle__article__paragraph\">Yle j\u00e4rjest\u00e4\u00e4 t\u00e4n\u00e4 vuonna linnan juhlat Robloxissa jo nelj\u00e4tt\u00e4 kertaa. Virtuaalinen tapahtuma tarjoaa lapsille ja nuorille (sek\u00e4 lapsenhenkisille ja nuorekkaillekin) mahdollisuuden kokoontua yhteen juhlistamaan itsen\u00e4isyysp\u00e4iv\u00e4\u00e4 Ylen omassa pelimaailmassa.<\/p>\n<p class=\"aw-1gybjub aw-1p7kakr kEtdKx cEmitX yle__article__paragraph\">Lauantaina aukeava pelialue on t\u00e4ynn\u00e4 seikkailtavaa, koettavaa ja tietenkin pelattavaa. Itsen\u00e4isyysp\u00e4iv\u00e4n erikoisuutena maailma sis\u00e4lt\u00e4\u00e4 my\u00f6s digitaalisen j\u00e4ljenn\u00f6ksen Presidentinlinnasta.<\/p>\n<p class=\"aw-1gybjub aw-1p7kakr kEtdKx cEmitX yle__article__paragraph\">Linnan juhlat Robloxissa on osa Ylen pitk\u00e4j\u00e4nteist\u00e4 ty\u00f6t\u00e4, jossa lapsille ja nuorille pyrit\u00e4\u00e4n kehitt\u00e4m\u00e4\u00e4n virikkeellist\u00e4 ja osallistavaa digitaalista sis\u00e4lt\u00f6\u00e4. Tapahtuma on t\u00e4n\u00e4 vuonna my\u00f6s ensi kertaa kaksikielinen!<\/p>\n<p>Pelej\u00e4 kello 15 alkaen<\/p>\n<p class=\"aw-1gybjub aw-1p7kakr kEtdKx cEmitX yle__article__paragraph\">Ylen virtuaalinen Roblox-pelimaailma aukeaa yleis\u00f6lle lauantaina 6. joulukuuta kello 15. Tarjolla on niin Ylen aiemmista Roblox-tapahtumista tuttua kuin uutta ja eksoottistakin koettavaa.<\/p>\n<p class=\"aw-1gybjub aw-1p7kakr kEtdKx cEmitX yle__article__paragraph\">Pelaajat p\u00e4\u00e4sev\u00e4t muun muassa joraamaan Moves Like Summerin tanssipelin tahtiin, pelaamaan minipelej\u00e4 <a class=\"aw-iao6s4 iHOxEa yle__article__link\" href=\"https:\/\/areena.yle.fi\/tv\/ohjelmat\/30-630\" role=\"link\" rel=\"nofollow noopener\" target=\"_blank\">Yle Galaxin<\/a> Pelihuoneeseen, testaamaan tiet\u00e4myst\u00e4\u00e4n <a class=\"aw-iao6s4 iHOxEa yle__article__link\" href=\"https:\/\/areena.yle.fi\/tv\/ohjelmat\/57-bbVK3NDbD\" role=\"link\" rel=\"nofollow noopener\" target=\"_blank\">Yle Mixin<\/a> tietovisassa, kisaamaan kinkkisill\u00e4 esteradoilla sek\u00e4 muuten vain seikkailemaan ja tutustumaan pelimaalman eri kolkkiin.<\/p>\n<p class=\"aw-1gybjub aw-1p7kakr kEtdKx cEmitX yle__article__paragraph\">Aiempina vuosina suosikiksi osoittautunut, Kansallisgallerian kanssa yhteisty\u00f6ss\u00e4 toteutettu Taidejahti palaa my\u00f6s j\u00e4lleen uusituin teoksin ja piilopaikoin.<\/p>\n<p><img decoding=\"async\" alt=\"Virtuaalisen Linnan juhlat Robloxissa 2024 -tapahtuman pelaajahahmoja seisomassa Presidentinlillan edustalla.\" src=\"https:\/\/www.europesays.com\/fi\/wp-content\/uploads\/2025\/12\/39-1389101674d762a67099.jpeg\" loading=\"lazy\" class=\"aw-1l9m598 hKVVvP\"\/><\/p>\n<p>Avaa kuvien katselu<\/p>\n<p>Ylen Roblox-maailmassa pelaajat p\u00e4\u00e4sev\u00e4t itsen\u00e4isyysp\u00e4iv\u00e4n\u00e4 seikkailemaan Presidentinlinnan digitaalisen j\u00e4ljenn\u00f6ksen k\u00e4yt\u00e4ville ja saleihin! Tapahtumaa ovat moderoimassa Netarin ja Yle Luuttiklubin moderaattorit. Kuva: Elina Vartiainen \/ YleMusashow, linnanjuhlat ja k\u00e4ttelyjono<\/p>\n<p class=\"aw-1gybjub aw-1p7kakr kEtdKx cEmitX yle__article__paragraph\">Varsinainen itsen\u00e4isyysp\u00e4iv\u00e4n ohjelma Robloxissa alkaa kello 17, kun virtuaalisen tapahtumatorin isolle lavalle nousee illan p\u00e4\u00e4artisti <strong class=\"aw-ak79eh KyCXm yle__article__strong\">Sara Bee<\/strong>. Yleis\u00f6ll\u00e4 on mahdollisuus osallistua eeppiseen musashow&#8217;hun tanssimalla Ylen suositun <a class=\"aw-iao6s4 iHOxEa yle__article__link\" href=\"https:\/\/yle.fi\/aihe\/moves-like-summeri\" role=\"link\" rel=\"nofollow noopener\" target=\"_blank\">Moves Like Summeri -tanssihaasteen<\/a> koreografian tahtiin.<\/p>\n<p class=\"aw-1gybjub aw-1p7kakr kEtdKx cEmitX yle__article__paragraph\">Sara Been esityksen per\u00e4\u00e4n kuullaan Yle Summerin <strong class=\"aw-ak79eh KyCXm yle__article__strong\">Elon<\/strong> tulkitsemana Maamme-laulu, jonka j\u00e4lkeen lavashow huipentuu virtuaalisen Presidentinlinnan porttien aukeamiseen.<\/p>\n<p class=\"aw-1gybjub aw-1p7kakr kEtdKx cEmitX yle__article__paragraph\">Tuolloin juhlijat p\u00e4\u00e4sev\u00e4t itse linnanjuhliin. Presidentinlinnassa osallistujat p\u00e4\u00e4sev\u00e4t k\u00e4ttelem\u00e4\u00e4n is\u00e4nt\u00e4paria sek\u00e4 palauttamaan l\u00f6ydettyj\u00e4 Taulujahdin tauluja omille paikoilleen.<\/p>\n<p><img decoding=\"async\" alt=\"Linnan juhlat Robloxissa 2024.\" src=\"https:\/\/www.europesays.com\/fi\/wp-content\/uploads\/2025\/12\/39-1562372692d9ef88eb6d.jpeg\" loading=\"lazy\" class=\"aw-1l9m598 hKVVvP\"\/><\/p>\n<p>Avaa kuvien katselu<\/p>\n<p>Viime vuonna linnan porttien avaaminen aiheutti suoranaisen tungoksen, kun pelaajat kiirehtiv\u00e4t k\u00e4ttelem\u00e4\u00e4n is\u00e4nt\u00e4paria. Kuva: Eppu Porkka \/ YleModeraattorit tekev\u00e4t tilasta turvallisemman<\/p>\n<p class=\"aw-1gybjub aw-1p7kakr kEtdKx cEmitX yle__article__paragraph\">Linnan juhlat Robloxissa -tapahtumassa on mukana moderaattoreita, jotka pit\u00e4v\u00e4t huolen siit\u00e4, ett\u00e4 osallistujat voivat nauttia kokemuksesta turvallisessa ja my\u00f6nteisess\u00e4 ymp\u00e4rist\u00f6ss\u00e4.<\/p>\n<p class=\"aw-1gybjub aw-1p7kakr kEtdKx cEmitX yle__article__paragraph\">T\u00e4n\u00e4 vuonna pelimaailmaa valvomassa ovat <a class=\"aw-iao6s4 iHOxEa yle__article__link\" href=\"https:\/\/www.youtube.com\/@Luuttiklubi\" role=\"link\" rel=\"nofollow noopener\" target=\"_blank\">Yle Luuttiklubin<\/a> moderaattorit sek\u00e4 nuorten hyvinvointiin digitaalisessa ymp\u00e4rist\u00f6ss\u00e4 keskittyneen <a class=\"aw-iao6s4 iHOxEa yle__article__link\" href=\"https:\/\/www.netari.fi\/tietoa-meista\/\" role=\"link\" rel=\"nofollow noopener\" target=\"_blank\">Netarin<\/a> ohjaajat.<\/p>\n<p>Kuinka osallistun Linnan juhliin Robloxissa?<\/p>\n<p class=\"aw-1gybjub aw-1p7kakr kEtdKx cEmitX yle__article__paragraph\">P\u00e4\u00e4set osallistumaan Ylen Linnan juhlat Robloxissa -tapahtumaan <a class=\"aw-iao6s4 iHOxEa yle__article__link\" href=\"https:\/\/www.roblox.com\/games\/135229885104482\/Yle-Linnan-juhlat-2025\" role=\"link\" rel=\"nofollow noopener\" target=\"_blank\">Roblox-pelialustalla<\/a>. Tapahtuma on avoinna itsen\u00e4isyysp\u00e4iv\u00e4n\u00e4 kello 15\u201321.<\/p>\n<p>Mik\u00e4 on Roblox?<\/p>\n<p class=\"aw-1gybjub aw-1p7kakr kEtdKx cEmitX yle__article__paragraph\">Roblox on yhdysvaltalainen digitaalinen pelialusta, joka on erikoistunut metaversumiin eli vuorovaikutteisiin virtuaalimaailmoihin.<\/p>\n<p class=\"aw-1gybjub aw-1p7kakr kEtdKx cEmitX yle__article__paragraph\">Robloxissa k\u00e4ytt\u00e4j\u00e4t voivat pelata, luoda ja jakaa pelej\u00e4 sek\u00e4 kokea virtuaalisia el\u00e4myksi\u00e4 muiden pelaajien kanssa.<\/p>\n<p class=\"aw-1gybjub aw-1p7kakr kEtdKx cEmitX yle__article__paragraph\">Alusta tunnetaan erityisesti lapsille ja nuorille suunnatusta pelisis\u00e4ll\u00f6st\u00e4.<\/p>\n","protected":false},"excerpt":{"rendered":"Lapset ja nuoret on j\u00e4lleen kutsuttu juhlimaan itsen\u00e4isyysp\u00e4iv\u00e4\u00e4 Ylen Roblox-maailmaan lauantaina 6.12. kello 15 alkaen. Avaa kuvien katselu&hellip;\n","protected":false},"author":2,"featured_media":105982,"comment_status":"","ping_status":"","sticky":false,"template":"","format":"standard","meta":{"footnotes":""},"categories":[130],"tags":[137,33,31,30,564,19866,6570,19968,32,109],"class_list":{"0":"post-105981","1":"post","2":"type-post","3":"status-publish","4":"format-standard","5":"has-post-thumbnail","7":"category-viihde","8":"tag-entertainment","9":"tag-fi","10":"tag-finland","11":"tag-finnish","12":"tag-juhlat","13":"tag-linnan-juhlat-2025","14":"tag-roblox","15":"tag-suomen-itsenaisyyspaiva","16":"tag-suomi","17":"tag-viihde"},"share_on_mastodon":{"url":"https:\/\/pubeurope.com\/@fi\/115651695475465955","error":""},"_links":{"self":[{"href":"https:\/\/www.europesays.com\/fi\/wp-json\/wp\/v2\/posts\/105981","targetHints":{"allow":["GET"]}}],"collection":[{"href":"https:\/\/www.europesays.com\/fi\/wp-json\/wp\/v2\/posts"}],"about":[{"href":"https:\/\/www.europesays.com\/fi\/wp-json\/wp\/v2\/types\/post"}],"author":[{"embeddable":true,"href":"https:\/\/www.europesays.com\/fi\/wp-json\/wp\/v2\/users\/2"}],"replies":[{"embeddable":true,"href":"https:\/\/www.europesays.com\/fi\/wp-json\/wp\/v2\/comments?post=105981"}],"version-history":[{"count":0,"href":"https:\/\/www.europesays.com\/fi\/wp-json\/wp\/v2\/posts\/105981\/revisions"}],"wp:featuredmedia":[{"embeddable":true,"href":"https:\/\/www.europesays.com\/fi\/wp-json\/wp\/v2\/media\/105982"}],"wp:attachment":[{"href":"https:\/\/www.europesays.com\/fi\/wp-json\/wp\/v2\/media?parent=105981"}],"wp:term":[{"taxonomy":"category","embeddable":true,"href":"https:\/\/www.europesays.com\/fi\/wp-json\/wp\/v2\/categories?post=105981"},{"taxonomy":"post_tag","embeddable":true,"href":"https:\/\/www.europesays.com\/fi\/wp-json\/wp\/v2\/tags?post=105981"}],"curies":[{"name":"wp","href":"https:\/\/api.w.org\/{rel}","templated":true}]}}