{"id":105990,"date":"2025-12-02T19:51:08","date_gmt":"2025-12-02T19:51:08","guid":{"rendered":"https:\/\/www.europesays.com\/fi\/105990\/"},"modified":"2025-12-02T19:51:08","modified_gmt":"2025-12-02T19:51:08","slug":"nyt-tuli-ankea-tieto-talven-odottajille-iltalehti","status":"publish","type":"post","link":"https:\/\/www.europesays.com\/fi\/105990\/","title":{"rendered":"Nyt tuli ankea tieto talven odottajille &#8211; Iltalehti"},"content":{"rendered":"<ol>\n<li><a href=\"https:\/\/news.google.com\/rss\/articles\/CBMif0FVX3lxTE5Qbk5OWVFpcVdZd21DR1pRN3BNMWVRNW1VNGZfTDc2V3FYeHBBZktabDhfcGhNejNCVGFvaGhtVmZPNy13TmtRblZPRGk1a3dJZG5Nd0FEOExISks0LXM1c2dBcWJXc3p0Q2UyOWJVV3k0MWZuTmpEM0hlNDlCNzA?oc=5\" target=\"_blank\" rel=\"nofollow noopener\">Nyt tuli ankea tieto talven odottajille<\/a>&nbsp;&nbsp;Iltalehti<\/li>\n<li><a href=\"https:\/\/news.google.com\/rss\/articles\/CBMiXEFVX3lxTE83THQySG1QQUJzRFVyMjhJeHpvZFFRMjl5aUZoaTQwbzFlS3RzdFN3cklhTXV1UjhsWXdOTVowbUVkclBjc2o0SEsweTk3Z3ZySTdLYVZFb3E5NUhB?oc=5\" target=\"_blank\" rel=\"nofollow noopener\">S\u00e4\u00e4 jakaa Suomen kahtia: Etel\u00e4ss\u00e4 l\u00e4mmin, pohjoisessa pakkanen paukkuu<\/a>&nbsp;&nbsp;Ilta-Sanomat<\/li>\n<li><a href=\"https:\/\/news.google.com\/rss\/articles\/CBMiWEFVX3lxTE9sNjRhMHA1UmFzTFZ4WGtrTzBCMlJFeUg2bjN0dDA2VUtIRTUxd0U4V3N1UWpzVmo1Z2kwM3ZIb0pEZlFLX3VzeElCWDFjNHlmVGNjanNGMnM?oc=5\" target=\"_blank\" rel=\"nofollow noopener\">Joulukuun kuukausiennuste: Lunta, vett\u00e4 ja harmautta<\/a>&nbsp;&nbsp;Foreca<\/li>\n<li><a href=\"https:\/\/news.google.com\/rss\/articles\/CBMiUkFVX3lxTFB3NnNoM1EwcVFVbE5RdkZ6ZjZzRHF6dDJGQ0dvY0NQUklQZTJIaXdVa0M3enB0bUF6LXJtZjNOWk9NYVNQOVNzWnFoM3BVamZ1bFE?oc=5\" target=\"_blank\" rel=\"nofollow noopener\">Etel\u00e4\u00e4n lauhaa s\u00e4\u00e4t\u00e4, pohjoiseen lis\u00e4\u00e4 lumisateita<\/a>&nbsp;&nbsp;Yle<\/li>\n<li><a href=\"https:\/\/news.google.com\/rss\/articles\/CBMirwFBVV95cUxNbDRUU2lLS3NSeURFTlZ1MDRKZEJpNFhyNlJMbkJ0MkZsZWxIREttNjJHRnVLaXVsRTZRaGNFSEJSSy1KV2Y2X28yUmdDWWRuS3lVZHpDUFBxYnlVWkR0UHJCeFVMd2ZvczVDRl9GQmhhX29qdG5YY2dMZ1NWdzVrUG81T044SE5YTzE2YWlJcGFyVHZyLVVkcnpHRlYtejZJaDExMEpldzRxbEZHWWxZ?oc=5\" target=\"_blank\" rel=\"nofollow noopener\">Pekka Poudan synkk\u00e4 ennuste etel\u00e4\u00e4n: &#8221;Samalla menn\u00e4\u00e4n jouluun saakka&#8221;<\/a>&nbsp;&nbsp;mtvuutiset.fi<\/li>\n<\/ol>\n","protected":false},"excerpt":{"rendered":"Nyt tuli ankea tieto talven odottajille&nbsp;&nbsp;Iltalehti S\u00e4\u00e4 jakaa Suomen kahtia: Etel\u00e4ss\u00e4 l\u00e4mmin, pohjoisessa pakkanen paukkuu&nbsp;&nbsp;Ilta-Sanomat Joulukuun kuukausiennuste: Lunta,&hellip;\n","protected":false},"author":2,"featured_media":105991,"comment_status":"","ping_status":"","sticky":false,"template":"","format":"standard","meta":{"footnotes":""},"categories":[5],"tags":[35,22,23,26,27,33,31,30,17,713,4355,24,25,28,29,715,15,18,21,710,714,32,19,20,16],"class_list":{"0":"post-105990","1":"post","2":"type-post","3":"status-publish","4":"format-standard","5":"has-post-thumbnail","7":"category-otsikot","8":"tag-24h","9":"tag-breaking-news","10":"tag-breakingnews","11":"tag-featured-news","12":"tag-featurednews","13":"tag-fi","14":"tag-finland","15":"tag-finnish","16":"tag-headlines","17":"tag-lampotila-saa","18":"tag-lapin-maakunta","19":"tag-latest-news","20":"tag-latestnews","21":"tag-main-news","22":"tag-mainnews","23":"tag-meteorologia","24":"tag-news","25":"tag-otsikot","26":"tag-paauutiset","27":"tag-saa","28":"tag-saaennustus","29":"tag-suomi","30":"tag-top-stories","31":"tag-topstories","32":"tag-uutiset"},"share_on_mastodon":{"url":"https:\/\/pubeurope.com\/@fi\/115651718876239496","error":""},"_links":{"self":[{"href":"https:\/\/www.europesays.com\/fi\/wp-json\/wp\/v2\/posts\/105990","targetHints":{"allow":["GET"]}}],"collection":[{"href":"https:\/\/www.europesays.com\/fi\/wp-json\/wp\/v2\/posts"}],"about":[{"href":"https:\/\/www.europesays.com\/fi\/wp-json\/wp\/v2\/types\/post"}],"author":[{"embeddable":true,"href":"https:\/\/www.europesays.com\/fi\/wp-json\/wp\/v2\/users\/2"}],"replies":[{"embeddable":true,"href":"https:\/\/www.europesays.com\/fi\/wp-json\/wp\/v2\/comments?post=105990"}],"version-history":[{"count":0,"href":"https:\/\/www.europesays.com\/fi\/wp-json\/wp\/v2\/posts\/105990\/revisions"}],"wp:featuredmedia":[{"embeddable":true,"href":"https:\/\/www.europesays.com\/fi\/wp-json\/wp\/v2\/media\/105991"}],"wp:attachment":[{"href":"https:\/\/www.europesays.com\/fi\/wp-json\/wp\/v2\/media?parent=105990"}],"wp:term":[{"taxonomy":"category","embeddable":true,"href":"https:\/\/www.europesays.com\/fi\/wp-json\/wp\/v2\/categories?post=105990"},{"taxonomy":"post_tag","embeddable":true,"href":"https:\/\/www.europesays.com\/fi\/wp-json\/wp\/v2\/tags?post=105990"}],"curies":[{"name":"wp","href":"https:\/\/api.w.org\/{rel}","templated":true}]}}