{"id":106012,"date":"2025-12-02T20:28:15","date_gmt":"2025-12-02T20:28:15","guid":{"rendered":"https:\/\/www.europesays.com\/fi\/106012\/"},"modified":"2025-12-02T20:28:15","modified_gmt":"2025-12-02T20:28:15","slug":"samsungilta-erikoinen-tuotejulkistus-tassa-on-kolmesti-aukeava-alypuhelin-mtvuutiset-fi","status":"publish","type":"post","link":"https:\/\/www.europesays.com\/fi\/106012\/","title":{"rendered":"Samsungilta erikoinen tuotejulkistus: T\u00e4ss\u00e4 on &quot;kolmesti aukeava&quot; \u00e4lypuhelin &#8211; mtvuutiset.fi"},"content":{"rendered":"<ol>\n<li><a href=\"https:\/\/news.google.com\/rss\/articles\/CBMiuAFBVV95cUxNM3F3aHd6b0RBVVFTWGVIV1ZsYUtRXzVDR0h6bVJYMU1heG1IVkhZeXo1a0l0YW5IRHR3VkliNkZwbE5nclFLQUdjYi1laHRhMXZRSE8yeXc0ang5dzBvVFVydTgyWFU0eE92STJ0M254dkR0aGI1VlcyMm1SRXZFbU1GckZVXzF2WU5wZXpWcUVpTW1oZ2p4emNJNnRHLVVYdC1YMFZfZHJsMVhqa204SFFOZEhNVl92?oc=5\" target=\"_blank\" rel=\"nofollow noopener\">Samsungilta erikoinen tuotejulkistus: T\u00e4ss\u00e4 on &#8221;kolmesti aukeava&#8221; \u00e4lypuhelin<\/a>&nbsp;&nbsp;mtvuutiset.fi<\/li>\n<li><a href=\"https:\/\/news.google.com\/rss\/articles\/CBMi-AFBVV95cUxPaUdRbTQtUklETmxOcTdKQ0Fkam92OHVYeFN3aGNSOUIwa21iQ2gtWGh1eGlzd2tSMGV3eERYRV80Z1ZWdUxyYUl5RFM3TzRnN1IyRHdGNVpuRkRSNlFwM092bUQ4bm5aenY4WUdVcmJHZ3R5MlNnWjJsb3I4UExxdFpvX1VlaFpUOFFsTTVTV0h4WDktMFlZcVVwVUE5ckRoN09VNHdPX2ZhSDc4c3dTN1JiVFcxMTdFUWxELXU1WkZZRlRSeGtuSGMyV2xRcG85eTk5S0k2U0tyeFJ6RGFWWmw1UnNEaDJxQ3l2cXNQRWVDcW5RejlKdw?oc=5\" target=\"_blank\" rel=\"nofollow noopener\">Samsung esitteli Galaxy Z TriFold -puhelimen \u2013 kaksinkertaisesti avautuva huippupuhelin tuo 10 tuuman n\u00e4yt\u00f6n taskukokoon<\/a>&nbsp;&nbsp;Muropaketti.com<\/li>\n<li><a href=\"https:\/\/news.google.com\/rss\/articles\/CBMi9AFBVV95cUxOOVFuRTl2VFAxbkpRRFlOanpaMkRpMFZHSnZoaGw5a3MtaG5PUi01OTd5Ym5HRVUtT0xDNFFCeU9RQ2N3bFhZYTIwaWhKRXdVM05keTE5aHV0Tm1sRHJHYlhWRmpnNmZhbHM4UU5zMzVKTFF5enZEckxuNmt1NzdQWE0zaEh3TEdFS25rWGJ4dE9uOU1oRFFSR01JNmZZTkdOLUxlX29qS0dzTk13RTJ6NWN4NWJ0TzZoWUpmaVhmZUg2d3g0M1pMOWJyR1dDcHM2bmVhZXVIQzBLdDdxQjhZT3FqemJCUmJBc0NxWTlOTTRvSDU3?oc=5\" target=\"_blank\" rel=\"nofollow noopener\">Samsung julkisti viimein ensimm\u00e4isen kolminkerroin taittuvan puhelimensa Galaxy Z TriFoldin \u2013 kaksi taitosta avaavat 10 tuuman n\u00e4yt\u00f6n<\/a>&nbsp;&nbsp;Mobiili.fi<\/li>\n<li><a href=\"https:\/\/news.google.com\/rss\/articles\/CBMiqwFBVV95cUxNblo5Q2FXYlpENzBJZnV2RlJKNW1BT2FtcnhnWjE3MTJQcThVX1NwR2FNclluS00tcS1aZjRQaXF3aXFVc1hhU192OU9FZ1JaMEtfWkhTRV9GMTR2b01nanFIZ2NHQzlUNkVIUGVkRVRVeVZUUGRxczNFSmpTcGRmWmRvOWdqMHQ3Y0IycU5lWHIyN1YtUk10ZnNYbjMxT25DaXJHRDhXZFJlSUU?oc=5\" target=\"_blank\" rel=\"nofollow noopener\">Samsung ty\u00f6st\u00e4\u00e4 uutta Galaxy Z FoldSe ei kuitenkaan ole Galaxy Z Fold8<\/a>&nbsp;&nbsp;Samsung Magazine<\/li>\n<li><a href=\"https:\/\/news.google.com\/rss\/articles\/CBMiugFBVV95cUxNMC1DendPbWpMYWVQbDhoSmJ2b2ZTdTdOWTVvTC1NNVZ4d2hiYk1NYjBjd3lOdms1Zm9XNFBqSkF3YXJiZXQyclc3Ti01dDAteHdGWDdJUWp5a1VVYnRIMElfeHEyMXpiX3dEZUp5M0dTVDhlbHlpeTZZV0xwR2syVzI0WDBNUGIyOTF1Z0JfdXlEeDE2Tl9NajN3ZlZmT1RWQkRGeTJqVXItNE55Vnp0U3ZtZ2R0SGxMQ0E?oc=5\" target=\"_blank\" rel=\"nofollow noopener\">Samsung Galaxy Z TriFold 2025: Insin\u00f6\u00f6ritaidon ihme, joka muuttaa pelin s\u00e4\u00e4nn\u00f6t 5. joulukuuta<\/a>&nbsp;&nbsp;citymagazine.si<\/li>\n<\/ol>\n","protected":false},"excerpt":{"rendered":"Samsungilta erikoinen tuotejulkistus: T\u00e4ss\u00e4 on &#8221;kolmesti aukeava&#8221; \u00e4lypuhelin&nbsp;&nbsp;mtvuutiset.fi Samsung esitteli Galaxy Z TriFold -puhelimen \u2013 kaksinkertaisesti avautuva huippupuhelin&hellip;\n","protected":false},"author":2,"featured_media":106013,"comment_status":"","ping_status":"","sticky":false,"template":"","format":"standard","meta":{"footnotes":""},"categories":[85],"tags":[33,31,30,419,418,32,91,92],"class_list":{"0":"post-106012","1":"post","2":"type-post","3":"status-publish","4":"format-standard","5":"has-post-thumbnail","7":"category-mobiili","8":"tag-fi","9":"tag-finland","10":"tag-finnish","11":"tag-mobiili","12":"tag-mobile","13":"tag-suomi","14":"tag-technology","15":"tag-teknologia"},"share_on_mastodon":{"url":"https:\/\/pubeurope.com\/@fi\/115651864674090217","error":""},"_links":{"self":[{"href":"https:\/\/www.europesays.com\/fi\/wp-json\/wp\/v2\/posts\/106012","targetHints":{"allow":["GET"]}}],"collection":[{"href":"https:\/\/www.europesays.com\/fi\/wp-json\/wp\/v2\/posts"}],"about":[{"href":"https:\/\/www.europesays.com\/fi\/wp-json\/wp\/v2\/types\/post"}],"author":[{"embeddable":true,"href":"https:\/\/www.europesays.com\/fi\/wp-json\/wp\/v2\/users\/2"}],"replies":[{"embeddable":true,"href":"https:\/\/www.europesays.com\/fi\/wp-json\/wp\/v2\/comments?post=106012"}],"version-history":[{"count":0,"href":"https:\/\/www.europesays.com\/fi\/wp-json\/wp\/v2\/posts\/106012\/revisions"}],"wp:featuredmedia":[{"embeddable":true,"href":"https:\/\/www.europesays.com\/fi\/wp-json\/wp\/v2\/media\/106013"}],"wp:attachment":[{"href":"https:\/\/www.europesays.com\/fi\/wp-json\/wp\/v2\/media?parent=106012"}],"wp:term":[{"taxonomy":"category","embeddable":true,"href":"https:\/\/www.europesays.com\/fi\/wp-json\/wp\/v2\/categories?post=106012"},{"taxonomy":"post_tag","embeddable":true,"href":"https:\/\/www.europesays.com\/fi\/wp-json\/wp\/v2\/tags?post=106012"}],"curies":[{"name":"wp","href":"https:\/\/api.w.org\/{rel}","templated":true}]}}