{"id":106020,"date":"2025-12-02T20:36:08","date_gmt":"2025-12-02T20:36:08","guid":{"rendered":"https:\/\/www.europesays.com\/fi\/106020\/"},"modified":"2025-12-02T20:36:08","modified_gmt":"2025-12-02T20:36:08","slug":"nhl-niko-huuhtasen-ulos-tampa-baysta-2","status":"publish","type":"post","link":"https:\/\/www.europesays.com\/fi\/106020\/","title":{"rendered":"NHL: Niko Huuhtasen ulos Tampa Baysta"},"content":{"rendered":"<p>Hy\u00f6kk\u00e4\u00e4j\u00e4n ura jatkuu muualla.<\/p>\n<p class=\"article-body mb-nof-24 px-nof-16\">Suomalaishy\u00f6kk\u00e4\u00e4j\u00e4 <a class=\"article-personlink\" href=\"https:\/\/www.is.fi\/haku\/?query=Niko%20Huuhtasen\" rel=\"nofollow noopener\" target=\"_blank\">Niko Huuhtasen<\/a> j\u00e4\u00e4kiekkoura ei jatku Tampa Bay Lightningin NHL-organisaatiossa. Asiasta kertoo NHL-toimittaja <a class=\"article-personlink\" href=\"https:\/\/www.is.fi\/haku\/?query=Elliotte%20Friedman\" rel=\"nofollow noopener\" target=\"_blank\">Elliotte Friedman<\/a> X:ss\u00e4.<\/p>\n<p class=\"article-body mb-nof-24 px-nof-16\">Friedman kertoi <a class=\"article-genericlink\" href=\"https:\/\/x.com\/FriedgeHNIC\/status\/1995931782412427357\" rel=\"nofollow\">viestipalvelussa<\/a>, ett\u00e4 Tampa Bay on asettanut Huuhtasen siirtolistalle, jotta h\u00e4nen sopimuksensa voidaan irtisanoa.<\/p>\n<p class=\"article-body mb-nof-24 px-nof-16\">IS:n tietojen mukaan Huuhtanen palaa jatkamaan uraansa Eurooppaan, mutta ei SM-liigaan.<\/p>\n<p class=\"article-body mb-nof-24 px-nof-16\">Laitahy\u00f6kk\u00e4\u00e4j\u00e4 l\u00e4hti Pohjois-Amerikkaan pelattuaan l\u00e4pimurtokauden SM-liigassa 2023\u201324. Huuhtanen nakutti tuolloin Jukureissa 19 maalia ja 46 tehopistett\u00e4.<\/p>\n<p class=\"article-body mb-nof-24 px-nof-16\">Viime kausi meni kokonaan AHL:n Syracuse Crunchissa, jossa suomalainen teki kahdeksan maalia. T\u00e4ll\u00e4 kaudella Huuhtanen on pelannut vain viidess\u00e4 AHL-peliss\u00e4 ilman maaleja.<\/p>\n<p class=\"article-body mb-nof-24 px-nof-16\">Viimeisen ottelunsa Huuhtanen on pelannut toissa viikolla ECHL:ss\u00e4.<\/p>\n<p class=\"article-body mb-nof-24 px-nof-16\">Espoolaisen Bluesin kasvatti Huuhtanen, 22, on Tampa Bayn varaus vuodelta 2021 seitsem\u00e4nnell\u00e4 kierroksella numerolla 224.<\/p>\n<p class=\"article-body mb-nof-24 px-nof-16\">Huuhtanen oli viime viikolla julkaistulla Puolustusvoimien Urheilukouluun valittujen listalla. Saapumiser\u00e4n on m\u00e4\u00e4r\u00e4 aloittaa palvelus ensi kev\u00e4\u00e4n\u00e4.<\/p>\n","protected":false},"excerpt":{"rendered":"Hy\u00f6kk\u00e4\u00e4j\u00e4n ura jatkuu muualla. Suomalaishy\u00f6kk\u00e4\u00e4j\u00e4 Niko Huuhtasen j\u00e4\u00e4kiekkoura ei jatku Tampa Bay Lightningin NHL-organisaatiossa. Asiasta kertoo NHL-toimittaja Elliotte&hellip;\n","protected":false},"author":2,"featured_media":106021,"comment_status":"","ping_status":"","sticky":false,"template":"","format":"standard","meta":{"footnotes":""},"categories":[158],"tags":[33,31,30,34,159,32,160],"class_list":{"0":"post-106020","1":"post","2":"type-post","3":"status-publish","4":"format-standard","5":"has-post-thumbnail","7":"category-urheilu","8":"tag-fi","9":"tag-finland","10":"tag-finnish","11":"tag-ilta-sanomat","12":"tag-sports","13":"tag-suomi","14":"tag-urheilu"},"share_on_mastodon":{"url":"https:\/\/pubeurope.com\/@fi\/115651896054264124","error":""},"_links":{"self":[{"href":"https:\/\/www.europesays.com\/fi\/wp-json\/wp\/v2\/posts\/106020","targetHints":{"allow":["GET"]}}],"collection":[{"href":"https:\/\/www.europesays.com\/fi\/wp-json\/wp\/v2\/posts"}],"about":[{"href":"https:\/\/www.europesays.com\/fi\/wp-json\/wp\/v2\/types\/post"}],"author":[{"embeddable":true,"href":"https:\/\/www.europesays.com\/fi\/wp-json\/wp\/v2\/users\/2"}],"replies":[{"embeddable":true,"href":"https:\/\/www.europesays.com\/fi\/wp-json\/wp\/v2\/comments?post=106020"}],"version-history":[{"count":0,"href":"https:\/\/www.europesays.com\/fi\/wp-json\/wp\/v2\/posts\/106020\/revisions"}],"wp:featuredmedia":[{"embeddable":true,"href":"https:\/\/www.europesays.com\/fi\/wp-json\/wp\/v2\/media\/106021"}],"wp:attachment":[{"href":"https:\/\/www.europesays.com\/fi\/wp-json\/wp\/v2\/media?parent=106020"}],"wp:term":[{"taxonomy":"category","embeddable":true,"href":"https:\/\/www.europesays.com\/fi\/wp-json\/wp\/v2\/categories?post=106020"},{"taxonomy":"post_tag","embeddable":true,"href":"https:\/\/www.europesays.com\/fi\/wp-json\/wp\/v2\/tags?post=106020"}],"curies":[{"name":"wp","href":"https:\/\/api.w.org\/{rel}","templated":true}]}}