{"id":106025,"date":"2025-12-02T20:41:12","date_gmt":"2025-12-02T20:41:12","guid":{"rendered":"https:\/\/www.europesays.com\/fi\/106025\/"},"modified":"2025-12-02T20:41:12","modified_gmt":"2025-12-02T20:41:12","slug":"vladimir-putin-vaitti-venajan-joukkojen-vallanneen-pokrovskin-ukrainan-mukaan-venalaiset-ottivat-kaupungissa-lippuselfien","status":"publish","type":"post","link":"https:\/\/www.europesays.com\/fi\/106025\/","title":{"rendered":"Vladimir Putin v\u00e4itti Ven\u00e4j\u00e4n joukkojen vallanneen Pokrovskin \u2013 Ukrainan mukaan ven\u00e4l\u00e4iset ottivat kaupungissa \u201dlippuselfien\u201d"},"content":{"rendered":"<p>Ukrainan disinformaation vastaisen keskuksen johtajan mukaan Ven\u00e4j\u00e4n presidentin v\u00e4itteet Pokrovskin ja muiden kaupunkien valtaamisesta on suunnattu l\u00e4nsimaiselle yleis\u00f6lle.<\/p>\n<p>Ukrainan erikoisjoukot julkaisi viime viikolla videon sotilaistaan Pokrovskissa.<\/p>\n<p class=\"article-body mb-nof-24 px-nof-16\">Sotilasesikunnassa sunnuntaina vieraillut Ven\u00e4j\u00e4n presidentti <a class=\"article-personlink\" href=\"https:\/\/www.is.fi\/haku\/?query=Vladimir%20Putin\" rel=\"nofollow noopener\" target=\"_blank\">Vladimir Putin<\/a> v\u00e4itti maanantaina, ett\u00e4 Ven\u00e4j\u00e4n joukot ovat ottaneet t\u00e4ysin kontrolliinsa Donetskin alueella sijaitsevan Pokrovskin. Ven\u00e4j\u00e4 on pyrkinyt yli vuoden ajan valtaamaan kaupungin.<\/p>\n<p class=\"article-body mb-nof-24 px-nof-16\">Ukrainan it\u00e4isten joukkojen <a class=\"article-genericlink\" href=\"https:\/\/www.facebook.com\/EastOC\/posts\/pfbid02z3yaJ8m7Ez2xEKHneVZx1z2pdLSzQ1AHoYi7F8oV7zJMNmJM4n9Szipg9H7q3WNBl\" rel=\"nofollow noopener\" target=\"_blank\">komentokeskus<\/a> kiisti Putinin v\u00e4itteen tiistaina julkaisemassaan Facebook-p\u00e4ivityksess\u00e4. Komentokeskuksen mukaan it\u00e4isten joukkojen vastuualueella torjuttiin edellisen vuorokauden kuluessa 106 ven\u00e4l\u00e4isten hy\u00f6kk\u00e4yst\u00e4.<\/p>\n<p class=\"article-body mb-nof-24 px-nof-16\">\u2013 Etsint\u00e4- ja hy\u00f6kk\u00e4ysoperaatiot sek\u00e4 vihollisen eliminoiminen urbaaneilla alueilla jatkuvat Pokrovskissa. Ep\u00e4suotuisia s\u00e4\u00e4olosuhteita hyv\u00e4kseen k\u00e4ytt\u00e4en hy\u00f6kk\u00e4\u00e4j\u00e4t yrittiv\u00e4t j\u00e4lleen suorittaa \u201dlipunistutusoperaation\u201d yhdell\u00e4 kaupungin alueista, jotta propagandistit voisivat k\u00e4ytt\u00e4\u00e4 sit\u00e4 todisteena koko Pokrovskin valtaamisesta. Sen j\u00e4lkeen he pakenivat kiireell\u00e4. Vihollisryhmien siivoaminen jatkuu, komentokeskus kertoi.<\/p>\n<p><img decoding=\"async\" src=\"https:\/\/www.europesays.com\/fi\/wp-content\/uploads\/2025\/12\/1764708071_287_468.jpg\" alt=\"Ven\u00e4j\u00e4n puolustusministeri\u00f6 julkaisi tiistaina kuvan sotilaista, jotka poseerasivat Ven\u00e4j\u00e4n lipun kanssa Pokrovskissa.\" class=\"_Img_1rerz_1\" style=\"aspect-ratio:1.635434412265758\" loading=\"eager\"\/><\/p>\n<p class=\"article-picture-caption\">Ven\u00e4j\u00e4n puolustusministeri\u00f6 julkaisi tiistaina kuvan sotilaista, jotka poseerasivat Ven\u00e4j\u00e4n lipun kanssa Pokrovskissa. Kuva:\u00a0RUSSIAN DEFENCE MINISTRY \/ EPA<\/p>\n<p class=\"article-body mb-nof-24 px-nof-16\">P\u00e4ivityksen mukaan Ukrainan yksik\u00f6t jatkavat ilmatiedustelua ja iskujen tekemist\u00e4 ven\u00e4l\u00e4isi\u00e4 vastaan huonosta s\u00e4\u00e4st\u00e4 huolimatta.<\/p>\n<p class=\"article-body mb-nof-24 px-nof-16\">Ukraina on <a class=\"article-genericlink\" href=\"https:\/\/www.is.fi\/ulkomaat\/art-2000011638201.html\" rel=\"nofollow noopener\" target=\"_blank\">aiemminkin syytt\u00e4nyt<\/a> Ven\u00e4j\u00e4\u00e4 siit\u00e4, ett\u00e4 se l\u00e4hett\u00e4\u00e4 pieni\u00e4 ryhmi\u00e4 hy\u00f6kk\u00e4ysten kohteina oleviin kaupunkeihin kuvaamaan \u201dlippuselfieit\u00e4\u201d propagandatarkoituksiin, vaikka ven\u00e4l\u00e4isjoukot eiv\u00e4t todellisuudessa kontrolloi aluetta.<\/p>\n<p class=\"article-body mb-nof-24 px-nof-16\">Komentokeskuksen mukaan Ukrainan joukot pit\u00e4v\u00e4t asemistaan kiinni Pokrovskin it\u00e4puolella sijaitsevassa Myrnohradissa sek\u00e4 \u201deliminoivat\u201d kaupunkia l\u00e4hestyvi\u00e4 ven\u00e4l\u00e4isi\u00e4.<\/p>\n<p class=\"article-body mb-nof-24 px-nof-16\">\u2013 Pokrovskiin ja Myrnohradiin j\u00e4rjestet\u00e4\u00e4n lis\u00e4\u00e4 logistiikkareittej\u00e4, jotta kaiken yksik\u00f6illemme tarpeellisen keskeytym\u00e4tt\u00f6m\u00e4t toimitukset voidaan varmistaa, komentokeskus ilmoitti.<\/p>\n<p class=\"article-body mb-nof-24 px-nof-16\">Komentokeskuksen mukaan Ven\u00e4j\u00e4n joukkojen tappiot ovat suurimmillaan it\u00e4isten joukkojen vastuualueella. Edellisen vuorokauden aikana ven\u00e4l\u00e4isi\u00e4 v\u00e4itettiin kuolleen ja haavoittuneen 445.<\/p>\n<p class=\"article-body mb-nof-24 px-nof-16\">Taistelutapahtumia ei ole voitu vahvistaa itsen\u00e4isist\u00e4 l\u00e4hteist\u00e4.<\/p>\n<p class=\"article-body mb-nof-24 px-nof-16\">My\u00f6s ajatushautomo <a class=\"article-genericlink\" href=\"https:\/\/understandingwar.org\/research\/russia-ukraine\/russian-offensive-campaign-assessment-december-1-2025\/\" rel=\"nofollow noopener\" target=\"_blank\">ISW<\/a> (Institute for the Study of War) kyseenalaisti Putinin v\u00e4itteen. Sen mukaan vain osa Pokrovskista on Ven\u00e4j\u00e4n hallussa.<\/p>\n<p class=\"article-body mb-nof-24 px-nof-16\">\u2013 Ven\u00e4j\u00e4n joukot etenev\u00e4t yh\u00e4 hitaasti eiv\u00e4tk\u00e4 ole onnistuneet valtaamaan Pokrovskia kokonaan, vaikka ovat hallinneet asemia kaupungissa yli 120 p\u00e4iv\u00e4\u00e4, ISW kirjoittaa sunnuntaina julkaisemassaan tilannekatsauksessa.<\/p>\n<p><img decoding=\"async\" src=\"https:\/\/www.europesays.com\/fi\/wp-content\/uploads\/2025\/12\/1764708071_884_468.jpg\" alt=\"Ukrainan armeijan 148. tykist\u00f6prikaatin sotilaat valmistautuivat tulittamaan ven\u00e4l\u00e4isjoukkoja viime viikolla Pokrovskin l\u00e4hell\u00e4.\" class=\"_Img_1rerz_1\" style=\"aspect-ratio:1.4623000761614624\" loading=\"eager\"\/><\/p>\n<p class=\"article-picture-caption\">Ukrainan armeijan 148. tykist\u00f6prikaatin sotilaat valmistautuivat tulittamaan ven\u00e4l\u00e4isjoukkoja viime viikolla Pokrovskin l\u00e4hell\u00e4. Kuva:\u00a0Anatolii Stepanov \/ Reuters<\/p>\n<p class=\"article-body mb-nof-24 px-nof-16\">Ajatushautomon mukaan Kreml pyrkii luomaan kuvaa voittonsa v\u00e4ist\u00e4m\u00e4tt\u00f6myydest\u00e4, mutta \u201dtaistelukent\u00e4n todellisuus\u201d ei tue sit\u00e4.<\/p>\n<p class=\"article-body mb-nof-24 px-nof-16\">Putin v\u00e4itti joukkojensa vallanneet kokonaan my\u00f6s Harkovan alueella sijaitsevan Vovtshanskin kaupungin. Kummankaan kaupungin kaatumista ven\u00e4l\u00e4isjoukkojen k\u00e4siin eiv\u00e4t tue avoimiin l\u00e4hteisiin perustuvat sodan tilannekartat.<\/p>\n<p class=\"article-body mb-nof-24 px-nof-16\">Ukrainan disinformaation vastaisen keskuksen johtajan <a class=\"article-personlink\" href=\"https:\/\/www.is.fi\/haku\/?query=Andri%20Kovalenkon\" rel=\"nofollow noopener\" target=\"_blank\">Andri Kovalenkon<\/a> mukaan ven\u00e4l\u00e4isten lausunnot liittyv\u00e4t tilanteeseen, jossa Yhdysvallat pyrkii j\u00e4lleen neuvottelemaan rauhasta. Presidentti <a class=\"article-personlink\" href=\"https:\/\/www.is.fi\/haku\/?query=Donald%20Trumpin\" rel=\"nofollow noopener\" target=\"_blank\">Donald Trumpin<\/a> erityisl\u00e4hettil\u00e4\u00e4n <a class=\"article-personlink\" href=\"https:\/\/www.is.fi\/haku\/?query=Steve%20Witkoffin\" rel=\"nofollow noopener\" target=\"_blank\">Steve Witkoffin<\/a> oli m\u00e4\u00e4r\u00e4 tavata tiistaina Putin Moskovassa.<\/p>\n<p class=\"article-body mb-nof-24 px-nof-16\">\u2013 Ven\u00e4l\u00e4iset yritt\u00e4v\u00e4t kaikkensa kasvattaakseen painetta rintamalla l\u00e4hiviikkoina. Sen lis\u00e4ksi he antavat \u00e4\u00e4nekk\u00e4it\u00e4 lausuntoja \u2013 kaikki t\u00e4m\u00e4 tehd\u00e4\u00e4n ainoastaan l\u00e4nsimaista yleis\u00f6\u00e4 varten, jotta panoksia saataisiin kasvatettua diplomatiassa, Kovalenko kirjoitti <a class=\"article-genericlink\" href=\"https:\/\/t.me\/akovalenko1989\/10127\" rel=\"nofollow\">Telegramissa<\/a>.<\/p>\n<p><img decoding=\"async\" src=\"https:\/\/www.europesays.com\/fi\/wp-content\/uploads\/2025\/12\/1764708072_722_468.gif\" alt=\"\" class=\"_Img_1rerz_1\" style=\"aspect-ratio:1.3732004429678848\" loading=\"eager\"\/><\/p>\n","protected":false},"excerpt":{"rendered":"Ukrainan disinformaation vastaisen keskuksen johtajan mukaan Ven\u00e4j\u00e4n presidentin v\u00e4itteet Pokrovskin ja muiden kaupunkien valtaamisesta on suunnattu l\u00e4nsimaiselle yleis\u00f6lle.&hellip;\n","protected":false},"author":2,"featured_media":106026,"comment_status":"","ping_status":"","sticky":false,"template":"","format":"standard","meta":{"footnotes":""},"categories":[14],"tags":[22,23,26,27,33,31,30,17,34,24,25,28,29,15,18,21,32,19,20,56,16,59,60,61],"class_list":{"0":"post-106025","1":"post","2":"type-post","3":"status-publish","4":"format-standard","5":"has-post-thumbnail","7":"category-ulkomaat","8":"tag-breaking-news","9":"tag-breakingnews","10":"tag-featured-news","11":"tag-featurednews","12":"tag-fi","13":"tag-finland","14":"tag-finnish","15":"tag-headlines","16":"tag-ilta-sanomat","17":"tag-latest-news","18":"tag-latestnews","19":"tag-main-news","20":"tag-mainnews","21":"tag-news","22":"tag-otsikot","23":"tag-paauutiset","24":"tag-suomi","25":"tag-top-stories","26":"tag-topstories","27":"tag-ulkomaat","28":"tag-uutiset","29":"tag-world","30":"tag-world-news","31":"tag-worldnews"},"share_on_mastodon":{"url":"https:\/\/pubeurope.com\/@fi\/115651915730640761","error":""},"_links":{"self":[{"href":"https:\/\/www.europesays.com\/fi\/wp-json\/wp\/v2\/posts\/106025","targetHints":{"allow":["GET"]}}],"collection":[{"href":"https:\/\/www.europesays.com\/fi\/wp-json\/wp\/v2\/posts"}],"about":[{"href":"https:\/\/www.europesays.com\/fi\/wp-json\/wp\/v2\/types\/post"}],"author":[{"embeddable":true,"href":"https:\/\/www.europesays.com\/fi\/wp-json\/wp\/v2\/users\/2"}],"replies":[{"embeddable":true,"href":"https:\/\/www.europesays.com\/fi\/wp-json\/wp\/v2\/comments?post=106025"}],"version-history":[{"count":0,"href":"https:\/\/www.europesays.com\/fi\/wp-json\/wp\/v2\/posts\/106025\/revisions"}],"wp:featuredmedia":[{"embeddable":true,"href":"https:\/\/www.europesays.com\/fi\/wp-json\/wp\/v2\/media\/106026"}],"wp:attachment":[{"href":"https:\/\/www.europesays.com\/fi\/wp-json\/wp\/v2\/media?parent=106025"}],"wp:term":[{"taxonomy":"category","embeddable":true,"href":"https:\/\/www.europesays.com\/fi\/wp-json\/wp\/v2\/categories?post=106025"},{"taxonomy":"post_tag","embeddable":true,"href":"https:\/\/www.europesays.com\/fi\/wp-json\/wp\/v2\/tags?post=106025"}],"curies":[{"name":"wp","href":"https:\/\/api.w.org\/{rel}","templated":true}]}}