{"id":106039,"date":"2025-12-02T21:02:10","date_gmt":"2025-12-02T21:02:10","guid":{"rendered":"https:\/\/www.europesays.com\/fi\/106039\/"},"modified":"2025-12-02T21:02:10","modified_gmt":"2025-12-02T21:02:10","slug":"veera-kivirinnalta-myrskyvaroitus-em-kisoissa","status":"publish","type":"post","link":"https:\/\/www.europesays.com\/fi\/106039\/","title":{"rendered":"Veera Kivirinnalta myrskyvaroitus EM-kisoissa"},"content":{"rendered":"<p>Kivirinta ui ensimm\u00e4isen viisikymppisen kovempaa kuin koskaan aiemmin.<\/p>\n<p><img decoding=\"async\" class=\"image image-show image-preview\" src=\"https:\/\/www.europesays.com\/fi\/wp-content\/uploads\/2025\/12\/78bd6ae4d506ec7c7a358d92bb62e4e11a71a3e58b7350faa0e7685233c07882.jpg\" alt=\"\"\/><img decoding=\"async\" class=\"image image-show\" src=\"https:\/\/www.europesays.com\/fi\/wp-content\/uploads\/2025\/12\/1764709330_645_78bd6ae4d506ec7c7a358d92bb62e4e11a71a3e58b7350faa0e7685233c07882.jpg\" alt=\"\"\/><\/p>\n<p>Veera Kivirinta aloitti kovaa 100 metrill\u00e4. Arkistokuva. AOP<\/p>\n<p class=\"paragraph\"><strong>Veera Kivirinta<\/strong> karsiutui 100 metrin rintauinnin v\u00e4lieriss\u00e4 lyhyen radan EM-kisoissa.<\/p>\n<p class=\"paragraph\">V\u00e4lierien 14. sijasta huolimatta Kivirinnan, 30, kunnosta n\u00e4htiin myrskyvaroitus. H\u00e4n oli koko er\u00e4ns\u00e4 nopein ensimm\u00e4isell\u00e4 50 metrill\u00e4. Aika oli siin\u00e4 vaiheessa 29,85.<\/p>\n<p class=\"paragraph\">Se lupaa eritt\u00e4in hyv\u00e4\u00e4 Kivirinnan p\u00e4\u00e4matkaa ajatellen. 50 metrin rintauinti on vuorossa lauantaina.<\/p>\n<p class=\"paragraph\">\u2013\u2009Olen tosi tyytyv\u00e4inen. Tuo oli ehk\u00e4 toiseksi nopein aikani 100 metrill\u00e4. Uskalsin olla v\u00e4h\u00e4n tyhm\u00e4nrohkeakin, Kivirinta sanoi Ylen haastattelussa.<\/p>\n<p class=\"paragraph\">\u2013\u2009Jengi katsoi varmaan, mik\u00e4 t\u00e4m\u00e4 muija on. En ole alle 30 sekunnin aloituksia uinut lyhyell\u00e4 radalla koskaan. T\u00e4st\u00e4 on hyv\u00e4 l\u00e4hte\u00e4 lep\u00e4ilem\u00e4\u00e4n pariksi p\u00e4iv\u00e4ksi, h\u00e4n jatkoi.<\/p>\n<p class=\"paragraph\"><strong>Laura Lahtinen<\/strong> ui uuden Suomen enn\u00e4tyksen 50 metrin perhosuinnissa. Aika oli 25,45, ja sill\u00e4 irtosi er\u00e4n seitsem\u00e4s sija.<\/p>\n<p class=\"paragraph\">T\u00e4m\u00e4n vuoden kisat uidaan Puolan Lublinissa.<\/p>\n","protected":false},"excerpt":{"rendered":"Kivirinta ui ensimm\u00e4isen viisikymppisen kovempaa kuin koskaan aiemmin. Veera Kivirinta aloitti kovaa 100 metrill\u00e4. Arkistokuva. AOP Veera Kivirinta&hellip;\n","protected":false},"author":2,"featured_media":106040,"comment_status":"","ping_status":"","sticky":false,"template":"","format":"standard","meta":{"footnotes":""},"categories":[158],"tags":[35,33,31,30,41,72,159,32,160,161,872,534],"class_list":{"0":"post-106039","1":"post","2":"type-post","3":"status-publish","4":"format-standard","5":"has-post-thumbnail","7":"category-urheilu","8":"tag-24h","9":"tag-fi","10":"tag-finland","11":"tag-finnish","12":"tag-liikunta-ja-urheilu","13":"tag-luonto","14":"tag-sports","15":"tag-suomi","16":"tag-urheilu","17":"tag-urheilutapahtumat","18":"tag-vesistot","19":"tag-ymparisto-ja-luonto"},"share_on_mastodon":{"url":"https:\/\/pubeurope.com\/@fi\/115651998396722472","error":""},"_links":{"self":[{"href":"https:\/\/www.europesays.com\/fi\/wp-json\/wp\/v2\/posts\/106039","targetHints":{"allow":["GET"]}}],"collection":[{"href":"https:\/\/www.europesays.com\/fi\/wp-json\/wp\/v2\/posts"}],"about":[{"href":"https:\/\/www.europesays.com\/fi\/wp-json\/wp\/v2\/types\/post"}],"author":[{"embeddable":true,"href":"https:\/\/www.europesays.com\/fi\/wp-json\/wp\/v2\/users\/2"}],"replies":[{"embeddable":true,"href":"https:\/\/www.europesays.com\/fi\/wp-json\/wp\/v2\/comments?post=106039"}],"version-history":[{"count":0,"href":"https:\/\/www.europesays.com\/fi\/wp-json\/wp\/v2\/posts\/106039\/revisions"}],"wp:featuredmedia":[{"embeddable":true,"href":"https:\/\/www.europesays.com\/fi\/wp-json\/wp\/v2\/media\/106040"}],"wp:attachment":[{"href":"https:\/\/www.europesays.com\/fi\/wp-json\/wp\/v2\/media?parent=106039"}],"wp:term":[{"taxonomy":"category","embeddable":true,"href":"https:\/\/www.europesays.com\/fi\/wp-json\/wp\/v2\/categories?post=106039"},{"taxonomy":"post_tag","embeddable":true,"href":"https:\/\/www.europesays.com\/fi\/wp-json\/wp\/v2\/tags?post=106039"}],"curies":[{"name":"wp","href":"https:\/\/api.w.org\/{rel}","templated":true}]}}