{"id":106049,"date":"2025-12-02T21:09:11","date_gmt":"2025-12-02T21:09:11","guid":{"rendered":"https:\/\/www.europesays.com\/fi\/106049\/"},"modified":"2025-12-02T21:09:11","modified_gmt":"2025-12-02T21:09:11","slug":"onnettomuus-varalaskupaikalla-pyorailija-kuoli","status":"publish","type":"post","link":"https:\/\/www.europesays.com\/fi\/106049\/","title":{"rendered":"Onnettomuus varalaskupaikalla \u2013 Py\u00f6r\u00e4ilij\u00e4 kuoli"},"content":{"rendered":"<p>Liikenneonnettomuus tapahtui tiistai-iltana yhdeks\u00e4n j\u00e4lkeen.<\/p>\n<p><img decoding=\"async\" class=\"image image-show image-preview\" src=\"https:\/\/www.europesays.com\/fi\/wp-content\/uploads\/2025\/08\/25b4cfbe3124f733c1a73dc1b92985fa3f6868f8454d9af46c284c1ccec0e510.jpg\" alt=\"\"\/><img decoding=\"async\" class=\"image image-show\" src=\"https:\/\/www.europesays.com\/fi\/wp-content\/uploads\/2025\/08\/1755346268_705_25b4cfbe3124f733c1a73dc1b92985fa3f6868f8454d9af46c284c1ccec0e510.jpg\" alt=\"\"\/><\/p>\n<p>Poliisi kertoo py\u00f6r\u00e4ilij\u00e4n kuolleen onnettomuudessa. Inka Soveri<\/p>\n<p class=\"paragraph\">Py\u00f6r\u00e4ilij\u00e4 kuoli liikenneonnettomuudessa Joutsassa tiistai-iltana.<\/p>\n<p class=\"paragraph\">Py\u00f6r\u00e4ilij\u00e4 j\u00e4i auton alle Nelostiell\u00e4 Joutsan varalaskupaikalla noin kello 21.15.<\/p>\n<p class=\"paragraph\">Keski-Suomen pelastuslaitokselta kerrotaan, ett\u00e4 onnettomuus tapahtui pohjoiseen menevill\u00e4 kaistoilla varalaskupaikan etel\u00e4p\u00e4\u00e4dyss\u00e4.<\/p>\n<p class=\"paragraph\">Poliisi selvitt\u00e4\u00e4 onnettomuutta. T\u00e4ss\u00e4 vaiheessa ei viel\u00e4 voida ottaa kantaa siihen, ep\u00e4ill\u00e4\u00e4nk\u00f6 tapauksessa rikosta.<\/p>\n","protected":false},"excerpt":{"rendered":"Liikenneonnettomuus tapahtui tiistai-iltana yhdeks\u00e4n j\u00e4lkeen. Poliisi kertoo py\u00f6r\u00e4ilij\u00e4n kuolleen onnettomuudessa. Inka Soveri Py\u00f6r\u00e4ilij\u00e4 kuoli liikenneonnettomuudessa Joutsassa tiistai-iltana. Py\u00f6r\u00e4ilij\u00e4&hellip;\n","protected":false},"author":2,"featured_media":69259,"comment_status":"","ping_status":"","sticky":false,"template":"","format":"standard","meta":{"footnotes":""},"categories":[5],"tags":[35,22,23,26,27,33,31,30,17,24,25,121,41,28,29,15,18,21,122,54,32,128,19,20,16],"class_list":{"0":"post-106049","1":"post","2":"type-post","3":"status-publish","4":"format-standard","5":"has-post-thumbnail","7":"category-otsikot","8":"tag-24h","9":"tag-breaking-news","10":"tag-breakingnews","11":"tag-featured-news","12":"tag-featurednews","13":"tag-fi","14":"tag-finland","15":"tag-finnish","16":"tag-headlines","17":"tag-latest-news","18":"tag-latestnews","19":"tag-liikenne-ja-kuljetus","20":"tag-liikunta-ja-urheilu","21":"tag-main-news","22":"tag-mainnews","23":"tag-news","24":"tag-otsikot","25":"tag-paauutiset","26":"tag-pelastaminen","27":"tag-pelastuspalvelut","28":"tag-suomi","29":"tag-tieliikenne","30":"tag-top-stories","31":"tag-topstories","32":"tag-uutiset"},"share_on_mastodon":{"url":"https:\/\/pubeurope.com\/@fi\/115652025689546537","error":""},"_links":{"self":[{"href":"https:\/\/www.europesays.com\/fi\/wp-json\/wp\/v2\/posts\/106049","targetHints":{"allow":["GET"]}}],"collection":[{"href":"https:\/\/www.europesays.com\/fi\/wp-json\/wp\/v2\/posts"}],"about":[{"href":"https:\/\/www.europesays.com\/fi\/wp-json\/wp\/v2\/types\/post"}],"author":[{"embeddable":true,"href":"https:\/\/www.europesays.com\/fi\/wp-json\/wp\/v2\/users\/2"}],"replies":[{"embeddable":true,"href":"https:\/\/www.europesays.com\/fi\/wp-json\/wp\/v2\/comments?post=106049"}],"version-history":[{"count":0,"href":"https:\/\/www.europesays.com\/fi\/wp-json\/wp\/v2\/posts\/106049\/revisions"}],"wp:featuredmedia":[{"embeddable":true,"href":"https:\/\/www.europesays.com\/fi\/wp-json\/wp\/v2\/media\/69259"}],"wp:attachment":[{"href":"https:\/\/www.europesays.com\/fi\/wp-json\/wp\/v2\/media?parent=106049"}],"wp:term":[{"taxonomy":"category","embeddable":true,"href":"https:\/\/www.europesays.com\/fi\/wp-json\/wp\/v2\/categories?post=106049"},{"taxonomy":"post_tag","embeddable":true,"href":"https:\/\/www.europesays.com\/fi\/wp-json\/wp\/v2\/tags?post=106049"}],"curies":[{"name":"wp","href":"https:\/\/api.w.org\/{rel}","templated":true}]}}