{"id":106058,"date":"2025-12-02T21:29:08","date_gmt":"2025-12-02T21:29:08","guid":{"rendered":"https:\/\/www.europesays.com\/fi\/106058\/"},"modified":"2025-12-02T21:29:08","modified_gmt":"2025-12-02T21:29:08","slug":"harry-ja-meghan-rahaongelmat-ja-hyvantekevaisyyden-haasteet-jos-he-tienaavat-uskottavuus-vahenee","status":"publish","type":"post","link":"https:\/\/www.europesays.com\/fi\/106058\/","title":{"rendered":"Harry ja Meghan: Rahaongelmat ja hyv\u00e4ntekev\u00e4isyyden haasteet &#8211; jos he tienaavat, uskottavuus v\u00e4henee"},"content":{"rendered":"<p>            AOP\n        <\/p>\n<p class=\"subtitle \">Sussexeilla on j\u00e4ttitulot. Valitettavasti my\u00f6s j\u00e4ttimenot.<\/p>\n<p class=\"article-content article-content-width !bg-background\">Mit\u00e4 enemm\u00e4n  ja  yritt\u00e4v\u00e4t korjata finanssiasioitaan, sit\u00e4 isommassa ristiriidassa he ovat hyv\u00e4ntekev\u00e4isyyshankkeidensa vuoksi.<\/p>\n<p class=\"font-weight-bold m-font-weight-bold article-content article-content-width !bg-background\">Arkistovideo: Onko h\u00e4n jotenkin muuttunut?<\/p>\n<p class=\"article-content article-content-width !bg-background\">Prinssi Harrya ja Meghan Marklea on vaivannut suhteellinen rahapula siit\u00e4 asti, kun he 2020 l\u00e4htiv\u00e4t hovista. Rahaa on paljon, mutta kuninkaallisille puolipakollinen el\u00e4m\u00e4ntyyli my\u00f6s vie paljon.<\/p>\n<p class=\"article-content article-content-width !bg-background\">Esimerkiksi turvallisuuskuluista on vaikea v\u00e4hent\u00e4\u00e4. Pari lapsineen olisi kovin helppo kohde terrori- tai kiristysrikoksille.<\/p>\n<p class=\"article-content article-content-width !bg-background\">Koska rahaa ei kuitenkaan tule, sit\u00e4 on teht\u00e4v\u00e4. Parin firmaviritykset puolestaan sy\u00f6v\u00e4t jatkuvasti heid\u00e4n uskottavuuttaan ja vaikeuttavat hyv\u00e4ntekev\u00e4isyytt\u00e4.<\/p>\n<p>Harryn s\u00e4\u00e4ti\u00f6 ja Meghanin bisnekset vastakkain<\/p>\n<p class=\"article-content article-content-width !bg-background\">Archewell-s\u00e4\u00e4ti\u00f6 on enimm\u00e4kseen Harryn luomus. S\u00e4\u00e4ti\u00f6n on tarkoitus pikavoittojen sijaan j\u00e4tt\u00e4\u00e4 j\u00e4lki maailmaan, ja aiheina se keskittyy mielenterveyteen, vammoista toipumisen tukemiseen, tasa-arvoon ja pakolaisapuun.<\/p>\n<p>        <a itemprop=\"url\" href=\"https:\/\/www.seiska.fi\/kuninkaalliset\/harryn-ja-meghanin-netflix-diili-huononi-apuun-prinssi-archie-6-v\/1906994\" rel=\"nofollow noopener\" target=\"_blank\"><\/p>\n<p>\nHarry ja Meghan:\n<\/p>\n<p class=\"section-date\">\n        <strong class=\"article-section\" data-section=\"kuninkaalliset\"><br \/>\n            kuninkaalliset<br \/>\n        <\/strong><br \/>\n        21.8. 19:30\n    <\/p>\n<p>Harryn ja Meghanin Netflix-diili huononi \u2013 apuun prinssi Archie, 6 v.\n    <\/p>\n<p itemprop=\"description\" class=\"subtitle \">\n    Idea syntyi jo korona-aikaan.\n<\/p>\n<p>        <\/a><\/p>\n<p class=\"article-content article-content-width !bg-background\">Archewell julkaisi raportin, joka totesi nuorten ja pinteess\u00e4 olevien etsiv\u00e4n roolimalleja, jotka eiv\u00e4t jahtaa taloudellista hyv\u00e4\u00e4. Johtajuudessa kaivataan raportin mukaan aivan muuta kuin ep\u00e4autenttisiksi koettuja, seuraajia ja taloudellista hy\u00f6ty\u00e4 hakevia somevaikuttajia.<\/p>\n<p class=\"article-content article-content-width !bg-background\">Pahaksi onneksi Meghan on tikunnokassa somevetoisine hyvinvointituotteineen, joita on kritisoitu kalliiksi ja yhdentekeviksi ja h\u00e4nen lifestyle-ohjelmiaan bisnesimperiumin mainoksiksi.<\/p>\n<p>Pakko saada rahaa<\/p>\n<p class=\"article-content article-content-width !bg-background\">Herttuaparin kriitikot ovat huomauttaneet, ett\u00e4 heid\u00e4n sopimuksensa Netflixin ja Spotifyn kanssa vuodesta 2020 l\u00e4htien ovat olleet yhteens\u00e4 yli sadan miljoonan euron arvoisia.<\/p>\n<p>        <a itemprop=\"url\" href=\"https:\/\/www.seiska.fi\/kuninkaalliset\/herttuatar-meghan-kiillottaa-ryvettynytta-mainettaan-puuhastelee-nyt-essu-paallaan\/1283249\" rel=\"nofollow noopener\" target=\"_blank\"><\/p>\n<p class=\"section-date\">\n        <strong class=\"article-section\" data-section=\"kuninkaalliset\"><br \/>\n            kuninkaalliset<br \/>\n        <\/strong><br \/>\n        28.2.2024 16:31\n    <\/p>\n<p>Herttuatar Meghan kiillottaa ryvettynytt\u00e4 mainettaan \u2013 puuhastelee nyt essu p\u00e4\u00e4ll\u00e4\u00e4n!\n    <\/p>\n<p itemprop=\"description\" class=\"subtitle \">\n    Sussexin herttuatar s\u00e4ken\u00f6i pakolaisnaisten ruuanlaittohetkess\u00e4.\n<\/p>\n<p>        <\/a><\/p>\n<p class=\"article-content article-content-width !bg-background\">Lukuisten tilaisuuksien ja muiden hyvin palkattujen liiketoimintaroolien ansiosta pari on voinut asettua 14 miljoonan dollarin kartanoon Montecitossa kahden pienen lapsensa kanssa.<\/p>\n<p class=\"article-content article-content-width !bg-background\"><a href=\"https:\/\/www.dailymail.co.uk\/news\/royals\/article-15344861\/Harry-Meghan-activist-brand-hypocrisy-claims-Archewell-report-influencers.html\" target=\"_blank\" rel=\"nofollow noopener\">Daily Mail esittelee parin puolusta: Meghan esimerkiksi kiist\u00e4\u00e4 olevansa vaikuttaja ja kutsuu itse\u00e4\u00e4n &#8221;yritt\u00e4j\u00e4ksi ja naisperustajaksi&#8221;.<\/a> Harry ei ole asiassa ollut \u00e4\u00e4ness\u00e4, mutta h\u00e4nen tukijansa ovat. Kriitikoille on haluttu vastata, ett\u00e4 jokaisen on pakko saada rahaa, ja &#8221;me kaikki teemme niin, jos emme satu olemaan hovin j\u00e4seni\u00e4.<\/p>\n<p>Omat koirat purivat<\/p>\n<p class=\"article-content article-content-width !bg-background\">Archewell-s\u00e4\u00e4ti\u00f6n vaikuttavuusraportti keskittyy juuri sinne, miss\u00e4 ex-kuninkaalliset yritt\u00e4v\u00e4t vaikuttaa.<\/p>\n<p class=\"article-content article-content-width !bg-background\">Raporttia varten haastateltiin yli 100 nuorta 10\u201325-vuotiasta siit\u00e4, mit\u00e4 digitaalisella aikakaudella kasvaminen tarkoittaa.<\/p>\n<p>        <a itemprop=\"url\" href=\"https:\/\/www.seiska.fi\/kuninkaalliset\/yllatyspaluu-prinssi-harryn-ja-herttuatar-meghanin-sometili-aktivoitui\/1171117\" rel=\"nofollow noopener\" target=\"_blank\"><\/p>\n<p class=\"section-date\">\n        <strong class=\"article-section\" data-section=\"kuninkaalliset\"><br \/>\n            kuninkaalliset<br \/>\n        <\/strong><br \/>\n        23.10.2023 11:28\n    <\/p>\n<p>Yll\u00e4tyspaluu! Prinssi Harryn ja herttuatar Meghanin sometili aktivoitui\n    <\/p>\n<p itemprop=\"description\" class=\"subtitle \">\n    Pariskunnan Instagram-tilille ilmaantui julkaisu ensimm\u00e4ist\u00e4 kertaa vuoteen.\n<\/p>\n<p>        <\/a><\/p>\n<p class=\"article-content article-content-width !bg-background\">Meghanin kotimaasta Yhdysvalloista, Harryn Britanniasta sek\u00e4 Australiasta, Kanadasta ja Panamasta kotoisin olevat nuoret kertoivat olevansa v\u00e4syneit\u00e4 vaikuttajakulttuurin ep\u00e4aitouteen.<\/p>\n<p class=\"article-content article-content-width !bg-background\">\u2013 Nuoret kuvaavat vaikuttajia &#8221;teenn\u00e4isiksi&#8221;, &#8221;ep\u00e4aidoiksi&#8221; ja &#8221;voittoa tavoitteleviksi&#8221;. Merkitykselliset \u00e4\u00e4net hukkuvat usein haitalliseen tai pinnalliseen sis\u00e4lt\u00f6\u00f6n, asiakirjassa todetaan.<\/p>\n<p>        <a itemprop=\"url\" href=\"https:\/\/www.seiska.fi\/kuninkaalliset\/prinssi-harryn-murheellisin-paljastus-dianasta\/2007614\" rel=\"nofollow noopener\" target=\"_blank\"><\/p>\n<p>\nPrinssi Harry\n<\/p>\n<p class=\"section-date\">\n        <strong class=\"article-section\" data-section=\"kuninkaalliset\"><br \/>\n            kuninkaalliset<br \/>\n        <\/strong><br \/>\n        30.11. 21:30\n    <\/p>\n<p>Prinssi Harryn murheellisin paljastus Dianasta!\n    <\/p>\n<p itemprop=\"description\" class=\"subtitle \">\n    Vuosikymmeniin Harry ei kyennyt ajattelemaan \u00e4iti\u00e4\u00e4n, koska muistot t\u00e4st\u00e4 olivat loppuneet. Terapia avasi padon, ja muistojen tsunami iski prinssiin.\n<\/p>\n<p>        <\/a><\/p>\n<p class=\"article-content article-content-width !bg-background\">Kiusallisinta kaikessa on se, ett\u00e4 Archewell ei ainoastaan tuota rahaa h\u00e4d\u00e4nalaisille, vaan n\u00e4kyvyytt\u00e4 Sussexeille. Se on heille t\u00e4rke\u00e4\u00e4 my\u00f6s, kun hovin kautta ei en\u00e4\u00e4 voi j\u00e4tt\u00e4\u00e4 sormenj\u00e4lke\u00e4\u00e4n maailmaan, kuten ennen.<\/p>\n<p class=\"article-content article-content-width !bg-background\"><a href=\"https:\/\/www.newsweek.com\/entertainment\/celebrity-news\/prince-harry-meghan-markle-authenticity-problem-11105249\" target=\"_blank\" rel=\"nofollow noopener\">Newsweek on todennut, ett\u00e4 Sussexin herttuaparin taipumus puhua aitoudesta<\/a> ja pyrki\u00e4 siihen aiheuttaa heille suuren ongelman ja j\u00e4tt\u00e4\u00e4 heid\u00e4t avoimiksi tekopyhyyssyyt\u00f6ksille.<\/p>\n","protected":false},"excerpt":{"rendered":"AOP Sussexeilla on j\u00e4ttitulot. Valitettavasti my\u00f6s j\u00e4ttimenot. Mit\u00e4 enemm\u00e4n ja yritt\u00e4v\u00e4t korjata finanssiasioitaan, sit\u00e4 isommassa ristiriidassa he ovat&hellip;\n","protected":false},"author":2,"featured_media":106059,"comment_status":"","ping_status":"","sticky":false,"template":"","format":"standard","meta":{"footnotes":""},"categories":[130],"tags":[5252,4257,137,33,31,30,1383,6656,1440,1384,217,1416,1240,2210,32,11914,109],"class_list":{"0":"post-106058","1":"post","2":"type-post","3":"status-publish","4":"format-standard","5":"has-post-thumbnail","7":"category-viihde","8":"tag-archewell","9":"tag-englannin-kuninkaallinen-perhe","10":"tag-entertainment","11":"tag-fi","12":"tag-finland","13":"tag-finnish","14":"tag-herttuatar-meghan","15":"tag-hovi","16":"tag-meghan","17":"tag-meghan-markle","18":"tag-netflix","19":"tag-prinssi-harry","20":"tag-raha","21":"tag-somevaikuttaja","22":"tag-suomi","23":"tag-vaikuttaja","24":"tag-viihde"},"share_on_mastodon":{"url":"https:\/\/pubeurope.com\/@fi\/115652104286530926","error":""},"_links":{"self":[{"href":"https:\/\/www.europesays.com\/fi\/wp-json\/wp\/v2\/posts\/106058","targetHints":{"allow":["GET"]}}],"collection":[{"href":"https:\/\/www.europesays.com\/fi\/wp-json\/wp\/v2\/posts"}],"about":[{"href":"https:\/\/www.europesays.com\/fi\/wp-json\/wp\/v2\/types\/post"}],"author":[{"embeddable":true,"href":"https:\/\/www.europesays.com\/fi\/wp-json\/wp\/v2\/users\/2"}],"replies":[{"embeddable":true,"href":"https:\/\/www.europesays.com\/fi\/wp-json\/wp\/v2\/comments?post=106058"}],"version-history":[{"count":0,"href":"https:\/\/www.europesays.com\/fi\/wp-json\/wp\/v2\/posts\/106058\/revisions"}],"wp:featuredmedia":[{"embeddable":true,"href":"https:\/\/www.europesays.com\/fi\/wp-json\/wp\/v2\/media\/106059"}],"wp:attachment":[{"href":"https:\/\/www.europesays.com\/fi\/wp-json\/wp\/v2\/media?parent=106058"}],"wp:term":[{"taxonomy":"category","embeddable":true,"href":"https:\/\/www.europesays.com\/fi\/wp-json\/wp\/v2\/categories?post=106058"},{"taxonomy":"post_tag","embeddable":true,"href":"https:\/\/www.europesays.com\/fi\/wp-json\/wp\/v2\/tags?post=106058"}],"curies":[{"name":"wp","href":"https:\/\/api.w.org\/{rel}","templated":true}]}}