{"id":106062,"date":"2025-12-02T21:33:08","date_gmt":"2025-12-02T21:33:08","guid":{"rendered":"https:\/\/www.europesays.com\/fi\/106062\/"},"modified":"2025-12-02T21:33:08","modified_gmt":"2025-12-02T21:33:08","slug":"kansalliskaartin-sotilaita-ampunut-sai-syytteen-murhasta","status":"publish","type":"post","link":"https:\/\/www.europesays.com\/fi\/106062\/","title":{"rendered":"Kansalliskaartin sotilaita ampunut sai syytteen murhasta"},"content":{"rendered":"<p>Washingtonin ampuminen|Ep\u00e4ilty on kiist\u00e4nyt murhasyytteen.<\/p>\n<p class=\"article-body mb-nof-24 px-nof-16\">Yhdysvaltain Washingtonissa kahta kansalliskaartilaista ampunut 29-vuotias afganistanilaismies on saanut syytteet murhasta, pahoinpitelyst\u00e4 ja ampuma-aserikoksesta, kertovat <a class=\"article-genericlink\" href=\"https:\/\/www.washingtonpost.com\/national-security\/2025\/12\/02\/national-guard-shooting-suspect-charged\/\" rel=\"nofollow noopener\" target=\"_blank\">Washington Post<\/a> ja uutistoimisto AFP.<\/p>\n<p class=\"article-body mb-nof-24 px-nof-16\">Miehen ep\u00e4ill\u00e4\u00e4n ampuneen viime viikon keskiviikkona kahta kansalliskaartin sotilasta, joista toinen kuoli my\u00f6hemmin vammoihinsa ja toinen on edelleen sairaalassa kriittisess\u00e4 tilassa.<\/p>\n<p class=\"article-body mb-nof-24 px-nof-16\">Ep\u00e4ilty on kiist\u00e4nyt murhasyytteen.<\/p>\n<p class=\"article-body mb-nof-24 px-nof-16\">Syytt\u00e4j\u00e4 kertoo my\u00f6s nostavansa viel\u00e4 lis\u00e4\u00e4 syytteit\u00e4 tapauksen edetess\u00e4.<\/p>\n<p class=\"article-body mb-nof-24 px-nof-16\">Mies loukkaantui itse ampumav\u00e4likohtauksessa ja osallistui oikeudenk\u00e4yntiin et\u00e4yhteydell\u00e4 sairaalasta.<\/p>\n<p class=\"article-body mb-nof-24 px-nof-16\">Oikeusministeri <a class=\"article-personlink\" href=\"https:\/\/www.hs.fi\/haku\/?query=Pam%20Bondi\" rel=\"nofollow noopener\" target=\"_blank\">Pam Bondi<\/a> on ilmoittanut harkitsevansa kuolemanrangaistuksen hakemista miehelle.<\/p>\n<p class=\"article-body mb-nof-24 px-nof-16\">Ep\u00e4ilty saapui Yhdysvaltoihin vuonna 2021 Bidenin hallinnon ohjelman kautta Yhdysvaltain armeijan vet\u00e4ydytty\u00e4 Afganistanista.<\/p>\n<p class=\"article-body mb-nof-24 px-nof-16\">H\u00e4n oli ty\u00f6skennellyt afganistanilaisessa terrorisminvastaisessa yksik\u00f6ss\u00e4, jota tukivat CIA ja Yhdysvaltain armeija.<\/p>\n","protected":false},"excerpt":{"rendered":"Washingtonin ampuminen|Ep\u00e4ilty on kiist\u00e4nyt murhasyytteen. Yhdysvaltain Washingtonissa kahta kansalliskaartilaista ampunut 29-vuotias afganistanilaismies on saanut syytteet murhasta, pahoinpitelyst\u00e4 ja&hellip;\n","protected":false},"author":2,"featured_media":106063,"comment_status":"","ping_status":"","sticky":false,"template":"","format":"standard","meta":{"footnotes":""},"categories":[14],"tags":[22,23,26,27,33,31,30,17,46,24,25,28,29,15,18,21,32,19,20,56,16,59,60,61],"class_list":{"0":"post-106062","1":"post","2":"type-post","3":"status-publish","4":"format-standard","5":"has-post-thumbnail","7":"category-ulkomaat","8":"tag-breaking-news","9":"tag-breakingnews","10":"tag-featured-news","11":"tag-featurednews","12":"tag-fi","13":"tag-finland","14":"tag-finnish","15":"tag-headlines","16":"tag-helsingin-sanomat","17":"tag-latest-news","18":"tag-latestnews","19":"tag-main-news","20":"tag-mainnews","21":"tag-news","22":"tag-otsikot","23":"tag-paauutiset","24":"tag-suomi","25":"tag-top-stories","26":"tag-topstories","27":"tag-ulkomaat","28":"tag-uutiset","29":"tag-world","30":"tag-world-news","31":"tag-worldnews"},"share_on_mastodon":{"url":"https:\/\/pubeurope.com\/@fi\/115652120037566493","error":""},"_links":{"self":[{"href":"https:\/\/www.europesays.com\/fi\/wp-json\/wp\/v2\/posts\/106062","targetHints":{"allow":["GET"]}}],"collection":[{"href":"https:\/\/www.europesays.com\/fi\/wp-json\/wp\/v2\/posts"}],"about":[{"href":"https:\/\/www.europesays.com\/fi\/wp-json\/wp\/v2\/types\/post"}],"author":[{"embeddable":true,"href":"https:\/\/www.europesays.com\/fi\/wp-json\/wp\/v2\/users\/2"}],"replies":[{"embeddable":true,"href":"https:\/\/www.europesays.com\/fi\/wp-json\/wp\/v2\/comments?post=106062"}],"version-history":[{"count":0,"href":"https:\/\/www.europesays.com\/fi\/wp-json\/wp\/v2\/posts\/106062\/revisions"}],"wp:featuredmedia":[{"embeddable":true,"href":"https:\/\/www.europesays.com\/fi\/wp-json\/wp\/v2\/media\/106063"}],"wp:attachment":[{"href":"https:\/\/www.europesays.com\/fi\/wp-json\/wp\/v2\/media?parent=106062"}],"wp:term":[{"taxonomy":"category","embeddable":true,"href":"https:\/\/www.europesays.com\/fi\/wp-json\/wp\/v2\/categories?post=106062"},{"taxonomy":"post_tag","embeddable":true,"href":"https:\/\/www.europesays.com\/fi\/wp-json\/wp\/v2\/tags?post=106062"}],"curies":[{"name":"wp","href":"https:\/\/api.w.org\/{rel}","templated":true}]}}