{"id":106066,"date":"2025-12-02T21:35:10","date_gmt":"2025-12-02T21:35:10","guid":{"rendered":"https:\/\/www.europesays.com\/fi\/106066\/"},"modified":"2025-12-02T21:35:10","modified_gmt":"2025-12-02T21:35:10","slug":"trump-paniikissa-taustalla-yllattava-tilanne","status":"publish","type":"post","link":"https:\/\/www.europesays.com\/fi\/106066\/","title":{"rendered":"Trump paniikissa \u2013 Taustalla yll\u00e4tt\u00e4v\u00e4 tilanne"},"content":{"rendered":"<p>Trump varoittelee demokraattien ehdokkaasta.<\/p>\n<p><img decoding=\"async\" class=\"image image-show image-preview\" src=\"https:\/\/www.europesays.com\/fi\/wp-content\/uploads\/2025\/12\/b407557d097d002bae8bca522dfc539735e15d7491b8fb1d2156e09bf7825457.jpg\" alt=\"\"\/><img decoding=\"async\" class=\"image image-show\" src=\"https:\/\/www.europesays.com\/fi\/wp-content\/uploads\/2025\/12\/1764711310_17_b407557d097d002bae8bca522dfc539735e15d7491b8fb1d2156e09bf7825457.jpg\" alt=\"\"\/><\/p>\n<p>Yhdysvaltain presidentti Donald Trump on huolissaan Aftyn Behnist\u00e4, joka on ehdolla Yhdysvaltain edustajainhuoneeseen.  EPA \/ AOP<\/p>\n<p class=\"paragraph\">Yhdysvalloissa vaalitulosten ei pit\u00e4isi aiheuttaa <a href=\"https:\/\/www.iltalehti.fi\/henkilot\/Donald Trump\" class=\"article-link-person-page\" rel=\"nofollow noopener\" target=\"_blank\">Donald Trumpille<\/a> tai republikaaneille ylim\u00e4\u00e4r\u00e4ist\u00e4 p\u00e4\u00e4nvaivaa syv\u00e4n konservatiivisessa Tennesseess\u00e4, mutta n\u00e4in on k\u00e4ynyt.<\/p>\n<p class=\"paragraph\">Someviestint\u00e4ns\u00e4 perusteella Trump vaikuttaa olevan huolissaan suurelle yleis\u00f6lle tuntemattomasta 36-vuotiaasta naisesta.<\/p>\n<p class=\"paragraph\">Kyse on demokraattien <strong>Aftyn Behnist\u00e4<\/strong>, joka on ehdolla Yhdysvaltain edustajainhuoneeseen Tennesseen osavaltiossa j\u00e4rjestett\u00e4v\u00e4ss\u00e4 ylim\u00e4\u00e4r\u00e4isess\u00e4 vaalista. Vaalipiiri\u00e4 edustanut republikaani <strong>Mark Green<\/strong> j\u00e4tti paikkansa aiemmin t\u00e4n\u00e4 vuonna.<\/p>\n<p class=\"paragraph\">Tuoreiden mielipidemittausten mukaan vaalista on tulossa tiukka, mik\u00e4 on republikaaneille huolestuttava merkki. Trump nimitt\u00e4in voitti samaisen vaalipiirin liki 22 prosenttiyksik\u00f6n erolla <a href=\"https:\/\/www.iltalehti.fi\/henkilot\/Kamala Harris\" class=\"article-link-person-page\" rel=\"nofollow noopener\" target=\"_blank\">Kamala Harrisiin<\/a> viime vuoden presidentinvaaleissa.<\/p>\n<p class=\"paragraph\">Trump hy\u00f6kk\u00e4si viikonloppuna Behnin kimppuun <a href=\"https:\/\/truthsocial.com\/@realDonaldTrump\/posts\/115640171509477265\" target=\"_blank\" rel=\"noopener nofollow\">Truth Social -viestipalvelussaan<\/a> ja v\u00e4itti Behnin olevan \u201dradikaali, joka vihaa kristinuskoa, halveksii avoimesti kantrimusiikkia sek\u00e4 haluaa vied\u00e4 amerikkalaisten aseet, avata rajat ja tuoda miehet naisurheiluun\u201d.<\/p>\n<p class=\"paragraph\">Lis\u00e4ksi Trump kirjoitti Behnin haluavan \u201dtranssukupuolisia kaikille\u201d. Trumpin ilmaus oli juuri n\u00e4in ep\u00e4selv\u00e4 englanniksi (\u201dwants [&#8211;] transgender for everybody\u201d), mutta oletettavasti h\u00e4n tarkoitti sukupuolen korjausta tai sen mahdollisuutta kaikille.<\/p>\n<p class=\"paragraph\">\u2013 Kuinka helvetiss\u00e4 voit valita sellaisen ihmisen? Trump t\u00e4r\u00e4ytti \u00e4\u00e4nest\u00e4jien kanssa k\u00e4ym\u00e4ss\u00e4\u00e4n puhelinkeskustelussa.<\/p>\n<p class=\"paragraph\">Trumpin syyt\u00f6kset Behnin musiikkimausta liittyv\u00e4t Behnin vuonna 2020 antamaan haastatteluun, jossa h\u00e4n kertoi vihaavansa kantrimusiikkia. Tennesseess\u00e4 sijaitseva Nashville tunnetaan Yhdysvaltain kantrip\u00e4\u00e4kaupunkina.<\/p>\n<p class=\"paragraph\">Trumpin mukaan koko maailma katsoo nyt Tennesseen vaalipiiri\u00e4, jossa Behn on ehdolla. Trumpin mukaan nyt on aika osoittaa, ett\u00e4 presidentin edustama republikaanipuolue on demokraattipuoluetta vahvempi.<\/p>\n<p>\u201dMerkki paniikista\u201d<\/p>\n<p class=\"paragraph\">Behn vastasi Trumpin syyt\u00f6ksiin uutissivusto Newsweekin haastattelussa toteamalla Trumpin retoriikan olevan \u201dmerkki paniikista\u201d.<\/p>\n<p>Demokraattiehdokkaan mukaan Yhdysvaltain presidentin Donald Trumpit syyt\u00f6kset ovat merkki paniikista.  FRANCIS CHUNG \/ POOL<\/p>\n<p class=\"paragraph\">Behnin mukaan Trump on irrottanut h\u00e4nen musiikkiin ja uskontoon liittyv\u00e4t kommentit alkuper \u00e4isest\u00e4 asiayhteydest\u00e4\u00e4n.<\/p>\n<p class=\"paragraph\">Behnin mukaan Trump hy\u00f6kk\u00e4\u00e4 h\u00e4nen kimppuunsa, sill\u00e4 t\u00e4m\u00e4 ei tied\u00e4, mit\u00e4 tehd\u00e4 kasvaneille sairaanhoitokustannuksille. Trumpilla ei ole Behnin mukaan my\u00f6sk\u00e4\u00e4n suunnitelmaa sille, kuinka tennesseel\u00e4isill\u00e4 olisi tulevaisuudessakin varaa terveydenhuoltoon ja ruokaan.<\/p>\n","protected":false},"excerpt":{"rendered":"Trump varoittelee demokraattien ehdokkaasta. Yhdysvaltain presidentti Donald Trump on huolissaan Aftyn Behnist\u00e4, joka on ehdolla Yhdysvaltain edustajainhuoneeseen. EPA&hellip;\n","protected":false},"author":2,"featured_media":106067,"comment_status":"","ping_status":"","sticky":false,"template":"","format":"standard","meta":{"footnotes":""},"categories":[5],"tags":[35,22,23,26,27,33,31,30,17,24,25,28,29,15,18,21,142,637,886,32,19,20,16,143,145],"class_list":{"0":"post-106066","1":"post","2":"type-post","3":"status-publish","4":"format-standard","5":"has-post-thumbnail","7":"category-otsikot","8":"tag-24h","9":"tag-breaking-news","10":"tag-breakingnews","11":"tag-featured-news","12":"tag-featurednews","13":"tag-fi","14":"tag-finland","15":"tag-finnish","16":"tag-headlines","17":"tag-latest-news","18":"tag-latestnews","19":"tag-main-news","20":"tag-mainnews","21":"tag-news","22":"tag-otsikot","23":"tag-paauutiset","24":"tag-poliitikot","25":"tag-politiikka","26":"tag-puolueet","27":"tag-suomi","28":"tag-top-stories","29":"tag-topstories","30":"tag-uutiset","31":"tag-yhdysvaltain-politiikka","32":"tag-yhdysvaltalaiset-poliittiset-puolueet"},"share_on_mastodon":{"url":"https:\/\/pubeurope.com\/@fi\/115652127983212482","error":""},"_links":{"self":[{"href":"https:\/\/www.europesays.com\/fi\/wp-json\/wp\/v2\/posts\/106066","targetHints":{"allow":["GET"]}}],"collection":[{"href":"https:\/\/www.europesays.com\/fi\/wp-json\/wp\/v2\/posts"}],"about":[{"href":"https:\/\/www.europesays.com\/fi\/wp-json\/wp\/v2\/types\/post"}],"author":[{"embeddable":true,"href":"https:\/\/www.europesays.com\/fi\/wp-json\/wp\/v2\/users\/2"}],"replies":[{"embeddable":true,"href":"https:\/\/www.europesays.com\/fi\/wp-json\/wp\/v2\/comments?post=106066"}],"version-history":[{"count":0,"href":"https:\/\/www.europesays.com\/fi\/wp-json\/wp\/v2\/posts\/106066\/revisions"}],"wp:featuredmedia":[{"embeddable":true,"href":"https:\/\/www.europesays.com\/fi\/wp-json\/wp\/v2\/media\/106067"}],"wp:attachment":[{"href":"https:\/\/www.europesays.com\/fi\/wp-json\/wp\/v2\/media?parent=106066"}],"wp:term":[{"taxonomy":"category","embeddable":true,"href":"https:\/\/www.europesays.com\/fi\/wp-json\/wp\/v2\/categories?post=106066"},{"taxonomy":"post_tag","embeddable":true,"href":"https:\/\/www.europesays.com\/fi\/wp-json\/wp\/v2\/tags?post=106066"}],"curies":[{"name":"wp","href":"https:\/\/api.w.org\/{rel}","templated":true}]}}