{"id":106081,"date":"2025-12-02T22:17:08","date_gmt":"2025-12-02T22:17:08","guid":{"rendered":"https:\/\/www.europesays.com\/fi\/106081\/"},"modified":"2025-12-02T22:17:08","modified_gmt":"2025-12-02T22:17:08","slug":"kotimainen-samuraimetallibandi-aktivoituu-pitkan-tauon-jalkeen","status":"publish","type":"post","link":"https:\/\/www.europesays.com\/fi\/106081\/","title":{"rendered":"Kotimainen samuraimetallib\u00e4ndi aktivoituu pitk\u00e4n tauon j\u00e4lkeen"},"content":{"rendered":"<p>Japanilaisesta kansanmusiikista ja mytologiasta vivahteita melodiseen death metaliin ammentava kotimainen <strong>Whispered <\/strong>palaa keikkalavoille ensimm\u00e4ist\u00e4 kertaa sitten vuoden 2018. Miekka heiluu ja sake virtaa 9. toukokuuta Helsingin On the Rocksissa.<\/p>\n<p>Kolme pitk\u00e4soittoa, joista viimeisin Metsutan \u2013 Songs of the Void ilmestyi 2016, julkaissut yhtye ty\u00f6st\u00e4\u00e4 parhaillaan my\u00f6s seuraavaa levy\u00e4. Elokuussa yhtyeen voi n\u00e4hd\u00e4 my\u00f6s Tampereen <a href=\"https:\/\/www.inferno.fi\/uutiset\/saarihelvetti-julkisti-ensimmaiset-10-kiinnitysta-kesalle-2026\/\" target=\"_blank\" rel=\"noreferrer noopener nofollow\">Saarihelvetti-festareilla<\/a>.<\/p>\n<p>Lue my\u00f6s: <a href=\"https:\/\/www.inferno.fi\/uutiset\/perkele-ei-tan-nain-helppoa-pitais-olla-haastattelussa-suomen-japanilaisin-metallibandi-whispered\/\" title=\"\u201dPerkele, ei t\u00e4n n\u00e4in helppoa pit\u00e4is olla!\u201d \u2013 haastattelussa Suomen japanilaisin metallib\u00e4ndi Whispered\" class=\"underline-custom !font-montserrat !font-bold !underline-offset-4 !decoration-4 !decoration-red-600 !text-md\" rel=\"nofollow noopener\" target=\"_blank\">\u201dPerkele, ei t\u00e4n n\u00e4in helppoa pit\u00e4is olla!\u201d \u2013 haastattelussa Suomen japanilaisin metallib\u00e4ndi Whispered<\/a><\/p>\n","protected":false},"excerpt":{"rendered":"Japanilaisesta kansanmusiikista ja mytologiasta vivahteita melodiseen death metaliin ammentava kotimainen Whispered palaa keikkalavoille ensimm\u00e4ist\u00e4 kertaa sitten vuoden 2018.&hellip;\n","protected":false},"author":2,"featured_media":106082,"comment_status":"","ping_status":"","sticky":false,"template":"","format":"standard","meta":{"footnotes":""},"categories":[132],"tags":[137,33,31,30,1039,195,47,6955,32,109],"class_list":{"0":"post-106081","1":"post","2":"type-post","3":"status-publish","4":"format-standard","5":"has-post-thumbnail","7":"category-musiikki","8":"tag-entertainment","9":"tag-fi","10":"tag-finland","11":"tag-finnish","12":"tag-keikkauutiset","13":"tag-music","14":"tag-musiikki","15":"tag-paluu-keikkalavoille","16":"tag-suomi","17":"tag-viihde"},"share_on_mastodon":{"url":"https:\/\/pubeurope.com\/@fi\/115652292989797083","error":""},"_links":{"self":[{"href":"https:\/\/www.europesays.com\/fi\/wp-json\/wp\/v2\/posts\/106081","targetHints":{"allow":["GET"]}}],"collection":[{"href":"https:\/\/www.europesays.com\/fi\/wp-json\/wp\/v2\/posts"}],"about":[{"href":"https:\/\/www.europesays.com\/fi\/wp-json\/wp\/v2\/types\/post"}],"author":[{"embeddable":true,"href":"https:\/\/www.europesays.com\/fi\/wp-json\/wp\/v2\/users\/2"}],"replies":[{"embeddable":true,"href":"https:\/\/www.europesays.com\/fi\/wp-json\/wp\/v2\/comments?post=106081"}],"version-history":[{"count":0,"href":"https:\/\/www.europesays.com\/fi\/wp-json\/wp\/v2\/posts\/106081\/revisions"}],"wp:featuredmedia":[{"embeddable":true,"href":"https:\/\/www.europesays.com\/fi\/wp-json\/wp\/v2\/media\/106082"}],"wp:attachment":[{"href":"https:\/\/www.europesays.com\/fi\/wp-json\/wp\/v2\/media?parent=106081"}],"wp:term":[{"taxonomy":"category","embeddable":true,"href":"https:\/\/www.europesays.com\/fi\/wp-json\/wp\/v2\/categories?post=106081"},{"taxonomy":"post_tag","embeddable":true,"href":"https:\/\/www.europesays.com\/fi\/wp-json\/wp\/v2\/tags?post=106081"}],"curies":[{"name":"wp","href":"https:\/\/api.w.org\/{rel}","templated":true}]}}