{"id":106094,"date":"2025-12-02T22:28:16","date_gmt":"2025-12-02T22:28:16","guid":{"rendered":"https:\/\/www.europesays.com\/fi\/106094\/"},"modified":"2025-12-02T22:28:16","modified_gmt":"2025-12-02T22:28:16","slug":"joensuun-hakkuuaikeet-lykynlammella-tyrmattiin-lausunnoissa-poikkeuksellinen-vastustus-venyttaa-paatokset-ensi-vuoteen-pohjois-karjala","status":"publish","type":"post","link":"https:\/\/www.europesays.com\/fi\/106094\/","title":{"rendered":"Joensuun hakkuuaikeet Lykynlammella tyrm\u00e4ttiin lausunnoissa \u2013 poikkeuksellinen vastustus venytt\u00e4\u00e4 p\u00e4\u00e4t\u00f6kset ensi vuoteen | Pohjois-Karjala"},"content":{"rendered":"<p class=\"aw-1gybjub aw-5vja16 kEtdKx kmuxyA yle__article__paragraph\">Suositulle Lykynlammen ulkoilualueelle suunniteltujen mittavien hakkuusuunnitelmien lausuntoaika p\u00e4\u00e4ttyi maanantaina.<\/p>\n<p><img decoding=\"async\" alt=\"Sami Laakkonen ja Kalle Siv\u00e9n.\" src=\"https:\/\/www.europesays.com\/fi\/wp-content\/uploads\/2025\/12\/39-1549246690b4b480fa02.jpeg\" class=\"aw-1l9m598 hKVVvP\"\/><\/p>\n<p>Avaa kuvien katselu<\/p>\n<p>Kontiolahden kunta j\u00e4rjesti Lykynlammella marraskuun alussa avoimen kuulemistilaisuuden, johon saapui noin 150 alueen metsien puolustajaa. Kuva: Jaana Kainulainen \/ Yle<\/p>\n<p class=\"aw-1gybjub aw-1p7kakr kEtdKx cEmitX yle__article__paragraph\">Suositun Lykynlammen ulkoilualueen hakkuusuunnitelmat poikivat poikkeuksellisen paljon muistutuksia ja kannanottoja Kontiolahden kunnalle.<\/p>\n<p class=\"aw-1gybjub aw-1p7kakr kEtdKx cEmitX yle__article__paragraph\">Joensuun kaupunki hakee lupaa yli 50 hehtaarin laajuisille hakkuille Lykynlammella. Hakkuita koskevaan maisematy\u00f6lupaan j\u00e4tettiin m\u00e4\u00e4r\u00e4aikaan menness\u00e4 yli 30 lausuntoa.<\/p>\n<p class=\"aw-1gybjub aw-1p7kakr kEtdKx cEmitX yle__article__paragraph\">Kunnan ymp\u00e4rist\u00f6p\u00e4\u00e4llikk\u00f6 <strong class=\"aw-ak79eh KyCXm yle__article__strong\">Antti Suontaman<\/strong> mukaan m\u00e4\u00e4r\u00e4 on tavanomaista suurempi.<\/p>\n<p class=\"aw-1gybjub aw-1p7kakr kEtdKx cEmitX yle__article__paragraph\">\u2013 Kaikki lausunnot olivat kielteisi\u00e4. Yht\u00e4\u00e4n hakkuita kannattavaa lausuntoa ei ole, Suontama kertoo.<\/p>\n<p class=\"aw-1gybjub aw-1p7kakr kEtdKx cEmitX yle__article__paragraph\">Lausunnoissa otettiin kantaa niin virkistys- ja harrastusmahdollisuuksiin, alueen luontoarvoihin kuin elinkeinotoimintaankin. My\u00f6s Pohjois-Karjalan ely-keskus antoi pyydetyn lausuntonsa, jossa otettiin kantaa muun muassa alueella havaittuihin eli\u00f6lajeihin.<\/p>\n<p class=\"aw-1gybjub aw-1p7kakr kEtdKx cEmitX yle__article__paragraph\">Seuraavaksi lausunnot toimitetaan Joensuun kaupungille, jonka tulee vastata niihin. Suontaman mukaan kaupunki on pyyt\u00e4nyt vastausten antamiselle lis\u00e4aikaa, mik\u00e4 venytt\u00e4\u00e4 luvan k\u00e4sittely\u00e4 ensi vuoden puolelle.<\/p>\n<p class=\"aw-1gybjub aw-1p7kakr kEtdKx cEmitX yle__article__paragraph\">\u2013 Toiveissa on, ett\u00e4 saisimme k\u00e4sitelty\u00e4 asian tammikuussa, Suontama sanoo.<\/p>\n<p class=\"aw-1gybjub aw-1p7kakr kEtdKx cEmitX yle__article__paragraph\">Lykynlampi on suosittu virkistyskohde, jossa k\u00e4y vuosittain kymmeni\u00e4 tuhansia k\u00e4vij\u00f6it\u00e4. Joensuun kaupungin hakemat hakkuut o<a class=\"aw-iao6s4 iHOxEa yle__article__link\" href=\"https:\/\/yle.fi\/a\/74-20190962\" role=\"link\" rel=\"nofollow noopener\" target=\"_blank\">vat her\u00e4tt\u00e4neet alueen k\u00e4ytt\u00e4jiss\u00e4 suurta huolta<\/a> virkistysarvojen ja luonnon monimuotoisuuden puolesta.<\/p>\n","protected":false},"excerpt":{"rendered":"Suositulle Lykynlammen ulkoilualueelle suunniteltujen mittavien hakkuusuunnitelmien lausuntoaika p\u00e4\u00e4ttyi maanantaina. Avaa kuvien katselu Kontiolahden kunta j\u00e4rjesti Lykynlammella marraskuun alussa&hellip;\n","protected":false},"author":2,"featured_media":106095,"comment_status":"","ping_status":"","sticky":false,"template":"","format":"standard","meta":{"footnotes":""},"categories":[117],"tags":[33,31,30,1960,1133,1686,72,19994,476,1137,118,32,119,16932,477],"class_list":{"0":"post-106094","1":"post","2":"type-post","3":"status-publish","4":"format-standard","5":"has-post-thumbnail","7":"category-luonto","8":"tag-fi","9":"tag-finland","10":"tag-finnish","11":"tag-hakkuut","12":"tag-joensuu","13":"tag-kontiolahti","14":"tag-luonto","15":"tag-lykynlammen-ulkoilukeskus","16":"tag-nature","17":"tag-pohjois-karjala","18":"tag-science","19":"tag-suomi","20":"tag-tiede","21":"tag-virkistysalueet","22":"tag-wildlife"},"share_on_mastodon":{"url":"https:\/\/pubeurope.com\/@fi\/115652336278724418","error":""},"_links":{"self":[{"href":"https:\/\/www.europesays.com\/fi\/wp-json\/wp\/v2\/posts\/106094","targetHints":{"allow":["GET"]}}],"collection":[{"href":"https:\/\/www.europesays.com\/fi\/wp-json\/wp\/v2\/posts"}],"about":[{"href":"https:\/\/www.europesays.com\/fi\/wp-json\/wp\/v2\/types\/post"}],"author":[{"embeddable":true,"href":"https:\/\/www.europesays.com\/fi\/wp-json\/wp\/v2\/users\/2"}],"replies":[{"embeddable":true,"href":"https:\/\/www.europesays.com\/fi\/wp-json\/wp\/v2\/comments?post=106094"}],"version-history":[{"count":0,"href":"https:\/\/www.europesays.com\/fi\/wp-json\/wp\/v2\/posts\/106094\/revisions"}],"wp:featuredmedia":[{"embeddable":true,"href":"https:\/\/www.europesays.com\/fi\/wp-json\/wp\/v2\/media\/106095"}],"wp:attachment":[{"href":"https:\/\/www.europesays.com\/fi\/wp-json\/wp\/v2\/media?parent=106094"}],"wp:term":[{"taxonomy":"category","embeddable":true,"href":"https:\/\/www.europesays.com\/fi\/wp-json\/wp\/v2\/categories?post=106094"},{"taxonomy":"post_tag","embeddable":true,"href":"https:\/\/www.europesays.com\/fi\/wp-json\/wp\/v2\/tags?post=106094"}],"curies":[{"name":"wp","href":"https:\/\/api.w.org\/{rel}","templated":true}]}}