{"id":106100,"date":"2025-12-02T22:46:10","date_gmt":"2025-12-02T22:46:10","guid":{"rendered":"https:\/\/www.europesays.com\/fi\/106100\/"},"modified":"2025-12-02T22:46:10","modified_gmt":"2025-12-02T22:46:10","slug":"seksuaalirikossyytteista-vapautettu-nhl-maalivahti-palaa-tositoimiin-682-paivan-jalkeen-urheilua-lyhyesti","status":"publish","type":"post","link":"https:\/\/www.europesays.com\/fi\/106100\/","title":{"rendered":"Seksuaalirikossyytteist\u00e4 vapautettu NHL-maalivahti palaa tositoimiin 682 p\u00e4iv\u00e4n j\u00e4lkeen | Urheilua lyhyesti"},"content":{"rendered":"<p class=\"aw-1gybjub aw-5vja16 kEtdKx kmuxyA yle__article__paragraph\">Maalivahti Carter Hart palaa keskiviikkoaamuna NHL-j\u00e4ille ensimm\u00e4ist\u00e4 kertaa 22 kuukauteen, kun h\u00e4n aloittaa Vegas Golden Knightsin maalilla kotiottelussa Chicagoa vastaan.<\/p>\n<p><img decoding=\"async\" alt=\"Carter Hart debytoi Vegasin maalivahtina Chicago Blackhawksia vastaan 3.12. 2025. \" src=\"https:\/\/www.europesays.com\/fi\/wp-content\/uploads\/2025\/12\/39-1563150692f5f7a6dfd7.jpeg\" class=\"aw-1l9m598 hKVVvP\"\/><\/p>\n<p>Avaa kuvien katselu<\/p>\n<p>Carter Hart debytoi Vegasin maalivahtina Chicago Blackhawksia vastaan 3.12. 2025. Kuva: Getty Images<\/p>\n<p class=\"aw-1gybjub aw-1p7kakr kEtdKx cEmitX yle__article__paragraph\">Vegasin NHL-valmentaja <strong class=\"aw-ak79eh KyCXm yle__article__strong\">Bruce Cassidy<\/strong> ilmoitti tiistaina, ett\u00e4 <strong class=\"aw-ak79eh KyCXm yle__article__strong\">Carter Hart<\/strong> aloittaa Chicagoa vastaan.<\/p>\n<p class=\"aw-1gybjub aw-1p7kakr kEtdKx cEmitX yle__article__paragraph\">27-vuotias Hart, jonka Philadelphia Flyers varasi toisella kierroksella vuonna 2016, oli yksi viidest\u00e4 pelaajasta, jotka todettiin syytt\u00f6miksi seksuaalirikossyytteisiin hein\u00e4kuussa Ontariossa.<\/p>\n<p class=\"aw-1gybjub aw-1p7kakr kEtdKx cEmitX yle__article__paragraph\">Pelaajat \u2013 kaikki Kanadan maailmanmestaruuden voittaneesta nuorten maajoukkueesta \u2013 olivat syytettyin\u00e4 naisen ahdistelusta hotellihuoneessa Hockey Canada -gaalan j\u00e4lkeen.<\/p>\n<p class=\"aw-1gybjub aw-1p7kakr kEtdKx cEmitX yle__article__paragraph\">NHL m\u00e4\u00e4r\u00e4si kaikille viidelle pelaajalle pelikiellon, koska heid\u00e4n k\u00e4yt\u00f6ksens\u00e4 ei liigan mukaan t\u00e4ytt\u00e4nyt \u201dkorkeimman moraalin vaatimuksia\u201d.<\/p>\n<p class=\"aw-1gybjub aw-1p7kakr kEtdKx cEmitX yle__article__paragraph\">Hart allekirjoitti 24. lokakuuta kahden vuoden ja nelj\u00e4n miljoonan dollarin sopimuksen Vegasin kanssa. Hart on ensimm\u00e4inen syytetyist\u00e4, joka palaa NHL:\u00e4\u00e4n.<\/p>\n<p class=\"aw-1gybjub aw-1p7kakr kEtdKx cEmitX yle__article__paragraph\">H\u00e4n on harjoitellut AHL-seura Henderson Silver Knightsin mukana. H\u00e4n pelasi kolme AHL-ottelua tilastoilla 3,07 p\u00e4\u00e4stetty\u00e4 maalia per ottelu ja torjuntaprosentilla 83,9.<\/p>\n<p><img decoding=\"async\" alt=\"Carter Hart saapumassa oikeuden istuntoon Kanadassa, Londonissa 24.7.2025.\" src=\"https:\/\/www.europesays.com\/fi\/wp-content\/uploads\/2025\/12\/39-153945468f142043cf54.jpeg\" class=\"aw-1l9m598 hKVVvP\"\/><\/p>\n<p class=\"aw-1gybjub aw-1p7kakr kEtdKx cEmitX yle__article__paragraph\">\u2013 Olen tehnyt valtavasti t\u00f6it\u00e4 p\u00e4\u00e4st\u00e4kseni t\u00e4h\u00e4n pisteeseen, ja minulle avain on valmistautuminen, Hart sanoi toimittajille j\u00e4\u00e4harjoitusten j\u00e4lkeen.<\/p>\n<p class=\"aw-1gybjub aw-1p7kakr kEtdKx cEmitX yle__article__paragraph\">Hart on pelannut aiemmin NHL:ss\u00e4 Philadelphia Flyersissa 227 runkosarjaottelua torjuntaprosentilla 90,6. H\u00e4nen edellinen ottelunsa on tammikuulta 2024, jolloin Colorado voitti Flyersin 7\u20134. Hart vaihdettiin pois kahden er\u00e4n j\u00e4lkeen p\u00e4\u00e4stetty\u00e4\u00e4n viisi maalia 15 laukauksesta.<\/p>\n<p class=\"aw-1gybjub aw-1p7kakr kEtdKx cEmitX yle__article__paragraph\">NHL-kierroksen seuranta ja maalit <a class=\"aw-iao6s4 iHOxEa yle__article__link\" href=\"https:\/\/yle.fi\/aihe\/tekstitv?P=235\" role=\"link\" rel=\"nofollow noopener\" target=\"_blank\">t\u00e4\u00e4lt\u00e4<\/a><\/p>\n","protected":false},"excerpt":{"rendered":"Maalivahti Carter Hart palaa keskiviikkoaamuna NHL-j\u00e4ille ensimm\u00e4ist\u00e4 kertaa 22 kuukauteen, kun h\u00e4n aloittaa Vegas Golden Knightsin maalilla kotiottelussa&hellip;\n","protected":false},"author":2,"featured_media":106101,"comment_status":"","ping_status":"","sticky":false,"template":"","format":"standard","meta":{"footnotes":""},"categories":[158],"tags":[14624,33,31,30,1143,2133,1697,2127,159,32,160,19995],"class_list":{"0":"post-106100","1":"post","2":"type-post","3":"status-publish","4":"format-standard","5":"has-post-thumbnail","7":"category-urheilu","8":"tag-carter-hart","9":"tag-fi","10":"tag-finland","11":"tag-finnish","12":"tag-jaakiekko","13":"tag-jaakiekkoilijat","14":"tag-nhl","15":"tag-pohjois-amerikan-jaakiekko","16":"tag-sports","17":"tag-suomi","18":"tag-urheilu","19":"tag-vegas-golden-knights"},"share_on_mastodon":{"url":"https:\/\/pubeurope.com\/@fi\/115652408078423573","error":""},"_links":{"self":[{"href":"https:\/\/www.europesays.com\/fi\/wp-json\/wp\/v2\/posts\/106100","targetHints":{"allow":["GET"]}}],"collection":[{"href":"https:\/\/www.europesays.com\/fi\/wp-json\/wp\/v2\/posts"}],"about":[{"href":"https:\/\/www.europesays.com\/fi\/wp-json\/wp\/v2\/types\/post"}],"author":[{"embeddable":true,"href":"https:\/\/www.europesays.com\/fi\/wp-json\/wp\/v2\/users\/2"}],"replies":[{"embeddable":true,"href":"https:\/\/www.europesays.com\/fi\/wp-json\/wp\/v2\/comments?post=106100"}],"version-history":[{"count":0,"href":"https:\/\/www.europesays.com\/fi\/wp-json\/wp\/v2\/posts\/106100\/revisions"}],"wp:featuredmedia":[{"embeddable":true,"href":"https:\/\/www.europesays.com\/fi\/wp-json\/wp\/v2\/media\/106101"}],"wp:attachment":[{"href":"https:\/\/www.europesays.com\/fi\/wp-json\/wp\/v2\/media?parent=106100"}],"wp:term":[{"taxonomy":"category","embeddable":true,"href":"https:\/\/www.europesays.com\/fi\/wp-json\/wp\/v2\/categories?post=106100"},{"taxonomy":"post_tag","embeddable":true,"href":"https:\/\/www.europesays.com\/fi\/wp-json\/wp\/v2\/tags?post=106100"}],"curies":[{"name":"wp","href":"https:\/\/api.w.org\/{rel}","templated":true}]}}