{"id":106109,"date":"2025-12-02T22:52:10","date_gmt":"2025-12-02T22:52:10","guid":{"rendered":"https:\/\/www.europesays.com\/fi\/106109\/"},"modified":"2025-12-02T22:52:10","modified_gmt":"2025-12-02T22:52:10","slug":"rajavartiosto-otti-kiinni-venajalta-suomeen-rajan-ylittaneen-ihmisen-uutisia-lyhyesti","status":"publish","type":"post","link":"https:\/\/www.europesays.com\/fi\/106109\/","title":{"rendered":"Rajavartiosto otti kiinni Ven\u00e4j\u00e4lt\u00e4 Suomeen rajan ylitt\u00e4neen ihmisen | Uutisia lyhyesti"},"content":{"rendered":"<p class=\"aw-1gybjub aw-5vja16 kEtdKx kmuxyA yle__article__paragraph\">Rajanylitys tapahtui Vainikkalassa alkuillasta.<\/p>\n<p><img decoding=\"async\" alt=\"Rajavartija seisoo selin ja paidan sel\u00e4ss\u00e4 lukee rajavartiolaitos.\" src=\"https:\/\/www.europesays.com\/fi\/wp-content\/uploads\/2025\/12\/39-954837627e649d1a1ed.jpeg\" class=\"aw-1l9m598 hKVVvP\"\/><\/p>\n<p>Avaa kuvien katselu<\/p>\n<p>Kaakkois-suomen rajavartiosto selvitt\u00e4\u00e4 tapahtunutta. Kuva: Annu Passoja \/ Yle<\/p>\n<p>2.12. 22:13\u2022P\u00e4ivitetty 2.12. 22:18<\/p>\n<p class=\"aw-1gybjub aw-1p7kakr kEtdKx cEmitX yle__article__paragraph\">Kaakkois-Suomen rajavartiosto otti kiinni tiistaina illalla ihmisen, joka ylitti luvatta rajan maastoteitse Ven\u00e4j\u00e4lt\u00e4 Suomeen, kertoo Rajavartiolaitos.<\/p>\n<p class=\"aw-1gybjub aw-1p7kakr kEtdKx cEmitX yle__article__paragraph\">Rajanylitys tapahtui Vainikkalassa alkuillasta. Rajan ylitt\u00e4nyt ihmist\u00e4 ep\u00e4ill\u00e4\u00e4n valtiorajarikoksesta.<\/p>\n<p class=\"aw-1gybjub aw-1p7kakr kEtdKx cEmitX yle__article__paragraph\">Asiasta on oltu yhteydess\u00e4 Ven\u00e4j\u00e4n Viipurin alueen rajavaltuutettuun. Kaakkois-suomen rajavartiosto selvitt\u00e4\u00e4 tapahtunutta.<\/p>\n","protected":false},"excerpt":{"rendered":"Rajanylitys tapahtui Vainikkalassa alkuillasta. Avaa kuvien katselu Kaakkois-suomen rajavartiosto selvitt\u00e4\u00e4 tapahtunutta. Kuva: Annu Passoja \/ Yle 2.12. 22:13\u2022P\u00e4ivitetty&hellip;\n","protected":false},"author":2,"featured_media":106110,"comment_status":"","ping_status":"","sticky":false,"template":"","format":"standard","meta":{"footnotes":""},"categories":[12],"tags":[22,23,26,27,33,31,30,17,71,15864,24,25,28,29,15,18,21,4272,5465,8107,32,19,20,16],"class_list":{"0":"post-106109","1":"post","2":"type-post","3":"status-publish","4":"format-standard","5":"has-post-thumbnail","7":"category-suomi","8":"tag-breaking-news","9":"tag-breakingnews","10":"tag-featured-news","11":"tag-featurednews","12":"tag-fi","13":"tag-finland","14":"tag-finnish","15":"tag-headlines","16":"tag-kotimaa","17":"tag-laiton-rajanylitys","18":"tag-latest-news","19":"tag-latestnews","20":"tag-main-news","21":"tag-mainnews","22":"tag-news","23":"tag-otsikot","24":"tag-paauutiset","25":"tag-rajavalvonta","26":"tag-rajavartiolaitos","27":"tag-rajavartiostot","28":"tag-suomi","29":"tag-top-stories","30":"tag-topstories","31":"tag-uutiset"},"share_on_mastodon":{"url":"https:\/\/pubeurope.com\/@fi\/115652430801932085","error":""},"_links":{"self":[{"href":"https:\/\/www.europesays.com\/fi\/wp-json\/wp\/v2\/posts\/106109","targetHints":{"allow":["GET"]}}],"collection":[{"href":"https:\/\/www.europesays.com\/fi\/wp-json\/wp\/v2\/posts"}],"about":[{"href":"https:\/\/www.europesays.com\/fi\/wp-json\/wp\/v2\/types\/post"}],"author":[{"embeddable":true,"href":"https:\/\/www.europesays.com\/fi\/wp-json\/wp\/v2\/users\/2"}],"replies":[{"embeddable":true,"href":"https:\/\/www.europesays.com\/fi\/wp-json\/wp\/v2\/comments?post=106109"}],"version-history":[{"count":0,"href":"https:\/\/www.europesays.com\/fi\/wp-json\/wp\/v2\/posts\/106109\/revisions"}],"wp:featuredmedia":[{"embeddable":true,"href":"https:\/\/www.europesays.com\/fi\/wp-json\/wp\/v2\/media\/106110"}],"wp:attachment":[{"href":"https:\/\/www.europesays.com\/fi\/wp-json\/wp\/v2\/media?parent=106109"}],"wp:term":[{"taxonomy":"category","embeddable":true,"href":"https:\/\/www.europesays.com\/fi\/wp-json\/wp\/v2\/categories?post=106109"},{"taxonomy":"post_tag","embeddable":true,"href":"https:\/\/www.europesays.com\/fi\/wp-json\/wp\/v2\/tags?post=106109"}],"curies":[{"name":"wp","href":"https:\/\/api.w.org\/{rel}","templated":true}]}}