{"id":106111,"date":"2025-12-02T22:53:10","date_gmt":"2025-12-02T22:53:10","guid":{"rendered":"https:\/\/www.europesays.com\/fi\/106111\/"},"modified":"2025-12-02T22:53:10","modified_gmt":"2025-12-02T22:53:10","slug":"pelottava-tilanne-suorassa-lahetyksessa-laura-katosi-kuvasta-salamana","status":"publish","type":"post","link":"https:\/\/www.europesays.com\/fi\/106111\/","title":{"rendered":"Pelottava tilanne suorassa l\u00e4hetyksess\u00e4 \u2013 Laura katosi kuvasta salamana"},"content":{"rendered":"<p>ITV:n suosikkitoimittaja Laura Woods voi huonosti ja py\u00f6rtyi.<\/p>\n<p><img decoding=\"async\" class=\"image image-show image-preview\" src=\"https:\/\/www.europesays.com\/fi\/wp-content\/uploads\/2025\/12\/77d733b4a810d16467f4af5d2e578a2d53f4fb123d7dbbbace04e978a02951f6.jpg\" alt=\"\"\/><img decoding=\"async\" class=\"image image-show\" src=\"https:\/\/www.europesays.com\/fi\/wp-content\/uploads\/2025\/12\/1764715990_227_77d733b4a810d16467f4af5d2e578a2d53f4fb123d7dbbbace04e978a02951f6.jpg\" alt=\"\"\/><\/p>\n<p>Ian Wright sai Laura Woodsin kiinni kriittisell\u00e4 hetkell\u00e4. AOP<\/p>\n<p class=\"paragraph\">Brittil\u00e4isen ITV:n <strong>Laura Woods<\/strong> n\u00e4ytti py\u00f6rtyv\u00e4n suorassa l\u00e4hetyksess\u00e4 tiistai-iltana. ITV:ll\u00e4 oli k\u00e4ynniss\u00e4 studiol\u00e4hetys Englannin ja Ghanan v\u00e4lisest\u00e4 naisten harjoitusmaaottelusta.<\/p>\n<p class=\"paragraph\">Suosikkitoimittaja Woods kaatui kohti jalkapalloasiantuntija <strong>Ian Wrightia<\/strong>, joka reagoi nopeasti ja otti Woodsin kiinni.<\/p>\n<p class=\"paragraph\">Ohjaajalta n\u00e4ytti tulevan my\u00f6s salamannopea k\u00e4sky. Kuva vaihtui, ja katsojille n\u00e4ytettiin laajaa kuvaa Southamptonin stadionilta.<\/p>\n<p class=\"paragraph\">Jos alla oleva video ei n\u00e4y, sen voi katsoa <a href=\"https:\/\/x.com\/The_Forty_Four\/status\/1995945408422613256?s=20\" target=\"_blank\" rel=\"noopener nofollow\">t\u00e4st\u00e4 linkist\u00e4<\/a>.<\/p>\n<p class=\"paragraph\">BBC p\u00e4ivitti my\u00f6hemmin, ett\u00e4 Woodsin puolison <strong>Adam Collard<\/strong> h\u00e4t\u00e4\u00e4 ei en\u00e4\u00e4 ollut. Collardin mukaan Woods voi jo hyvin. Samalla h\u00e4n kiitti kaikkia tsemppiviesteist\u00e4.<\/p>\n<p class=\"paragraph\">Woods on ty\u00f6skennellyt jalkapallotoimittajana my\u00f6s TNT Sportsilla ja sit\u00e4 ennen radiotoimittajana Talksportilla.<\/p>\n","protected":false},"excerpt":{"rendered":"ITV:n suosikkitoimittaja Laura Woods voi huonosti ja py\u00f6rtyi. Ian Wright sai Laura Woodsin kiinni kriittisell\u00e4 hetkell\u00e4. AOP Brittil\u00e4isen&hellip;\n","protected":false},"author":2,"featured_media":106112,"comment_status":"","ping_status":"","sticky":false,"template":"","format":"standard","meta":{"footnotes":""},"categories":[5],"tags":[35,22,23,26,27,33,31,30,17,43,42,24,25,41,28,29,1616,15,18,21,32,19,20,140,16],"class_list":{"0":"post-106111","1":"post","2":"type-post","3":"status-publish","4":"format-standard","5":"has-post-thumbnail","7":"category-otsikot","8":"tag-24h","9":"tag-breaking-news","10":"tag-breakingnews","11":"tag-featured-news","12":"tag-featurednews","13":"tag-fi","14":"tag-finland","15":"tag-finnish","16":"tag-headlines","17":"tag-jalkapallo","18":"tag-jalkapalloon-perustuvat-lajit","19":"tag-latest-news","20":"tag-latestnews","21":"tag-liikunta-ja-urheilu","22":"tag-main-news","23":"tag-mainnews","24":"tag-media-viestinta","25":"tag-news","26":"tag-otsikot","27":"tag-paauutiset","28":"tag-suomi","29":"tag-top-stories","30":"tag-topstories","31":"tag-tv-ja-elokuvat","32":"tag-uutiset"},"share_on_mastodon":{"url":"https:\/\/pubeurope.com\/@fi\/115652434714344200","error":""},"_links":{"self":[{"href":"https:\/\/www.europesays.com\/fi\/wp-json\/wp\/v2\/posts\/106111","targetHints":{"allow":["GET"]}}],"collection":[{"href":"https:\/\/www.europesays.com\/fi\/wp-json\/wp\/v2\/posts"}],"about":[{"href":"https:\/\/www.europesays.com\/fi\/wp-json\/wp\/v2\/types\/post"}],"author":[{"embeddable":true,"href":"https:\/\/www.europesays.com\/fi\/wp-json\/wp\/v2\/users\/2"}],"replies":[{"embeddable":true,"href":"https:\/\/www.europesays.com\/fi\/wp-json\/wp\/v2\/comments?post=106111"}],"version-history":[{"count":0,"href":"https:\/\/www.europesays.com\/fi\/wp-json\/wp\/v2\/posts\/106111\/revisions"}],"wp:featuredmedia":[{"embeddable":true,"href":"https:\/\/www.europesays.com\/fi\/wp-json\/wp\/v2\/media\/106112"}],"wp:attachment":[{"href":"https:\/\/www.europesays.com\/fi\/wp-json\/wp\/v2\/media?parent=106111"}],"wp:term":[{"taxonomy":"category","embeddable":true,"href":"https:\/\/www.europesays.com\/fi\/wp-json\/wp\/v2\/categories?post=106111"},{"taxonomy":"post_tag","embeddable":true,"href":"https:\/\/www.europesays.com\/fi\/wp-json\/wp\/v2\/tags?post=106111"}],"curies":[{"name":"wp","href":"https:\/\/api.w.org\/{rel}","templated":true}]}}