{"id":106117,"date":"2025-12-02T23:13:13","date_gmt":"2025-12-02T23:13:13","guid":{"rendered":"https:\/\/www.europesays.com\/fi\/106117\/"},"modified":"2025-12-02T23:13:13","modified_gmt":"2025-12-02T23:13:13","slug":"peltsi-ja-osmo-suosikkisarjan-paluu-ja-yllattava-loyto-korvatunturilla","status":"publish","type":"post","link":"https:\/\/www.europesays.com\/fi\/106117\/","title":{"rendered":"Peltsi ja Osmo: Suosikkisarjan paluu ja yll\u00e4tt\u00e4v\u00e4 l\u00f6yt\u00f6 Korvatunturilla"},"content":{"rendered":"<p>            Yle\/Sami Jumppanen\n        <\/p>\n<p class=\"subtitle \">Mikko &#8221;Peltsi&#8221; Peltola ja h\u00e4nen poikansa Osmo palaavat j\u00e4lleen tv-ruutuun.<\/p>\n<p class=\"article-content article-content-width !bg-background\">Peltsi ja Osmo -luontoseikkailusarjan suosioon nostama is\u00e4-poika-duo  ja  nauttii edelleen suurta suosiota.<\/p>\n<p class=\"font-weight-bold m-font-weight-bold article-content article-content-width !bg-background\">Video: Osmo ja Peltsi vastaavat nopeisiin kysymyksiin.<\/p>\n<p class=\"article-content article-content-width !bg-background\">Kaksikon vuosi sitten julkaistu ohjelma on johtanut palkintosateeseen. Peltolat paljastivat Ylen Puoli seitsem\u00e4n -ohjelmassa maanantaina 1.12. ett\u00e4 kotona palkinnot ovat esill\u00e4 Osmon lukuisten hiihtopalkintojen rinnalla.<\/p>\n<p class=\"article-content article-content-width !bg-background\">Peltsi ounasteli jo ohjelmaa valmisteltaessa, ett\u00e4 syntym\u00e4ss\u00e4 on hyv\u00e4\u00e4 televisiota.<\/p>\n<p class=\"article-content article-content-width !bg-background\">\u2013\u00a0Sitten kun se Areenaan t\u00e4r\u00e4hti silloin vuosi sitten joulukuussa, ja palautevy\u00f6ry nousi heti aika pilviin, niin kyll\u00e4 m\u00e4 sitten tajusin, ett\u00e4 ehk\u00e4 t\u00e4st\u00e4 nyt sitten tuleekin jotain.<\/p>\n<p>        <a itemprop=\"url\" href=\"https:\/\/www.seiska.fi\/katso\/peltsi-ja-osmo-peltola-palkittiin-mukana-jenni-haukio\/1992822\" rel=\"nofollow noopener\" target=\"_blank\"><\/p>\n<p>\nOsmo ja Peltsi palkittiin taas\n<\/p>\n<p class=\"section-date\">\n        <strong class=\"article-section\" data-section=\"katso\"><br \/>\n            katso<br \/>\n        <\/strong><br \/>\n        14.11. 16:15\n    <\/p>\n<p>Peltsi ja Osmo Peltola palkittiin \u2013 mukana Jenni Haukio\n    <\/p>\n<p itemprop=\"description\" class=\"subtitle \">\n    Mikko ja Osmo Peltola palkittiin j\u00e4lleen Peltsi ja Osmo -sarjastaan.\n<\/p>\n<p>        <\/a><\/p>\n<p class=\"article-content article-content-width !bg-background\">Kaksikon kansansuosio n\u00e4kyy yll\u00e4tt\u00e4viss\u00e4kin paikoissa. Peltsi kertoi Puoli seitsem\u00e4ss\u00e4 jakaneensa faneille nimikirjoituksen muun muassa uima-altaassa kesken vesijuoksun. My\u00f6s toisessa altaassa uinut Osmo jakoi nimmarit faneilleen.<\/p>\n<p class=\"article-content article-content-width !bg-background\">Etenkin teinitytt\u00f6jen nimmaripyynn\u00f6t tuntuvat yl\u00e4astetta k\u00e4yv\u00e4st\u00e4, pian 14 vuotta t\u00e4ytt\u00e4v\u00e4st\u00e4 Osmosta mukavilta.<\/p>\n<p class=\"article-content article-content-width !bg-background\">Peltsi ja Osmo -sarjaan kaksikko lupailee paljon toivottua kakkoskautta sitten, kun Osmolla kasvavat viikset. Ihan viel\u00e4 ei olla niin pitk\u00e4ll\u00e4.<\/p>\n<p>                <img loading=\"lazy\" decoding=\"async\" src=\"https:\/\/www.europesays.com\/fi\/wp-content\/uploads\/2025\/12\/2009102.webp\" width=\"576\" height=\"274\" alt=\"Mikko 'Peltsi' Peltola ja Osmo Peltola kalassa Norjan Lyngenin vuonossa.\" \/>            <\/p>\n<p>\n            Mikko &#8221;Peltsi&#8221; Peltola ja Osmo Peltola kalassa Norjan Lyngenin vuonossa.<br \/>\n            Yle\/Sami Jumppanen\n        <\/p>\n<p>        <a itemprop=\"url\" href=\"https:\/\/www.seiska.fi\/kotimaa\/mikko-peltsi-peltolalta-tarkeat-vinkit\/1962904\" rel=\"nofollow noopener\" target=\"_blank\"><\/p>\n<p>\nMikko &#8221;Peltsi&#8221; Peltola\n<\/p>\n<p class=\"section-date\">\n        <strong class=\"article-section\" data-section=\"kotimaa\"><br \/>\n            kotimaa<br \/>\n        <\/strong><br \/>\n        26.10. 15:00\n    <\/p>\n<p>Mikko &#8221;Peltsi&#8221; Peltolalta t\u00e4rke\u00e4t vinkit\n    <\/p>\n<p itemprop=\"description\" class=\"subtitle \">\n    Peltsi saa usein kertoa huimista retkikokemuksistaan, mutta my\u00f6s aloittelijayst\u00e4v\u00e4lliset paikat ovat h\u00e4nelle tuttuja.\n<\/p>\n<p>        <\/a><\/p>\n<p>Osmolla yll\u00e4tt\u00e4v\u00e4 retkiev\u00e4s<\/p>\n<p class=\"article-content article-content-width !bg-background\">Osmon suosikkimuusikkoja ovat muun muassa Elastinen, KAJ ja JVG. N\u00e4ist\u00e4 JVG:n  ja  p\u00e4\u00e4siv\u00e4t esitt\u00e4m\u00e4\u00e4n Puoli seitsem\u00e4ss\u00e4 kysymyksen Osmolle. JVG kysyi Osmolta vinkkej\u00e4 vaellusretkelle.<\/p>\n<p class=\"article-content article-content-width !bg-background\">Osmo kertoi Saarisel\u00e4n alueella sijaitsevan Kiilop\u00e4\u00e4n olevan suosikkikohteensa. Peltsi t\u00e4ydensi, ett\u00e4 hiihto, kylpeminen savusaunassa ja avantouinti ovat hyv\u00e4\u00e4 puuhaa Kiilop\u00e4\u00e4ss\u00e4.<\/p>\n<p class=\"article-content article-content-width !bg-background\">\u2013\u00a0L\u00e4mmint\u00e4 gl\u00f6gi\u00e4, suklaata ja hyvi\u00e4 ev\u00e4it\u00e4 mukaan ja pitk\u00e4t kalsarit jalkaan, Peltsi neuvoi.<\/p>\n<p class=\"article-content article-content-width !bg-background\">Osmo paljasti oman suosikkiretkiev\u00e4\u00e4ns\u00e4 olevan croissant hyv\u00e4n hillon kera.<\/p>\n<p>                <img loading=\"lazy\" decoding=\"async\" src=\"https:\/\/www.europesays.com\/fi\/wp-content\/uploads\/2025\/12\/2009104.webp\" width=\"576\" height=\"639\" title=\"Yl\u00e4astetta k\u00e4yv\u00e4 Osmo joutuu retkill\u00e4 tekem\u00e4\u00e4n v\u00e4lill\u00e4 my\u00f6s l\u00e4ksyj\u00e4.\" alt=\"Hymyilev\u00e4 Osmo Peltola tekee paperilla olevaa teht\u00e4v\u00e4\u00e4.\" \/>            <\/p>\n<p>\n            Yl\u00e4astetta k\u00e4yv\u00e4 Osmo joutuu retkill\u00e4 tekem\u00e4\u00e4n v\u00e4lill\u00e4 my\u00f6s l\u00e4ksyj\u00e4.<br \/>\n            Yle\/Mikko Peltola\n        <\/p>\n<p>        <a itemprop=\"url\" href=\"https:\/\/www.seiska.fi\/kotimaa\/osmo-ja-mikko-peltola-korvatunturilla-osmon-laulu-villitsee\/1912041\" rel=\"nofollow noopener\" target=\"_blank\"><\/p>\n<p>\nPeltsi ja Osmo Peltola:\n<\/p>\n<p class=\"section-date\">\n        <strong class=\"article-section\" data-section=\"kotimaa\"><br \/>\n            kotimaa<br \/>\n        <\/strong><br \/>\n        27.8. 17:30\n    <\/p>\n<p>Osmo ja Mikko Peltola Korvatunturilla \u2013 Osmon laulu villitsee\n    <\/p>\n<p itemprop=\"description\" class=\"subtitle \">\n    Osmon tulkinta ihastuttaa.\n<\/p>\n<p>        <\/a><\/p>\n<p class=\"article-content article-content-width !bg-background\">Makeaa herkkua Osmo sai my\u00f6s Puoli seitsem\u00e4n j\u00e4lkeen, sill\u00e4 Peltsi paljasti luvanneensa pojalleen j\u00e4\u00e4tel\u00f6annoksen, jos t\u00e4m\u00e4 sanoo l\u00e4hetyksess\u00e4 is\u00e4ns\u00e4 olevan lihaksikas.<\/p>\n<p class=\"article-content article-content-width !bg-background\">Kaksikon fanit saavat lis\u00e4\u00e4 katsottavaa ensi viikolla, kun Peltsin toinen luonto -sarjan uudet jaksot alkavat. Osmo on mukana kahdessa kauden jaksossa\u00a0ja p\u00e4\u00e4see k\u00e4ym\u00e4\u00e4n esimerkiksi Korvatunturilla.<\/p>\n<p class=\"article-content article-content-width !bg-background\">Retkell\u00e4 Korvatunturille ei l\u00f6ytynyt Joulupukkia, mutta pukin valeparta ja tyhj\u00e4 viinapullo l\u00f6ytyiv\u00e4t k\u00e4mp\u00e4st\u00e4. Kaksikko ep\u00e4ilee, ett\u00e4 aito Joulupukki saattoi piileskell\u00e4 vessassa.<\/p>\n<p class=\"italic m-italic article-content article-content-width !bg-background\">Peltsin toinen luonto -sarjan 5. kauden uutuusjaksot alkavat 8.12. TV2:ssa. Kauden kaikki jaksot julkaistaan Yle Areenassa 8.12.<\/p>\n<p>        <a itemprop=\"url\" href=\"https:\/\/www.seiska.fi\/vain-seiskassa\/osmon-ja-peltsin-evasretki-huonekaluliikkeessa-heratti-huomiota-kuva\/1895568\" rel=\"nofollow noopener\" target=\"_blank\"><\/p>\n<p>\nSalakuva!\n<\/p>\n<p class=\"section-date\">\n        <strong class=\"article-section\" data-section=\"vain seiskassa\"><br \/>\n            vain seiskassa<br \/>\n        <\/strong><br \/>\n        14.8. 16:00\n    <\/p>\n<p>Osmon ja Peltsin ev\u00e4sretki huonekaluliikkeess\u00e4 her\u00e4tti huomiota \u2013 kuva\n    <\/p>\n<p itemprop=\"description\" class=\"subtitle \">\n    Peltsi paljasti jokavuotisen perinteens\u00e4.\n<\/p>\n<p>        <\/a><\/p>\n","protected":false},"excerpt":{"rendered":"Yle\/Sami Jumppanen Mikko &#8221;Peltsi&#8221; Peltola ja h\u00e4nen poikansa Osmo palaavat j\u00e4lleen tv-ruutuun. Peltsi ja Osmo -luontoseikkailusarjan suosioon nostama&hellip;\n","protected":false},"author":2,"featured_media":106118,"comment_status":"","ping_status":"","sticky":false,"template":"","format":"standard","meta":{"footnotes":""},"categories":[130],"tags":[137,33,31,30,1766,3222,5601,5600,6631,5853,32,109,1149],"class_list":{"0":"post-106117","1":"post","2":"type-post","3":"status-publish","4":"format-standard","5":"has-post-thumbnail","7":"category-viihde","8":"tag-entertainment","9":"tag-fi","10":"tag-finland","11":"tag-finnish","12":"tag-jvg","13":"tag-mikko-peltola","14":"tag-osmo-peltola","15":"tag-peltsi-ja-osmo","16":"tag-peltsin-toinen-luonto","17":"tag-puoli-seitseman","18":"tag-suomi","19":"tag-viihde","20":"tag-yle"},"share_on_mastodon":{"url":"https:\/\/pubeurope.com\/@fi\/115652513570863457","error":""},"_links":{"self":[{"href":"https:\/\/www.europesays.com\/fi\/wp-json\/wp\/v2\/posts\/106117","targetHints":{"allow":["GET"]}}],"collection":[{"href":"https:\/\/www.europesays.com\/fi\/wp-json\/wp\/v2\/posts"}],"about":[{"href":"https:\/\/www.europesays.com\/fi\/wp-json\/wp\/v2\/types\/post"}],"author":[{"embeddable":true,"href":"https:\/\/www.europesays.com\/fi\/wp-json\/wp\/v2\/users\/2"}],"replies":[{"embeddable":true,"href":"https:\/\/www.europesays.com\/fi\/wp-json\/wp\/v2\/comments?post=106117"}],"version-history":[{"count":0,"href":"https:\/\/www.europesays.com\/fi\/wp-json\/wp\/v2\/posts\/106117\/revisions"}],"wp:featuredmedia":[{"embeddable":true,"href":"https:\/\/www.europesays.com\/fi\/wp-json\/wp\/v2\/media\/106118"}],"wp:attachment":[{"href":"https:\/\/www.europesays.com\/fi\/wp-json\/wp\/v2\/media?parent=106117"}],"wp:term":[{"taxonomy":"category","embeddable":true,"href":"https:\/\/www.europesays.com\/fi\/wp-json\/wp\/v2\/categories?post=106117"},{"taxonomy":"post_tag","embeddable":true,"href":"https:\/\/www.europesays.com\/fi\/wp-json\/wp\/v2\/tags?post=106117"}],"curies":[{"name":"wp","href":"https:\/\/api.w.org\/{rel}","templated":true}]}}