{"id":106121,"date":"2025-12-02T23:17:12","date_gmt":"2025-12-02T23:17:12","guid":{"rendered":"https:\/\/www.europesays.com\/fi\/106121\/"},"modified":"2025-12-02T23:17:12","modified_gmt":"2025-12-02T23:17:12","slug":"putinin-ja-witkoffin-tapaaminen-moskovassa-paattyi-aluekysymys-ei-ratkennut","status":"publish","type":"post","link":"https:\/\/www.europesays.com\/fi\/106121\/","title":{"rendered":"Putinin ja Witkoffin tapaaminen Moskovassa p\u00e4\u00e4ttyi, aluekysymys ei ratkennut"},"content":{"rendered":"<p>Ukrainan kohtalo|L\u00e4hes viisituntista tapaamista luonnehdittiin hedelm\u00e4lliseksi. Ty\u00f6 jatkuu, sanoi Putinin neuvonantaja.<\/p>\n<p>2.12. 23:49 | P\u00e4ivitetty 1:06<\/p>\n<p>Lue tiivistelm\u00e4<\/p>\n<p>Tiivistelm\u00e4 on teko\u00e4lyn tekem\u00e4 ja ihmisen tarkistama.<\/p>\n<p class=\"article-body mb-nof-24 px-nof-16 sndp-summary-bullet-point-font\">Ven\u00e4j\u00e4n presidentti Vladimir Putin ja Yhdysvaltojen presidentin Donald Trumpin erityisedustaja Steve Witkoff tapasivat Moskovassa tiistaina l\u00e4hes viisi tuntia.<\/p>\n<p class=\"article-body mb-nof-24 px-nof-16 sndp-summary-bullet-point-font\">Kompromissia Ukrainan aluekysymyksest\u00e4 ei saavutettu, mutta Putinin neuvonantaja Juri U\u0161akov kuvaili tapaamista hedelm\u00e4lliseksi ja rakentavaksi.<\/p>\n<p class=\"article-body mb-nof-24 px-nof-16 sndp-summary-bullet-point-font\">U\u0161akovin mukaan jotkin Yhdysvaltojen ehdotukset vaikuttavat hyv\u00e4ksytt\u00e4vilt\u00e4, mutta niist\u00e4 on viel\u00e4 keskusteltava.<\/p>\n<p class=\"article-body mb-nof-24 px-nof-16 sndp-summary-bullet-point-font\">Witkoff palaa Yhdysvaltoihin esittelem\u00e4\u00e4n havaintonsa presidentti Trumpille, ja yhteydenpito maiden v\u00e4lill\u00e4 jatkuu.<\/p>\n<p class=\"article-body mb-nof-24 px-nof-16\">Ven\u00e4j\u00e4n johtajan <a class=\"article-personlink\" href=\"https:\/\/www.hs.fi\/haku\/?query=Vladimir%20Putinin\" rel=\"nofollow noopener\" target=\"_blank\">Vladimir Putinin<\/a> ja Yhdysvaltojen presidentin <a class=\"article-personlink\" href=\"https:\/\/www.hs.fi\/haku\/?query=Donald%20Trumpin\" rel=\"nofollow noopener\" target=\"_blank\">Donald Trumpin<\/a> erityisedustajan <a class=\"article-personlink\" href=\"https:\/\/www.hs.fi\/haku\/?query=Steve%20Witkoffin\" rel=\"nofollow noopener\" target=\"_blank\">Steve Witkoffin<\/a> tapaaminen Moskovassa p\u00e4\u00e4ttyi my\u00f6h\u00e4\u00e4n tiistai-iltana Suomen aikaa sopuisissa merkeiss\u00e4 mutta ilman l\u00e4pimurtoa.<\/p>\n<p class=\"article-body mb-nof-24 px-nof-16\">Tapaaminen kesti l\u00e4hes viisi tuntia. Ven\u00e4l\u00e4isten osallistujien mukaan kompromissia Ukrainan aluekysymyksest\u00e4 ei saavutettu, mutta he kuvailivat tapaamista hedelm\u00e4lliseksi.<\/p>\n<p class=\"article-body mb-nof-24 px-nof-16\">Tapaamiseen osallistuivat Ven\u00e4j\u00e4n puolelta Putinin lis\u00e4ksi h\u00e4nen ulkopoliittinen neuvonantajansa <a class=\"article-personlink\" href=\"https:\/\/www.hs.fi\/haku\/?query=Juri%20U%C5%A1akov\" rel=\"nofollow noopener\" target=\"_blank\">Juri U\u0161akov<\/a> ja kansainv\u00e4lisen talousyhteisty\u00f6n erityisedustajansa <a class=\"article-personlink\" href=\"https:\/\/www.hs.fi\/haku\/?query=Kirill%20Dmitriev\" rel=\"nofollow noopener\" target=\"_blank\">Kirill Dmitriev<\/a>, <a class=\"article-genericlink\" href=\"http:\/\/kremlin.ru\/events\/president\/news\/78633\" rel=\"nofollow noopener\" target=\"_blank\">kertoi<\/a> Kreml tiistaina.<\/p>\n<p class=\"article-body mb-nof-24 px-nof-16\">Yhdysvalloista mukana oli Witkoffin lis\u00e4ksi presidentin v\u00e4vy, sijoittaja <a class=\"article-personlink\" href=\"https:\/\/www.hs.fi\/haku\/?query=Jared%20Kushner\" rel=\"nofollow noopener\" target=\"_blank\">Jared Kushner<\/a>.<\/p>\n<p class=\"article-body mb-nof-24 px-nof-16\">Putinin neuvonantaja U\u0161akov kuvaili keskusteluja hedelm\u00e4llisiksi, rakentaviksi ja merkityksellisiksi, kertoi Reuters. My\u00f6s Dmitriev luonnehti tapaamista hedelm\u00e4lliseksi, kertoi ven\u00e4l\u00e4inen uutistoimisto <a class=\"article-genericlink\" href=\"https:\/\/www.interfax.ru\/russia\/1061126\" rel=\"nofollow noopener\" target=\"_blank\">Interfax<\/a>.<\/p>\n<p class=\"article-body mb-nof-24 px-nof-16\">U\u0161akovin mukaan paljon ty\u00f6t\u00e4 on viel\u00e4 edess\u00e4 Ukrainan tilanteen sovittelemiseksi, mutta osapuolet eiv\u00e4t kuitenkaan et\u00e4\u00e4ntyneet kauemmas rauhasta, kertoi <a class=\"article-genericlink\" href=\"https:\/\/www.interfax.ru\/russia\/1061137\" rel=\"nofollow noopener\" target=\"_blank\">Interfax<\/a>.<\/p>\n<p class=\"article-body mb-nof-24 px-nof-16\">\u201dToistaiseksi kompromissiratkaisua ei l\u00f6ydetty. Jotkin Yhdysvaltojen ehdotukset vaikuttavat enemm\u00e4n tai v\u00e4hemm\u00e4n hyv\u00e4ksytt\u00e4vilt\u00e4, mutta niist\u00e4 on viel\u00e4 keskusteltava. Jotkin meille ehdotetut sanamuodot eiv\u00e4t k\u00e4y meille\u201d, Ushakov sanoi valtiollisen ven\u00e4l\u00e4isen uutistoimiston <a class=\"article-genericlink\" href=\"https:\/\/tass.ru\/politika\/25797995\" rel=\"nofollow noopener\" target=\"_blank\">Tassin <\/a>mukaan.<\/p>\n<p class=\"article-body mb-nof-24 px-nof-16\">\u201dToisin sanoen ty\u00f6 jatkuu\u201d, h\u00e4n totesi.<\/p>\n<p class=\"article-body mb-nof-24 px-nof-16\">U\u0161akov kertoi, ett\u00e4 useista vaihtoehdoista Ukrainan tilanteen ratkaisemiseksi keskusteltiin, ja Putin pyysi v\u00e4litt\u00e4m\u00e4\u00e4n useita t\u00e4rkeit\u00e4 poliittisia viestej\u00e4 Trumpille.<\/p>\n<p class=\"article-body mb-nof-24 px-nof-16\">Tapaamisessa oli U\u0161akovin mukaan sovittu, ettei keskustelujen yksityiskohtaista sis\u00e4lt\u00f6\u00e4 kerrota julkisuuteen. Keskustelu oli luottamuksellinen, h\u00e4n sanoi Reutersin mukaan.<\/p>\n<p class=\"article-body mb-nof-24 px-nof-16\">Seuraavaksi Yhdysvaltojen edustajat palaava kotimaahansa ja esittelev\u00e4t havaintonsa Trumpille, ja yhteydenpito maiden v\u00e4lill\u00e4 jatkuu, U\u0161akov sanoi.<\/p>\n<p class=\"article-body mb-nof-24 px-nof-16\">Kyseess\u00e4 on Witkoffin kuudes vierailu Moskovassa, kertoo ven\u00e4l\u00e4inen sanomalehti <a class=\"article-genericlink\" href=\"https:\/\/www.kommersant.ru\/doc\/8250175?from=top_main_2\" rel=\"nofollow noopener\" target=\"_blank\">Kommersant<\/a>.<\/p>\n<p><img decoding=\"async\" src=\"https:\/\/www.europesays.com\/fi\/wp-content\/uploads\/2025\/12\/1764717431_880_468.jpg\" alt=\"Ven\u00e4j\u00e4n johtajan Vladimir Putinin (oik.) vieress\u00e4 tapaamisessa istui h\u00e4nen ulkopoliittinen edustajansa Juri U\u0161akov. Kuva on Ven\u00e4j\u00e4n valtiollisen median jakama.\" class=\"_Img_1rerz_1\" style=\"aspect-ratio:1.5508885298869144\" loading=\"eager\"\/><\/p>\n<p class=\"article-picture-caption\">Ven\u00e4j\u00e4n johtajan Vladimir Putinin (oik.) vieress\u00e4 tapaamisessa istui h\u00e4nen ulkopoliittinen edustajansa Juri U\u0161akov. Kuva on Ven\u00e4j\u00e4n valtiollisen median jakama. Kuva:\u00a0Alexander Kazakov \/ Sputnik<\/p>\n<p><img decoding=\"async\" src=\"https:\/\/www.europesays.com\/fi\/wp-content\/uploads\/2025\/12\/1764717432_169_468.jpg\" alt=\"Yhdysvaltojen presidentin erityisedustaja Steve Witkoff ja presidentin v\u00e4vy Jared Kushner tapasivat moskovassa Ven\u00e4j\u00e4n johtajan Vladimir Putinin. Kuva on Ven\u00e4j\u00e4n valtiollisen median jakama.\" class=\"_Img_1rerz_1\" style=\"aspect-ratio:1.5118110236220472\" loading=\"eager\"\/><\/p>\n<p class=\"article-picture-caption\">Yhdysvaltojen presidentin erityisedustaja Steve Witkoff ja presidentin v\u00e4vy Jared Kushner tapasivat moskovassa Ven\u00e4j\u00e4n johtajan Vladimir Putinin. Kuva on Ven\u00e4j\u00e4n valtiollisen median jakama. Kuva:\u00a0Alexander Kazakov \/ Sputnik<\/p>\n","protected":false},"excerpt":{"rendered":"Ukrainan kohtalo|L\u00e4hes viisituntista tapaamista luonnehdittiin hedelm\u00e4lliseksi. Ty\u00f6 jatkuu, sanoi Putinin neuvonantaja. 2.12. 23:49 | P\u00e4ivitetty 1:06 Lue tiivistelm\u00e4&hellip;\n","protected":false},"author":2,"featured_media":106122,"comment_status":"","ping_status":"","sticky":false,"template":"","format":"standard","meta":{"footnotes":""},"categories":[14],"tags":[22,23,26,27,33,31,30,17,46,24,25,28,29,15,18,21,32,19,20,56,16,59,60,61],"class_list":{"0":"post-106121","1":"post","2":"type-post","3":"status-publish","4":"format-standard","5":"has-post-thumbnail","7":"category-ulkomaat","8":"tag-breaking-news","9":"tag-breakingnews","10":"tag-featured-news","11":"tag-featurednews","12":"tag-fi","13":"tag-finland","14":"tag-finnish","15":"tag-headlines","16":"tag-helsingin-sanomat","17":"tag-latest-news","18":"tag-latestnews","19":"tag-main-news","20":"tag-mainnews","21":"tag-news","22":"tag-otsikot","23":"tag-paauutiset","24":"tag-suomi","25":"tag-top-stories","26":"tag-topstories","27":"tag-ulkomaat","28":"tag-uutiset","29":"tag-world","30":"tag-world-news","31":"tag-worldnews"},"share_on_mastodon":{"url":"https:\/\/pubeurope.com\/@fi\/115652529431785210","error":""},"_links":{"self":[{"href":"https:\/\/www.europesays.com\/fi\/wp-json\/wp\/v2\/posts\/106121","targetHints":{"allow":["GET"]}}],"collection":[{"href":"https:\/\/www.europesays.com\/fi\/wp-json\/wp\/v2\/posts"}],"about":[{"href":"https:\/\/www.europesays.com\/fi\/wp-json\/wp\/v2\/types\/post"}],"author":[{"embeddable":true,"href":"https:\/\/www.europesays.com\/fi\/wp-json\/wp\/v2\/users\/2"}],"replies":[{"embeddable":true,"href":"https:\/\/www.europesays.com\/fi\/wp-json\/wp\/v2\/comments?post=106121"}],"version-history":[{"count":0,"href":"https:\/\/www.europesays.com\/fi\/wp-json\/wp\/v2\/posts\/106121\/revisions"}],"wp:featuredmedia":[{"embeddable":true,"href":"https:\/\/www.europesays.com\/fi\/wp-json\/wp\/v2\/media\/106122"}],"wp:attachment":[{"href":"https:\/\/www.europesays.com\/fi\/wp-json\/wp\/v2\/media?parent=106121"}],"wp:term":[{"taxonomy":"category","embeddable":true,"href":"https:\/\/www.europesays.com\/fi\/wp-json\/wp\/v2\/categories?post=106121"},{"taxonomy":"post_tag","embeddable":true,"href":"https:\/\/www.europesays.com\/fi\/wp-json\/wp\/v2\/tags?post=106121"}],"curies":[{"name":"wp","href":"https:\/\/api.w.org\/{rel}","templated":true}]}}