{"id":106123,"date":"2025-12-02T23:18:24","date_gmt":"2025-12-02T23:18:24","guid":{"rendered":"https:\/\/www.europesays.com\/fi\/106123\/"},"modified":"2025-12-02T23:18:24","modified_gmt":"2025-12-02T23:18:24","slug":"lidl-toi-helsinkiin-2-euron-yllatyshitin-ei-saa-myyda-suomen-kaupoissa-paikalliset","status":"publish","type":"post","link":"https:\/\/www.europesays.com\/fi\/106123\/","title":{"rendered":"Lidl toi Helsinkiin 2 euron &#8221;yll\u00e4tyshitin&#8221; \u2013\u2009ei saa myyd\u00e4 Suomen kaupoissa | Paikalliset"},"content":{"rendered":"<p>Viiden p\u00e4iv\u00e4n ajan ravintola Finnj\u00e4velin tiloissa toiminut Lidlerie-ravintola on sulkenut ovensa Helsingiss\u00e4. Kyse oli Lidlin ja<strong> Henri Al\u00e9nin <\/strong>pop-up-ravintolasta.<\/p>\n<p>Ravintolan ruoka valmistettiin Lidlin raaka-aineista. Annokset maksoivat Lidlin mukaan niiss\u00e4 k\u00e4ytettyjen raaka-aineiden hinnan verran. Kolmen ruokalajin menut maksoivat noin 13-20 euron v\u00e4lill\u00e4.<\/p>\n<p>Lidl kertoo saaneensa ravintolasta paljon hyv\u00e4\u00e4 palautetta.<\/p>\n<p>\u2013\u2009Suomen Lidl-myym\u00e4l\u00f6iss\u00e4 toistaiseksi ei saatavilla olevat Lidl-viinit nousivat palautteissa jopa pienoiseksi yll\u00e4tyshitiksi, Lidl kerttoo tiedotteessa.<\/p>\n<p><a href=\"https:\/\/www.hs.fi\/helsinki\/art-2000011649014.html\" rel=\"nofollow noopener\" target=\"_blank\">Helsingin Sanomien<\/a><a href=\"https:\/\/www.hs.fi\/helsinki\/art-2000011649014.html\" rel=\"nofollow noopener\" target=\"_blank\"> <\/a>mukaan tarjolla oli muiden maiden Lidl-valikoimien viinej\u00e4, jotka olivat yli 8-prosenttisia. N\u00e4in ollen niit\u00e4 ei saa myyd\u00e4 Suomen ruokakaupoissa.<\/p>\n<p>Viinilasin hinnaksi muodostui noin kaksi euroa, kertoo <a href=\"https:\/\/www.iltalehti.fi\/ruoka-artikkelit\/a\/8f8d4686-5eaa-4867-b568-726e47479deb\" rel=\"nofollow noopener\" target=\"_blank\">Iltalehti<\/a>.<\/p>\n<p>Tarjolla oli muun muassa Lidl Rheingau Riesling ja Lidl Pinot Grigio Della Venezie DOP -valkoviinej\u00e4 sek\u00e4 Lidl Primitivo di Manduria -punaviini\u00e4.<\/p>\n<p>\t\t\t\t\t<img class=\"diks-card__image\" src=\"https:\/\/www.europesays.com\/fi\/wp-content\/uploads\/2025\/12\/11166004.jpg\"   loading=\"lazy\" decoding=\"sync\" alt=\"\"\/><\/p>\n<p>\t\t<a class=\"diks-gallery__link\" href=\"https:\/\/i.media.fi\/incoming\/b1yzlm\/11181584.jpg\/alternates\/FREE_1440\/11181584.jpg\" data-thumbnail=\"\" data-sub-html=\"Myskikurpitsaa ja burrataa oli yksi alkupaloista Lidl \" aria-label=\"Katso isompi kuva\" rel=\"nofollow noopener\" target=\"_blank\"><br \/>\n\t\t\t\t<img class=\"diks-figure__image\" src=\"https:\/\/www.europesays.com\/fi\/wp-content\/uploads\/2025\/12\/11181584.jpg\" loading=\"lazy\" decoding=\"sync\" alt=\"\"\/><\/p>\n<p>\t\t\t<\/a><br \/>\n\t\t\t\t\tMyskikurpitsaa ja burrataa oli yksi alkupaloista Lidl <\/p>\n<p>\t\t\t\t\t<img class=\"diks-card__image\" src=\"https:\/\/www.europesays.com\/fi\/wp-content\/uploads\/2025\/12\/10676979.jpg\"   loading=\"lazy\" decoding=\"sync\" alt=\"\"\/><\/p>\n<p>\t\t\t\t\t<img class=\"diks-card__image\" src=\"https:\/\/www.europesays.com\/fi\/wp-content\/uploads\/2025\/09\/11045754.jpg\"   loading=\"lazy\" decoding=\"sync\" alt=\"\"\/><\/p>\n","protected":false},"excerpt":{"rendered":"Viiden p\u00e4iv\u00e4n ajan ravintola Finnj\u00e4velin tiloissa toiminut Lidlerie-ravintola on sulkenut ovensa Helsingiss\u00e4. Kyse oli Lidlin ja Henri Al\u00e9nin&hellip;\n","protected":false},"author":2,"featured_media":106124,"comment_status":"","ping_status":"","sticky":false,"template":"","format":"standard","meta":{"footnotes":""},"categories":[12],"tags":[22,23,26,27,33,31,30,17,46,104,24,25,3238,28,29,7119,15,18,21,3723,900,2331,32,19,20,16],"class_list":{"0":"post-106123","1":"post","2":"type-post","3":"status-publish","4":"format-standard","5":"has-post-thumbnail","7":"category-suomi","8":"tag-breaking-news","9":"tag-breakingnews","10":"tag-featured-news","11":"tag-featurednews","12":"tag-fi","13":"tag-finland","14":"tag-finnish","15":"tag-headlines","16":"tag-helsingin-sanomat","17":"tag-helsinki","18":"tag-latest-news","19":"tag-latestnews","20":"tag-lidl","21":"tag-main-news","22":"tag-mainnews","23":"tag-menut","24":"tag-news","25":"tag-otsikot","26":"tag-paauutiset","27":"tag-ravintolat","28":"tag-ruoka","29":"tag-ruoka-ja-juoma","30":"tag-suomi","31":"tag-top-stories","32":"tag-topstories","33":"tag-uutiset"},"share_on_mastodon":{"url":"https:\/\/pubeurope.com\/@fi\/115652533225095307","error":""},"_links":{"self":[{"href":"https:\/\/www.europesays.com\/fi\/wp-json\/wp\/v2\/posts\/106123","targetHints":{"allow":["GET"]}}],"collection":[{"href":"https:\/\/www.europesays.com\/fi\/wp-json\/wp\/v2\/posts"}],"about":[{"href":"https:\/\/www.europesays.com\/fi\/wp-json\/wp\/v2\/types\/post"}],"author":[{"embeddable":true,"href":"https:\/\/www.europesays.com\/fi\/wp-json\/wp\/v2\/users\/2"}],"replies":[{"embeddable":true,"href":"https:\/\/www.europesays.com\/fi\/wp-json\/wp\/v2\/comments?post=106123"}],"version-history":[{"count":0,"href":"https:\/\/www.europesays.com\/fi\/wp-json\/wp\/v2\/posts\/106123\/revisions"}],"wp:featuredmedia":[{"embeddable":true,"href":"https:\/\/www.europesays.com\/fi\/wp-json\/wp\/v2\/media\/106124"}],"wp:attachment":[{"href":"https:\/\/www.europesays.com\/fi\/wp-json\/wp\/v2\/media?parent=106123"}],"wp:term":[{"taxonomy":"category","embeddable":true,"href":"https:\/\/www.europesays.com\/fi\/wp-json\/wp\/v2\/categories?post=106123"},{"taxonomy":"post_tag","embeddable":true,"href":"https:\/\/www.europesays.com\/fi\/wp-json\/wp\/v2\/tags?post=106123"}],"curies":[{"name":"wp","href":"https:\/\/api.w.org\/{rel}","templated":true}]}}