{"id":106125,"date":"2025-12-02T23:19:09","date_gmt":"2025-12-02T23:19:09","guid":{"rendered":"https:\/\/www.europesays.com\/fi\/106125\/"},"modified":"2025-12-02T23:19:09","modified_gmt":"2025-12-02T23:19:09","slug":"kalpa-murskattiin-ruotsissa-myos-ilves-karsi-tappion","status":"publish","type":"post","link":"https:\/\/www.europesays.com\/fi\/106125\/","title":{"rendered":"KalPa murskattiin Ruotsissa \u2013 my\u00f6s Ilves k\u00e4rsi tappion"},"content":{"rendered":"<p>CHL:n puoliv\u00e4lier\u00e4t alkoivat suomalaisjoukkueiden tappioilla Ruotsissa.<\/p>\n<p>2.12. 23:00<\/p>\n<p class=\"article-body mb-nof-24 px-nof-16\">J\u00e4\u00e4kiekon eurooppalaisen seurajoukkuekilpailun CHL:n puoliv\u00e4lier\u00e4t eiv\u00e4t saaneet onnistunutta suomalaisstarttia. Tiistaina sek\u00e4 KalPa ett\u00e4 Ilves saivat tunnustaa ruotsalaisvastukset paremmiksi l\u00e4nsinaapurissa.<\/p>\n<p class=\"article-body mb-nof-24 px-nof-16\">KalPa koki kovia Bryn\u00e4sin vieraana, kotijoukkueen takoessa taululle 5\u20131-voiton. Ilves puolestaan h\u00e4visi Luulajalle 2\u20133. Toiset osaottelut pelataan Kuopiossa ja Tampereella 16. joulukuuta, ja kahden ottelun yhteismaalit ratkaisevat v\u00e4lieriin etenij\u00e4n.<\/p>\n<p class=\"article-body mb-nof-24 px-nof-16\">Lukko avaa puoliv\u00e4lier\u00e4t sveitsil\u00e4ist\u00e4 Zugia vastaan keskiviikkona kotonaan. Toinen osa pelataan Sveitsiss\u00e4 16. joulukuuta.<\/p>\n","protected":false},"excerpt":{"rendered":"CHL:n puoliv\u00e4lier\u00e4t alkoivat suomalaisjoukkueiden tappioilla Ruotsissa. 2.12. 23:00 J\u00e4\u00e4kiekon eurooppalaisen seurajoukkuekilpailun CHL:n puoliv\u00e4lier\u00e4t eiv\u00e4t saaneet onnistunutta suomalaisstarttia. Tiistaina&hellip;\n","protected":false},"author":2,"featured_media":106126,"comment_status":"","ping_status":"","sticky":false,"template":"","format":"standard","meta":{"footnotes":""},"categories":[5],"tags":[22,23,26,27,33,31,30,17,34,24,25,28,29,15,18,21,32,19,20,16],"class_list":{"0":"post-106125","1":"post","2":"type-post","3":"status-publish","4":"format-standard","5":"has-post-thumbnail","7":"category-otsikot","8":"tag-breaking-news","9":"tag-breakingnews","10":"tag-featured-news","11":"tag-featurednews","12":"tag-fi","13":"tag-finland","14":"tag-finnish","15":"tag-headlines","16":"tag-ilta-sanomat","17":"tag-latest-news","18":"tag-latestnews","19":"tag-main-news","20":"tag-mainnews","21":"tag-news","22":"tag-otsikot","23":"tag-paauutiset","24":"tag-suomi","25":"tag-top-stories","26":"tag-topstories","27":"tag-uutiset"},"share_on_mastodon":{"url":"https:\/\/pubeurope.com\/@fi\/115652536710166312","error":""},"_links":{"self":[{"href":"https:\/\/www.europesays.com\/fi\/wp-json\/wp\/v2\/posts\/106125","targetHints":{"allow":["GET"]}}],"collection":[{"href":"https:\/\/www.europesays.com\/fi\/wp-json\/wp\/v2\/posts"}],"about":[{"href":"https:\/\/www.europesays.com\/fi\/wp-json\/wp\/v2\/types\/post"}],"author":[{"embeddable":true,"href":"https:\/\/www.europesays.com\/fi\/wp-json\/wp\/v2\/users\/2"}],"replies":[{"embeddable":true,"href":"https:\/\/www.europesays.com\/fi\/wp-json\/wp\/v2\/comments?post=106125"}],"version-history":[{"count":0,"href":"https:\/\/www.europesays.com\/fi\/wp-json\/wp\/v2\/posts\/106125\/revisions"}],"wp:featuredmedia":[{"embeddable":true,"href":"https:\/\/www.europesays.com\/fi\/wp-json\/wp\/v2\/media\/106126"}],"wp:attachment":[{"href":"https:\/\/www.europesays.com\/fi\/wp-json\/wp\/v2\/media?parent=106125"}],"wp:term":[{"taxonomy":"category","embeddable":true,"href":"https:\/\/www.europesays.com\/fi\/wp-json\/wp\/v2\/categories?post=106125"},{"taxonomy":"post_tag","embeddable":true,"href":"https:\/\/www.europesays.com\/fi\/wp-json\/wp\/v2\/tags?post=106125"}],"curies":[{"name":"wp","href":"https:\/\/api.w.org\/{rel}","templated":true}]}}