{"id":106133,"date":"2025-12-02T23:39:15","date_gmt":"2025-12-02T23:39:15","guid":{"rendered":"https:\/\/www.europesays.com\/fi\/106133\/"},"modified":"2025-12-02T23:39:15","modified_gmt":"2025-12-02T23:39:15","slug":"amazing-race-suomi-katsojat-huolissaan-kisaajien-terveysongelmista-ja-hygienian-tasosta","status":"publish","type":"post","link":"https:\/\/www.europesays.com\/fi\/106133\/","title":{"rendered":"Amazing Race Suomi: Katsojat huolissaan kisaajien terveysongelmista ja hygienian tasosta"},"content":{"rendered":"<p>            Sanoma\n        <\/p>\n<p class=\"subtitle \">Usean kilpailijan sairastuminen her\u00e4tt\u00e4\u00e4 my\u00f6s \u00e4rtymyst\u00e4 ja paheksuntaa.<\/p>\n<p class=\"article-content article-content-width !bg-background\">Amazing Race Suomi -kisassa mukana olevien kilpailijoiden terveysongelmat ja hygienian taso puhuttavat ohjelman katsojia.<\/p>\n<p class=\"font-weight-bold m-font-weight-bold article-content article-content-width !bg-background\">Video: Amazing Race -kisaajien oudot ravintolakokemukset.<\/p>\n<p class=\"article-content article-content-width !bg-background\">Amazing Race Suomen Instagram-tilill\u00e4 ja Jodelissa aiheesta k\u00e4yd\u00e4\u00e4n v\u00e4rik\u00e4st\u00e4 keskustelua.<\/p>\n<p class=\"article-content article-content-width !bg-background\">Jo ensimm\u00e4isess\u00e4 kohteessa  parina kisaava appiukko  k\u00e4rsi ripulista ja turvautui my\u00f6hemmin tiputukseen. Kisan kolmannessa jaksossa  joutui tiputukseen ja lopulta j\u00e4tt\u00e4m\u00e4\u00e4n kisan kesken sairastumisen takia.<\/p>\n<p class=\"article-content article-content-width !bg-background\"> puolestaan sanoi laittaneensa vaipan housuunsa ja joutui kesken teht\u00e4v\u00e4n k\u00e4ym\u00e4\u00e4n puskassa helpottamassa oloaan. Samalla h\u00e4n onnistui pel\u00e4stytt\u00e4m\u00e4\u00e4n paikallisen \u201ckookosmiehen\u201d.<\/p>\n<p class=\"article-content article-content-width !bg-background\">\u2013\u00a0Ei vi**u ku nuo vaa ripuloi tuolla ja puol porukkaa kulkee kohta jotku vaipat housuis, er\u00e4s kommentoija kauhistelee Jodelissa.<\/p>\n<p class=\"article-content article-content-width !bg-background\">\u2013\u00a0What in the kakkagate is going on. Kaikki koko ajan paskal ja tipassa, toinen Jodelin k\u00e4ytt\u00e4j\u00e4 \u00e4l\u00e4ht\u00e4\u00e4.<\/p>\n<p>                <img loading=\"lazy\" decoding=\"async\" src=\"https:\/\/www.europesays.com\/fi\/wp-content\/uploads\/2025\/12\/2009479.webp\" width=\"576\" height=\"322\" title=\"Tomas Grekovin (vas.) appiukko Esko Rotola-Pukkila joutui etsim\u00e4\u00e4n vauhdilla vessaa jo ensimm\u00e4isess\u00e4 jaksossa.\" alt=\"V\u00e4syneen n\u00e4k\u00f6iset Tomas Grekov ja Esko Rotola-Pukkila.\" \/>            <\/p>\n<p>\n            Tomas Grekovin (vas.) appiukko Esko Rotola-Pukkila joutui etsim\u00e4\u00e4n vauhdilla vessaa jo ensimm\u00e4isess\u00e4 jaksossa.<br \/>\n            Sanoma\n        <\/p>\n<p>        <a itemprop=\"url\" href=\"https:\/\/www.seiska.fi\/katso\/eritteet-nousivat-amazing-racen-keskioon-nyt-puhuu-tuotanto\/1996257\" rel=\"nofollow noopener\" target=\"_blank\"><\/p>\n<p>\nEritteet nousivat Amazing Racen keski\u00f6\u00f6n\n<\/p>\n<p class=\"section-date\">\n        <strong class=\"article-section\" data-section=\"katso\"><br \/>\n            katso<br \/>\n        <\/strong><br \/>\n        18.11. 15:15\n    <\/p>\n<p>Eritteet nousivat Amazing Racen keski\u00f6\u00f6n \u2013 nyt puhuu tuotanto\n    <\/p>\n<p itemprop=\"description\" class=\"subtitle \">\n    Amazing Race Suomen kolmannella kaudella kilpailijat kohtaavat ik\u00e4vi\u00e4 vaivoja.\n<\/p>\n<p>        <\/a><\/p>\n<p class=\"article-content article-content-width !bg-background\">\u2013\u00a0Aika hurjaa et vasta kolmas jakso ja jo kaks ihmist\u00e4 joutunu tiputukseen. Kunnon amazing shit race t\u00e4\u00e4 kausi kyll\u00e4, Jodelissa jatketaan ihmettely\u00e4.<\/p>\n<p>Ripuli j\u00e4nnitt\u00e4\u00e4 pudotusta enemm\u00e4n?<\/p>\n<p class=\"article-content article-content-width !bg-background\">Toistuvat sairastumiset her\u00e4tt\u00e4v\u00e4t jo j\u00e4nnityst\u00e4 kisan seuraajissa.<\/p>\n<p class=\"article-content article-content-width !bg-background\">\u2013\u00a0Kumpihan t\u00e4m\u00e4n kauden aikana j\u00e4nnitt\u00e4\u00e4 enemm\u00e4n: se ett\u00e4 kenell\u00e4 seuraavaks on ripuli vai se ett\u00e4 mik\u00e4 pari tippuu, miettii yksi katsoja Instagramissa.<\/p>\n<p class=\"article-content article-content-width !bg-background\">\u2013\u00a0Kannatti sy\u00f6d\u00e4 ne sirkat kun kaikilla oli ripuli sen j\u00e4lkeen, er\u00e4s asiaa Jodelissa kommentoiva viittaa teht\u00e4v\u00e4\u00e4n, jossa kisaajien piti sy\u00f6d\u00e4 hein\u00e4sirkkoja.<\/p>\n<p>                <img loading=\"lazy\" decoding=\"async\" src=\"https:\/\/www.europesays.com\/fi\/wp-content\/uploads\/2025\/12\/2009503.webp\" width=\"576\" height=\"322\" title=\"Elsa Forsberg ja \u00e4itins\u00e4 Nina Tapio ker\u00e4\u00e4v\u00e4t katsojilta kiitosta, koska k\u00e4yttiv\u00e4t k\u00e4sidesi\u00e4 ennen kuin s\u00f6iv\u00e4t hein\u00e4sirkkoja.\" alt=\"Elsa Forsberg ja Nina Tapio sy\u00f6m\u00e4ss\u00e4 hein\u00e4sirkkoja.\" \/>            <\/p>\n<p>\n            Elsa Forsberg ja \u00e4itins\u00e4 Nina Tapio ker\u00e4\u00e4v\u00e4t katsojilta kiitosta, koska k\u00e4yttiv\u00e4t k\u00e4sidesi\u00e4 ennen kuin s\u00f6iv\u00e4t hein\u00e4sirkkoja.<br \/>\n            Sanoma\n        <\/p>\n<p>        <a itemprop=\"url\" href=\"https:\/\/www.seiska.fi\/katso\/nina-tapio-amazing-race-tuotanto-mohli-paatepisteella\/2007904\" rel=\"nofollow noopener\" target=\"_blank\"><\/p>\n<p>\nAmazing Race Suomi\n<\/p>\n<p class=\"section-date\">\n        <strong class=\"article-section\" data-section=\"katso\"><br \/>\n            katso<br \/>\n        <\/strong><br \/>\n        06:15\n    <\/p>\n<p>Nina Tapio: Amazing Race -tuotanto m\u00f6hli p\u00e4\u00e4tepisteell\u00e4\n    <\/p>\n<p itemprop=\"description\" class=\"subtitle \">\n    Amazing Race Suomen kulisseissa sattui ja tapahtui.\n<\/p>\n<p>        <\/a><\/p>\n<p class=\"article-content article-content-width !bg-background\">Osaa kisaajien sairastuminen ja teht\u00e4vien suorittaminen vatsavaivaisena raivostuttaa.<\/p>\n<p class=\"article-content article-content-width !bg-background\">\u2013\u00a0Suomi lenn\u00e4tt\u00e4\u00e4 vaan Aasiaan kilpailijat, kun siell\u00e4 halvinta. Ja kaikki vuoroin ripulissa ja tipassa, katsoja murisee <a href=\"https:\/\/www.instagram.com\/reel\/DRhbPxMjdI-\/?igsh=MXUxNmRvM2MwdDJkbg==\" target=\"_blank\" rel=\"nofollow noopener\">Instagramissa<\/a>.<\/p>\n<p class=\"article-content article-content-width !bg-background\">\u2013\u00a0T\u00e4n jakson n\u00e4hty\u00e4ni en voinut v\u00e4ltty\u00e4 ajattelemasta hygieniakysymyksi\u00e4 ja sit\u00e4, mit\u00e4 kilpailijat ns. j\u00e4tt\u00e4v\u00e4t j\u00e4lkeens\u00e4 matkan varrelle. Kookosukko siell\u00e4 sitten siivoaa pusikkoa vai ja saastuttaa sill\u00e4 p\u00f6p\u00f6ll\u00e4 lis\u00e4\u00e4 ymp\u00e4rist\u00f6\u00e4? Mari paskaisilla k\u00e4sill\u00e4 ja p:t housussa jatkaa kisaa vai? R\u00e4pel\u00f6i niit\u00e4 kookoksia ja kisapaikalla hy\u00f6rii, joku ne kaikki kisatarvikkeet siivoaa sitten taas pois ja saa tartunnan itselleen kenties, kolmas Instagram-kommentoija jyr\u00e4ht\u00e4\u00e4.<\/p>\n<p class=\"article-content article-content-width !bg-background\">\u2013\u00a0Ja siin\u00e4 sirkka jaksossa vaan n\u00e4ki et se yks pari k\u00e4ytti k\u00e4sidesi\u00e4 ennen ku alko sy\u00f6m\u00e4\u00e4n niit\u00e4 sirkkoja k\u00e4sill\u00e4\u00e4n, nelj\u00e4s jatkaa Instagramissa viitaten  ja t\u00e4m\u00e4n tytt\u00e4ren  p\u00e4\u00e4t\u00f6kseen desinfioida k\u00e4tens\u00e4 teht\u00e4v\u00e4\u00e4 suorittaessaan.<\/p>\n<p>                <img loading=\"lazy\" decoding=\"async\" src=\"https:\/\/www.europesays.com\/fi\/wp-content\/uploads\/2025\/12\/2009510.webp\" width=\"576\" height=\"322\" title=\"Jaakko Parkkali (vas.) ja Arttu Lindeman joutuivat keskeytt\u00e4m\u00e4\u00e4n kisan Jaakon sairastumisen takia.\" alt=\"Jaakko Parkkali ja Arttu Lindeman rinkat sel\u00e4ss\u00e4.\" \/>            <\/p>\n<p>\n            Jaakko Parkkali (vas.) ja Arttu Lindeman joutuivat keskeytt\u00e4m\u00e4\u00e4n kisan Jaakon sairastumisen takia.<br \/>\n            Sanoma\n        <\/p>\n<p>        <a itemprop=\"url\" href=\"https:\/\/www.seiska.fi\/katso\/vakava-tilanne-amazing-racessa-yksi-kilpailijoista-ulos-ohjelmasta\/2005168\" rel=\"nofollow noopener\" target=\"_blank\"><\/p>\n<p>\nAmazing Racessa shokkitilanne:\n<\/p>\n<p class=\"section-date\">\n        <strong class=\"article-section\" data-section=\"katso\"><br \/>\n            katso<br \/>\n        <\/strong><br \/>\n        29.11. 06:15\n    <\/p>\n<p>Vakava tilanne Amazing Racessa: Yksi kilpailijoista ulos ohjelmasta\n    <\/p>\n<p itemprop=\"description\" class=\"subtitle \">\n    Amazing Race Suomi -ohjelman kolmannessa jaksossa n\u00e4hd\u00e4\u00e4n vakava tilanne, kun yksi kilpailijoista joutuu tiputukseen. Sis\u00e4lt\u00e4\u00e4 juonipaljastuksia.\n<\/p>\n<p>        <\/a><\/p>\n<p>Kakkavitsit lent\u00e4v\u00e4t kommenteissa<\/p>\n<p class=\"article-content article-content-width !bg-background\">Jotkut kommentoijat toisaalta kehuvat, ett\u00e4 asiaa k\u00e4sitell\u00e4\u00e4n ohjelmassa niin avoimesti.<\/p>\n<p class=\"article-content article-content-width !bg-background\">\u2013\u00a0Musta on ihanaa miten avoimesti noi puhuu turistiripulista. Kakka on aina niin suuri tabu. Oon aina miettiny jenkkiversiota kattellessa, et vet\u00e4\u00e4ks ne jotain imodiumii vai miksei koskaan puhuta et MISS\u00c4 ON VESSA, er\u00e4s katsoja kiittelee Jodelissa.<\/p>\n<p class=\"article-content article-content-width !bg-background\">Sarjan fanien joukosta l\u00f6ytyy my\u00f6s paljon niit\u00e4, jotka ottavat kakka-asiat huumorilla. Instagramissa Marin puskatarpeita kommentoidaan muun muassa n\u00e4in: \u201cKookosukko raukka\u2026\u201d ja \u201cRip herra kookos.\u201d.<\/p>\n<p class=\"article-content article-content-width !bg-background\">\u2013\u00a0Jaakko oli kuumeinen, Paula noronen, kirjoittaa puolestaan yksi vitsiniekka Jodelissa.<\/p>\n<p class=\"article-content article-content-width !bg-background\">Amazing Race Suomen seuraava jakso esitet\u00e4\u00e4n poikkeuksellisesti Nelosella jo perjantaina 5.12. kello 19.30. Jaksot julkaistaan Ruutu+:ssa viikko ennen tv-esityst\u00e4.<\/p>\n<p>        <a itemprop=\"url\" href=\"https:\/\/www.seiska.fi\/katso\/amazing-race-suomi-tuotanto-paljastaa-tiukat-saannot\/2006343\" rel=\"nofollow noopener\" target=\"_blank\"><\/p>\n<p>\nAmazing Race Suomi\n<\/p>\n<p class=\"section-date\">\n        <strong class=\"article-section\" data-section=\"katso\"><br \/>\n            katso<br \/>\n        <\/strong><br \/>\n        28.11. 11:15\n    <\/p>\n<p>Amazing Race Suomi: Tuotanto paljastaa tiukat s\u00e4\u00e4nn\u00f6t\n    <\/p>\n<p itemprop=\"description\" class=\"subtitle \">\n    Mit\u00e4 tapahtuu Amazing Race Suomessa jaetuille rahoille? Ent\u00e4 saavatko kilpailijat k\u00e4ytt\u00e4\u00e4 puhelimiaan vapaa-ajallaan?\n<\/p>\n<p>        <\/a><\/p>\n<p><script async src=\"\/\/www.instagram.com\/embed.js\"><\/script><\/p>\n","protected":false},"excerpt":{"rendered":"Sanoma Usean kilpailijan sairastuminen her\u00e4tt\u00e4\u00e4 my\u00f6s \u00e4rtymyst\u00e4 ja paheksuntaa. Amazing Race Suomi -kisassa mukana olevien kilpailijoiden terveysongelmat ja&hellip;\n","protected":false},"author":2,"featured_media":106134,"comment_status":"","ping_status":"","sticky":false,"template":"","format":"standard","meta":{"footnotes":""},"categories":[130],"tags":[3177,137,16092,33,31,30,3083,16091,9635,8472,1758,8156,19445,2158,32,4415,109],"class_list":{"0":"post-106133","1":"post","2":"type-post","3":"status-publish","4":"format-standard","5":"has-post-thumbnail","7":"category-viihde","8":"tag-amazing-race-suomi","9":"tag-entertainment","10":"tag-esko-rotola-pukkila","11":"tag-fi","12":"tag-finland","13":"tag-finnish","14":"tag-hygienia","15":"tag-jaakko-parkkali","16":"tag-jodel","17":"tag-mari-perankoski","18":"tag-nelonen","19":"tag-nina-tapio","20":"tag-ripuli","21":"tag-ruutu","22":"tag-suomi","23":"tag-terveysongelmat","24":"tag-viihde"},"share_on_mastodon":{"url":"https:\/\/pubeurope.com\/@fi\/115652615618230119","error":""},"_links":{"self":[{"href":"https:\/\/www.europesays.com\/fi\/wp-json\/wp\/v2\/posts\/106133","targetHints":{"allow":["GET"]}}],"collection":[{"href":"https:\/\/www.europesays.com\/fi\/wp-json\/wp\/v2\/posts"}],"about":[{"href":"https:\/\/www.europesays.com\/fi\/wp-json\/wp\/v2\/types\/post"}],"author":[{"embeddable":true,"href":"https:\/\/www.europesays.com\/fi\/wp-json\/wp\/v2\/users\/2"}],"replies":[{"embeddable":true,"href":"https:\/\/www.europesays.com\/fi\/wp-json\/wp\/v2\/comments?post=106133"}],"version-history":[{"count":0,"href":"https:\/\/www.europesays.com\/fi\/wp-json\/wp\/v2\/posts\/106133\/revisions"}],"wp:featuredmedia":[{"embeddable":true,"href":"https:\/\/www.europesays.com\/fi\/wp-json\/wp\/v2\/media\/106134"}],"wp:attachment":[{"href":"https:\/\/www.europesays.com\/fi\/wp-json\/wp\/v2\/media?parent=106133"}],"wp:term":[{"taxonomy":"category","embeddable":true,"href":"https:\/\/www.europesays.com\/fi\/wp-json\/wp\/v2\/categories?post=106133"},{"taxonomy":"post_tag","embeddable":true,"href":"https:\/\/www.europesays.com\/fi\/wp-json\/wp\/v2\/tags?post=106133"}],"curies":[{"name":"wp","href":"https:\/\/api.w.org\/{rel}","templated":true}]}}