{"id":106135,"date":"2025-12-02T23:42:21","date_gmt":"2025-12-02T23:42:21","guid":{"rendered":"https:\/\/www.europesays.com\/fi\/106135\/"},"modified":"2025-12-02T23:42:21","modified_gmt":"2025-12-02T23:42:21","slug":"nyt-puuhataan-jatesakkoa-jopa-175-miljoonaa-euroa-vilahtaa-puheissa","status":"publish","type":"post","link":"https:\/\/www.europesays.com\/fi\/106135\/","title":{"rendered":"Nyt puuhataan j\u00e4tesakkoa &#8211; jopa 175 miljoonaa euroa vilahtaa puheissa"},"content":{"rendered":"<p>S\u00e4hk\u00f6- ja elektroniikkalaiteromun eli SER-romun ker\u00e4ysaste on Suomessa 46 prosenttia.<\/p>\n<p>EU:n asettama tavoite on 65 prosenttia. <\/p>\n<p>K\u00e4yt\u00f6st\u00e4 poistuneita laitteita ker\u00e4t\u00e4\u00e4n vuosittain Suomessa noin 74 000 tonnia, mutta tilastojen valossa saman verran laitteita j\u00e4\u00e4 ker\u00e4\u00e4m\u00e4tt\u00e4.<\/p>\n<p>EU:n komissio ehdottaa nyt ratkaisuksi niin kutsuttua omavaramaksua, jonka suuruus voisi olla Suomelle jopa 175 miljoonaa euroa vuodessa. Maksun on tarkoitus kannustaa j\u00e4senvaltioita tehostamaan laitteiden ker\u00e4yst\u00e4, ja se tulee maksettavaksi, jos parlamentti hyv\u00e4ksyy komission ehdotuksen. Toisena keinona komissio ehdottaa, ett\u00e4 kuluttajille maksettaisiin s\u00e4hk\u00f6- ja elektroniikkalaitteiden palauttamisesta ker\u00e4yspisteelle.<\/p>\n<p>S\u00e4hk\u00f6laitteiden ker\u00e4yksest\u00e4 ja kierr\u00e4tyksest\u00e4 vastaavat tuottajayhteis\u00f6t suhtautuvat EU:n komission keinoihin kriittisesti. Niiden mukaan vaikka laitteita ker\u00e4tt\u00e4isiin ihmisten kotiovilta, ker\u00e4ysastetta ei saavuteta. <\/p>\n<p>Syy on laskentatavassa. Sit\u00e4 tulisi muuttaa.<\/p>\n<p>Se-laitteiden eli s\u00e4hk\u00f6- ja elektroniikkalaitteiden ker\u00e4ysaste lasketaan vertaamalla ker\u00e4ykseen palautettujen laitteiden m\u00e4\u00e4r\u00e4\u00e4 kolmen edellisen vuoden aikana markkinoille toimitettujen laitteiden m\u00e4\u00e4r\u00e4\u00e4n. Moni seikka kuitenkin v\u00e4\u00e4rist\u00e4\u00e4 laskennan lopputulosta. Todellisuudessa se-laitteet kiert\u00e4v\u00e4t Suomessa tehokkaasti, mutta iso osa ei p\u00e4\u00e4dy virallisiin tilastoihin<\/p>\n<p>Viime vuosina on esimerkiksi otettu k\u00e4ytt\u00f6\u00f6n paljon uutta, painavaa teknologiaa, kuten aurinkopaneeleja ja ilmal\u00e4mp\u00f6pumppuja, jotka eiv\u00e4t korvaa aikaisemmin k\u00e4yt\u00f6ss\u00e4 olleita tuotteita. Ne palautuvat ker\u00e4yspisteille vasta vuosikymmenien kuluttua, mutta vet\u00e4v\u00e4t ker\u00e4ysastetta alas t\u00e4ll\u00e4 hetkell\u00e4. My\u00f6sk\u00e4\u00e4n ulkomaille viet\u00e4v\u00e4t k\u00e4ytetyt laitteet, kuten s\u00e4hk\u00f6potkulaudat kauden p\u00e4\u00e4tteeksi, ja purettuina kierr\u00e4tykseen p\u00e4\u00e4tyv\u00e4t laitteet eiv\u00e4t tilastoidu Suomessa.<\/p>\n<p>Alan mielest\u00e4 tuntuukin kohtuuttomalta, ett\u00e4 Suomea rankaistaisiin sellaisten tuotteiden ker\u00e4\u00e4m\u00e4tt\u00f6myydest\u00e4, joita ei todellisuudessa ole voinut ker\u00e4t\u00e4.<\/p>\n<p>Lue my\u00f6s: <a href=\"https:\/\/www.como.fi\/tilaa-comon-uutiskirje\/\" title=\"Tilaa Comon uutiskirje ja tied\u00e4t mist\u00e4 kahvitauolla puhutaan! Nappaa kotimaan tv-vinkit ja puheenaiheet suoraan s\u00e4hk\u00f6postiin t\u00e4st\u00e4.\" class=\"underline-custom !font-montserrat !font-bold !underline-offset-4 !decoration-4 !decoration-red-600 !text-md\" rel=\"nofollow noopener\" target=\"_blank\">Tilaa Comon uutiskirje ja tied\u00e4t mist\u00e4 kahvitauolla puhutaan! Nappaa kotimaan tv-vinkit ja puheenaiheet suoraan s\u00e4hk\u00f6postiin t\u00e4st\u00e4.<\/a><\/p>\n","protected":false},"excerpt":{"rendered":"S\u00e4hk\u00f6- ja elektroniikkalaiteromun eli SER-romun ker\u00e4ysaste on Suomessa 46 prosenttia. EU:n asettama tavoite on 65 prosenttia. K\u00e4yt\u00f6st\u00e4 poistuneita&hellip;\n","protected":false},"author":2,"featured_media":106136,"comment_status":"","ping_status":"","sticky":false,"template":"","format":"standard","meta":{"footnotes":""},"categories":[76],"tags":[79,77,33,31,30,3925,32,78],"class_list":{"0":"post-106135","1":"post","2":"type-post","3":"status-publish","4":"format-standard","5":"has-post-thumbnail","7":"category-talous","8":"tag-business","9":"tag-economy","10":"tag-fi","11":"tag-finland","12":"tag-finnish","13":"tag-kuluttaja","14":"tag-suomi","15":"tag-talous"},"share_on_mastodon":{"url":"https:\/\/pubeurope.com\/@fi\/115652627440644094","error":""},"_links":{"self":[{"href":"https:\/\/www.europesays.com\/fi\/wp-json\/wp\/v2\/posts\/106135","targetHints":{"allow":["GET"]}}],"collection":[{"href":"https:\/\/www.europesays.com\/fi\/wp-json\/wp\/v2\/posts"}],"about":[{"href":"https:\/\/www.europesays.com\/fi\/wp-json\/wp\/v2\/types\/post"}],"author":[{"embeddable":true,"href":"https:\/\/www.europesays.com\/fi\/wp-json\/wp\/v2\/users\/2"}],"replies":[{"embeddable":true,"href":"https:\/\/www.europesays.com\/fi\/wp-json\/wp\/v2\/comments?post=106135"}],"version-history":[{"count":0,"href":"https:\/\/www.europesays.com\/fi\/wp-json\/wp\/v2\/posts\/106135\/revisions"}],"wp:featuredmedia":[{"embeddable":true,"href":"https:\/\/www.europesays.com\/fi\/wp-json\/wp\/v2\/media\/106136"}],"wp:attachment":[{"href":"https:\/\/www.europesays.com\/fi\/wp-json\/wp\/v2\/media?parent=106135"}],"wp:term":[{"taxonomy":"category","embeddable":true,"href":"https:\/\/www.europesays.com\/fi\/wp-json\/wp\/v2\/categories?post=106135"},{"taxonomy":"post_tag","embeddable":true,"href":"https:\/\/www.europesays.com\/fi\/wp-json\/wp\/v2\/tags?post=106135"}],"curies":[{"name":"wp","href":"https:\/\/api.w.org\/{rel}","templated":true}]}}