{"id":106137,"date":"2025-12-02T23:43:11","date_gmt":"2025-12-02T23:43:11","guid":{"rendered":"https:\/\/www.europesays.com\/fi\/106137\/"},"modified":"2025-12-02T23:43:11","modified_gmt":"2025-12-02T23:43:11","slug":"cnn-trump-uhkaa-venezuelaa-pian-alkavilla-iskuilla-ulkoministerio-kehottaa-valttamaan-kaikkea-matkustamista-maahan","status":"publish","type":"post","link":"https:\/\/www.europesays.com\/fi\/106137\/","title":{"rendered":"CNN: Trump uhkaa Venezuelaa pian alkavilla iskuilla \u2013\u202fUlkoministeri\u00f6 kehottaa v\u00e4ltt\u00e4m\u00e4\u00e4n kaikkea matkustamista maahan"},"content":{"rendered":"<p>    <img decoding=\"async\" class=\"responsive-image article__image-image lozad\"   src=\"https:\/\/www.europesays.com\/fi\/wp-content\/uploads\/2025\/12\/ojCnerj90JIH_KVDuW19wWl7x_6Fkt9lzqemJ2kcldADR3NuQgIKPh74s_0_eqYtqnxJ34BGxkArgKxa15x6K86yL9h0YK3MdlKN.jpeg\" alt=\"Suomen ulkoministeri\u00f6 kehottaa v\u00e4ltt\u00e4m\u00e4\u00e4n kaikkea matkustamista Venzuelaan. Kuvassa Simon Bolivarin kansainv\u00e4linen lentokentt\u00e4 Venezuelan Maiquetiassa.\"\/><\/p>\n<p>\n                Suomen ulkoministeri\u00f6 kehottaa v\u00e4ltt\u00e4m\u00e4\u00e4n kaikkea matkustamista Venzuelaan. Kuvassa Simon Bolivarin kansainv\u00e4linen lentokentt\u00e4 Venezuelan Maiquetiassa.\n              <\/p>\n<p>\n                Kuva: Federico Parra \/ AFP \/ Lehtikuva\n              <\/p>\n<p class=\"article__paragraph\">\n      Yhdysvaltain presidentti Donald Trump sanoi tiistaina j\u00e4rjestetyss\u00e4 kabinettikokouksessa Yhdysvaltojen aloittavan pian iskut Venezuelaan, uutisoi uutiskanava <a href=\"https:\/\/edition.cnn.com\/world\/live-news\/trump-ukraine-russia-venezuela-12-02-2025?post-id=cmiox9pvf00003b6nstva0n9q\" rel=\"nofollow noopener\" target=\"_blank\">CNN<\/a>.\n    <\/p>\n<p class=\"article__paragraph\">\n      Yhdysvaltojen kohteena ovat v\u00e4itetyt huumeiden salakuljettajat. Trumpin mukaan Yhdysvallat tiet\u00e4\u00e4, miss\u00e4 n\u00e4m\u00e4 v\u00e4itetyt salakuljettajat asuvat.\n    <\/p>\n<p class=\"article__paragraph\">\n      Yhdysvallat on tehnyt Karibianmerell\u00e4 useita iskuja veneisiin, joita on v\u00e4itetysti k\u00e4ytetty huumeiden salakuljettamiseen Yhdysvaltoihin. Iskuissa on kuollut useita kymmeni\u00e4 ihmisi\u00e4.\n    <\/p>\n<p class=\"article__paragraph\">\n      Trump on uhkaillut Yhdysvaltojen iskuilla Venezuelaan jo viikkojen ajan.\n    <\/p>\n<p>      Suomen ulkoministeri\u00f6 kehottaa v\u00e4ltt\u00e4m\u00e4\u00e4n matkustamista<\/p>\n<p class=\"article__paragraph\">\n      Suomen ulkoministeri\u00f6 suosittelee v\u00e4ltt\u00e4m\u00e4\u00e4n kaikkea matkustamista Venezuelaan toistaiseksi. Ulkoministeri\u00f6 p\u00e4ivitti tiistaina <a href=\"https:\/\/um.fi\/matkustustiedote\/-\/c\/VE#Turvallisuustaso\" rel=\"nofollow noopener\" target=\"_blank\">Venezuelan-matkustustiedotettaan<\/a>.\n    <\/p>\n<p class=\"article__paragraph\">\n      Etel\u00e4-Amerikan Venezuelassa on viime kuukausien aikana raportoitu useista joukkopid\u00e4tyksist\u00e4 ja ulkomaalaisten pid\u00e4tyksist\u00e4. Ne ovat tapahtuneet p\u00e4\u00e4asiassa p\u00e4\u00e4kaupunki Caracasissa.\n    <\/p>\n<p class=\"article__paragraph\">\n      Suomen ulkoministeri\u00f6 kehottaa my\u00f6s v\u00e4ltt\u00e4m\u00e4\u00e4n kokoontumisia tai mielenosoituksia. Mielenosoitukset voivat muuttua nopeasti v\u00e4kivaltaisiksi ja johtaa yhteenottoihin poliisin tai asevoimien kanssa.\n    <\/p>\n<p class=\"article__paragraph\">\n      Suomen ulkoministeri\u00f6 sanoo, ett\u00e4 edustuston mahdollisuudet avustamiseen ovat v\u00e4h\u00e4isi\u00e4.\n    <\/p>\n<p class=\"article__paragraph\">\n      Matkustustiedotteessa tuodaan esiin, ett\u00e4 lentoliikenteess\u00e4 on ajoittaisia h\u00e4iri\u00f6it\u00e4 ja ett\u00e4 kaupalliset lennot saattavat keskeyty\u00e4 ilman ennakkovaroituksia.\n    <\/p>\n<p class=\"article__paragraph\">\n      Viikonloppuna Yhdysvaltain presidentti Trump ilmoitti haluavansa lentoliikenteen lakkaavan Venezuelan ja sen ymp\u00e4rist\u00f6n ilmatilassa. H\u00e4n osoitti viestins\u00e4 kaikille lentoyhti\u00f6ille ja maan ilmatilan k\u00e4ytt\u00e4jille.\n    <\/p>\n<p>      Sotavoimaa Karibianmerelle<\/p>\n<p class=\"article__paragraph\">\n      Yhdysvallat on keskitt\u00e4nyt syksyn mittaan Karibianmerelle niin paljon sotavoimaa, ettei vastaavaa ole n\u00e4hty sitten Kuuban ohjuskriisin 1960-luvulla.\n    <\/p>\n<p class=\"article__paragraph\">\n      Monien asiantuntijoiden mukaan huumeet ovat vain tekosyy sotavoimalle alueella, ja Trumpia kiinnostaa Venezuelassa todellisuudessa \u00f6ljy. YK:n <a href=\"https:\/\/edition.cnn.com\/2025\/09\/01\/americas\/trump-venezuela-maduro-drug-threat-analysis-intl-latam\" target=\"_blank\" rel=\"nofollow noopener\">mukaan<\/a> Venezuela ei tuota itse kokaiinia, ja Yhdysvaltain omienkin viranomaisten mukaan valtaosa maahan tulevasta kokaiinista on per\u00e4isin Kolumbiasta.\n    <\/p>\n<p class=\"article__note\">\n      L\u00e4hteen\u00e4 my\u00f6s uutistoimisto AFP.\n    <\/p>\n","protected":false},"excerpt":{"rendered":"Suomen ulkoministeri\u00f6 kehottaa v\u00e4ltt\u00e4m\u00e4\u00e4n kaikkea matkustamista Venzuelaan. Kuvassa Simon Bolivarin kansainv\u00e4linen lentokentt\u00e4 Venezuelan Maiquetiassa. Kuva: Federico Parra \/&hellip;\n","protected":false},"author":2,"featured_media":106138,"comment_status":"","ping_status":"","sticky":false,"template":"","format":"standard","meta":{"footnotes":""},"categories":[14],"tags":[22,23,26,27,33,31,30,17,24,25,28,29,15,18,21,32,19,20,56,16,59,60,61],"class_list":{"0":"post-106137","1":"post","2":"type-post","3":"status-publish","4":"format-standard","5":"has-post-thumbnail","7":"category-ulkomaat","8":"tag-breaking-news","9":"tag-breakingnews","10":"tag-featured-news","11":"tag-featurednews","12":"tag-fi","13":"tag-finland","14":"tag-finnish","15":"tag-headlines","16":"tag-latest-news","17":"tag-latestnews","18":"tag-main-news","19":"tag-mainnews","20":"tag-news","21":"tag-otsikot","22":"tag-paauutiset","23":"tag-suomi","24":"tag-top-stories","25":"tag-topstories","26":"tag-ulkomaat","27":"tag-uutiset","28":"tag-world","29":"tag-world-news","30":"tag-worldnews"},"share_on_mastodon":{"url":"https:\/\/pubeurope.com\/@fi\/115652631662895014","error":""},"_links":{"self":[{"href":"https:\/\/www.europesays.com\/fi\/wp-json\/wp\/v2\/posts\/106137","targetHints":{"allow":["GET"]}}],"collection":[{"href":"https:\/\/www.europesays.com\/fi\/wp-json\/wp\/v2\/posts"}],"about":[{"href":"https:\/\/www.europesays.com\/fi\/wp-json\/wp\/v2\/types\/post"}],"author":[{"embeddable":true,"href":"https:\/\/www.europesays.com\/fi\/wp-json\/wp\/v2\/users\/2"}],"replies":[{"embeddable":true,"href":"https:\/\/www.europesays.com\/fi\/wp-json\/wp\/v2\/comments?post=106137"}],"version-history":[{"count":0,"href":"https:\/\/www.europesays.com\/fi\/wp-json\/wp\/v2\/posts\/106137\/revisions"}],"wp:featuredmedia":[{"embeddable":true,"href":"https:\/\/www.europesays.com\/fi\/wp-json\/wp\/v2\/media\/106138"}],"wp:attachment":[{"href":"https:\/\/www.europesays.com\/fi\/wp-json\/wp\/v2\/media?parent=106137"}],"wp:term":[{"taxonomy":"category","embeddable":true,"href":"https:\/\/www.europesays.com\/fi\/wp-json\/wp\/v2\/categories?post=106137"},{"taxonomy":"post_tag","embeddable":true,"href":"https:\/\/www.europesays.com\/fi\/wp-json\/wp\/v2\/tags?post=106137"}],"curies":[{"name":"wp","href":"https:\/\/api.w.org\/{rel}","templated":true}]}}