{"id":106139,"date":"2025-12-02T23:44:09","date_gmt":"2025-12-02T23:44:09","guid":{"rendered":"https:\/\/www.europesays.com\/fi\/106139\/"},"modified":"2025-12-02T23:44:09","modified_gmt":"2025-12-02T23:44:09","slug":"useita-loukkaantunut-viitostien-onnettomuudessa","status":"publish","type":"post","link":"https:\/\/www.europesays.com\/fi\/106139\/","title":{"rendered":"Useita loukkaantunut Viitostien onnettomuudessa"},"content":{"rendered":"<p>Onnettomuus tapahtui Viitostiell\u00e4 P\u00f6lj\u00e4n kohdalla. <\/p>\n<p><img decoding=\"async\" class=\"image image-show image-preview\" src=\"https:\/\/www.europesays.com\/fi\/wp-content\/uploads\/2025\/11\/51a4510eaf4b5ff94962a3844f064d075c3be096b50b6924c84aff70963ee765.jpg\" alt=\"\"\/><img decoding=\"async\" class=\"image image-show\" src=\"https:\/\/www.europesays.com\/fi\/wp-content\/uploads\/2025\/11\/1764346210_703_51a4510eaf4b5ff94962a3844f064d075c3be096b50b6924c84aff70963ee765.jpg\" alt=\"\"\/><\/p>\n<p>Kuvituskuva. Sami Kuusivirta<\/p>\n<p><a href=\"https:\/\/www.iltalehti.fi\/kirjoittajat\/Heini Kilpam\u00e4ki\" rel=\"nofollow noopener\" target=\"_blank\"><img decoding=\"async\" class=\"author-image-img\" alt=\"Tekij\u00e4n kuva\" src=\"https:\/\/www.europesays.com\/fi\/wp-content\/uploads\/2025\/12\/6fd0c89942b46b97ee3a68bc0c9d2733434d632efb58b4c9a478a145b952de44.png\"\/><\/a><a href=\"https:\/\/www.iltalehti.fi\/kirjoittajat\/Manu Saarela\" rel=\"nofollow noopener\" target=\"_blank\"><img decoding=\"async\" class=\"author-image-img\" alt=\"Tekij\u00e4n kuva\" src=\"https:\/\/www.europesays.com\/fi\/wp-content\/uploads\/2025\/10\/a6b93faf4603bdc56ec7f0d5ec0d746df77d8d77424bd618bd7ec4dfa87ab2f2.png\"\/><\/a><\/p>\n<p>Eilen klo 10:25 (p\u00e4ivitetty eilen klo 11:05)<\/p>\n<p class=\"paragraph\">Siilinj\u00e4rvell\u00e4 Vitostiell\u00e4 on tapahtunut usean auton onnettomuus. Tie on t\u00e4ll\u00e4 hetkell\u00e4 kokonaan poikki.<\/p>\n<p class=\"paragraph\">Pelastuslaitoksen mukaan onnettomuudessa olleissa ajoneuvoissa oli yhteens\u00e4 nelj\u00e4 henkil\u00f6\u00e4, joista yksi loukkaantui vakavasti ja kolme liev\u00e4sti.<\/p>\n<p class=\"paragraph\">Onnettomuudessa oli osallisena kaksi henkil\u00f6autoa ja yksi pakettiauto.<\/p>\n<p class=\"paragraph\">Poliisi ohjaa liikennett\u00e4 onnettomuuspaikan ohi viereisen levikkeen kautta.<\/p>\n<p class=\"paragraph\">H\u00e4t\u00e4keskus sai ilmoituksen onnettomuudesta kello 10. Paikalla on useita pelastuslaitoksen, ensihoidon ja poliisin yksik\u00f6it\u00e4.<\/p>\n<p class=\"paragraph\">Juttu p\u00e4ivittyy.<\/p>\n","protected":false},"excerpt":{"rendered":"Onnettomuus tapahtui Viitostiell\u00e4 P\u00f6lj\u00e4n kohdalla. Kuvituskuva. Sami Kuusivirta Eilen klo 10:25 (p\u00e4ivitetty eilen klo 11:05) Siilinj\u00e4rvell\u00e4 Vitostiell\u00e4 on&hellip;\n","protected":false},"author":2,"featured_media":102507,"comment_status":"","ping_status":"","sticky":false,"template":"","format":"standard","meta":{"footnotes":""},"categories":[12],"tags":[35,22,23,26,27,33,31,30,17,24,25,121,28,29,15,120,18,21,122,54,103,32,19,20,16],"class_list":{"0":"post-106139","1":"post","2":"type-post","3":"status-publish","4":"format-standard","5":"has-post-thumbnail","7":"category-suomi","8":"tag-24h","9":"tag-breaking-news","10":"tag-breakingnews","11":"tag-featured-news","12":"tag-featurednews","13":"tag-fi","14":"tag-finland","15":"tag-finnish","16":"tag-headlines","17":"tag-latest-news","18":"tag-latestnews","19":"tag-liikenne-ja-kuljetus","20":"tag-main-news","21":"tag-mainnews","22":"tag-news","23":"tag-onnettomuustapaus","24":"tag-otsikot","25":"tag-paauutiset","26":"tag-pelastaminen","27":"tag-pelastuspalvelut","28":"tag-sosiaalikysymykset","29":"tag-suomi","30":"tag-top-stories","31":"tag-topstories","32":"tag-uutiset"},"share_on_mastodon":{"url":"https:\/\/pubeurope.com\/@fi\/115652635592023549","error":""},"_links":{"self":[{"href":"https:\/\/www.europesays.com\/fi\/wp-json\/wp\/v2\/posts\/106139","targetHints":{"allow":["GET"]}}],"collection":[{"href":"https:\/\/www.europesays.com\/fi\/wp-json\/wp\/v2\/posts"}],"about":[{"href":"https:\/\/www.europesays.com\/fi\/wp-json\/wp\/v2\/types\/post"}],"author":[{"embeddable":true,"href":"https:\/\/www.europesays.com\/fi\/wp-json\/wp\/v2\/users\/2"}],"replies":[{"embeddable":true,"href":"https:\/\/www.europesays.com\/fi\/wp-json\/wp\/v2\/comments?post=106139"}],"version-history":[{"count":0,"href":"https:\/\/www.europesays.com\/fi\/wp-json\/wp\/v2\/posts\/106139\/revisions"}],"wp:featuredmedia":[{"embeddable":true,"href":"https:\/\/www.europesays.com\/fi\/wp-json\/wp\/v2\/media\/102507"}],"wp:attachment":[{"href":"https:\/\/www.europesays.com\/fi\/wp-json\/wp\/v2\/media?parent=106139"}],"wp:term":[{"taxonomy":"category","embeddable":true,"href":"https:\/\/www.europesays.com\/fi\/wp-json\/wp\/v2\/categories?post=106139"},{"taxonomy":"post_tag","embeddable":true,"href":"https:\/\/www.europesays.com\/fi\/wp-json\/wp\/v2\/tags?post=106139"}],"curies":[{"name":"wp","href":"https:\/\/api.w.org\/{rel}","templated":true}]}}