{"id":106140,"date":"2025-12-02T23:45:07","date_gmt":"2025-12-02T23:45:07","guid":{"rendered":"https:\/\/www.europesays.com\/fi\/106140\/"},"modified":"2025-12-02T23:45:07","modified_gmt":"2025-12-02T23:45:07","slug":"suomalaislupaukselle-lahtopassit-nhlsta-iltalehti","status":"publish","type":"post","link":"https:\/\/www.europesays.com\/fi\/106140\/","title":{"rendered":"Suomalaislupaukselle l\u00e4ht\u00f6passit NHL:st\u00e4 &#8211; Iltalehti"},"content":{"rendered":"<ol>\n<li><a href=\"https:\/\/news.google.com\/rss\/articles\/CBMidkFVX3lxTE5TTXN3ZW5yQ0NRMi1GaUE4b1lwdXhRY0FmeGRaYVhWSVpKRkNkWFBFUkFKV1NfamRMZ04wZWhrYmdGcUFMZEdlU2VSZEQ3ZGtsaUFsMjJJcFBKV1l3MW8zMDVXRFhYSWtrRXM3cVlOM2VYbmpSOHc?oc=5\" target=\"_blank\" rel=\"nofollow noopener\">Suomalaislupaukselle l\u00e4ht\u00f6passit NHL:st\u00e4<\/a>&nbsp;&nbsp;Iltalehti<\/li>\n<li><a href=\"https:\/\/news.google.com\/rss\/articles\/CBMiV0FVX3lxTFBrSWtYYWJmeDh5Z0RJanZnM3FhRExpZWNFb0tXT0JDZGVLcEp6S1UwcGtZZWg3VnhzaFJhRVVRY1ZKblUtcFJzNEo4RGRhaHhQekgxTV9Jbw?oc=5\" target=\"_blank\" rel=\"nofollow noopener\">Suomen NHL-lupauksen sopimus revit\u00e4\u00e4n<\/a>&nbsp;&nbsp;Ilta-Sanomat<\/li>\n<li><a href=\"https:\/\/news.google.com\/rss\/articles\/CBMiqwFBVV95cUxPT2tlOEVnV0s2ZXZUR3BQeXhIWHlXMlpVR1JIVHNLTjNacVh2b3RWRnB5M2pGT01NSnlHa0NZY0FQZl94Y3JaSElfTm1UM0hUeUdoX0JKWFI3Zml3WkZqYWh0YXpCSHk0eWFuc1l1UzFHWFF3SkIxZzNzUjlhYU1kZEdlZTJSY1lQLTl2MzQ4ZUlvTEx0MTFyRWg5bDJOSXljei1Sci16RnN1UDg?oc=5\" target=\"_blank\" rel=\"nofollow noopener\">Liigasta tutulle suomalaist\u00e4hdelle l\u00e4ht\u00f6passit NHL:ss\u00e4 \u2013 sopimus puretaan!<\/a>&nbsp;&nbsp;SuomiKiekko<\/li>\n<li><a href=\"https:\/\/news.google.com\/rss\/articles\/CBMijgFBVV95cUxNWktoTlFYSE5xa2tLS1BMSkRoYmd3OUdjUHJQOWJBQ09jSWxrcVBJd2tTVmc1Y2lyOWVsVWhqQVBMd1c1OHVTT0pqQzM4d1AxbGpQTFF1a0pOMXJLdVItZWtYVEdrS0pKMlFPNnVialBFMmV3V3FlamhiX2NuUUZBQXpZaWpyeXg5YUhsYlJn?oc=5\" target=\"_blank\" rel=\"nofollow noopener\">Olli Jokisen luottomiehelle n\u00e4ytettiin NHL:ss\u00e4 ovea<\/a>&nbsp;&nbsp;Sportti.com<\/li>\n<li><a href=\"https:\/\/news.google.com\/rss\/articles\/CBMiiwFBVV95cUxQdHBsd2ZCOUthcmFxRnFEaGN0OWx3bjVTbzM0MXRZSE01MHFUTURBc3Vxa09uWXVpVkw2RjhUc25Tb2VOaTNsMVpDTVdoNHkxVnROeDVWZ1hnQ19RUkQ3azEwRkhKVk43Mm1xbFlTTEFQdVRHay15c21aUnZncFNaRWJzbGpINWdOVmxB?oc=5\" target=\"_blank\" rel=\"nofollow noopener\">Tampa Bay Lightning haluaa Jukurien ex-t\u00e4hdest\u00e4 eroon<\/a>&nbsp;&nbsp;KiekkoUutiset.fi<\/li>\n<\/ol>\n","protected":false},"excerpt":{"rendered":"Suomalaislupaukselle l\u00e4ht\u00f6passit NHL:st\u00e4&nbsp;&nbsp;Iltalehti Suomen NHL-lupauksen sopimus revit\u00e4\u00e4n&nbsp;&nbsp;Ilta-Sanomat Liigasta tutulle suomalaist\u00e4hdelle l\u00e4ht\u00f6passit NHL:ss\u00e4 \u2013 sopimus puretaan!&nbsp;&nbsp;SuomiKiekko Olli Jokisen luottomiehelle&hellip;\n","protected":false},"author":2,"featured_media":106141,"comment_status":"","ping_status":"","sticky":false,"template":"","format":"standard","meta":{"footnotes":""},"categories":[5],"tags":[35,1144,1274,22,23,26,27,33,31,30,17,1143,24,25,28,29,1146,15,18,21,32,1145,19,20,16],"class_list":{"0":"post-106140","1":"post","2":"type-post","3":"status-publish","4":"format-standard","5":"has-post-thumbnail","7":"category-otsikot","8":"tag-24h","9":"tag-ammattilaisjaakiekko","10":"tag-ammattiurheilu","11":"tag-breaking-news","12":"tag-breakingnews","13":"tag-featured-news","14":"tag-featurednews","15":"tag-fi","16":"tag-finland","17":"tag-finnish","18":"tag-headlines","19":"tag-jaakiekko","20":"tag-latest-news","21":"tag-latestnews","22":"tag-main-news","23":"tag-mainnews","24":"tag-miesten-jaakiekko","25":"tag-news","26":"tag-otsikot","27":"tag-paauutiset","28":"tag-suomi","29":"tag-talviurheilu","30":"tag-top-stories","31":"tag-topstories","32":"tag-uutiset"},"share_on_mastodon":{"url":"https:\/\/pubeurope.com\/@fi\/115652639048425522","error":""},"_links":{"self":[{"href":"https:\/\/www.europesays.com\/fi\/wp-json\/wp\/v2\/posts\/106140","targetHints":{"allow":["GET"]}}],"collection":[{"href":"https:\/\/www.europesays.com\/fi\/wp-json\/wp\/v2\/posts"}],"about":[{"href":"https:\/\/www.europesays.com\/fi\/wp-json\/wp\/v2\/types\/post"}],"author":[{"embeddable":true,"href":"https:\/\/www.europesays.com\/fi\/wp-json\/wp\/v2\/users\/2"}],"replies":[{"embeddable":true,"href":"https:\/\/www.europesays.com\/fi\/wp-json\/wp\/v2\/comments?post=106140"}],"version-history":[{"count":0,"href":"https:\/\/www.europesays.com\/fi\/wp-json\/wp\/v2\/posts\/106140\/revisions"}],"wp:featuredmedia":[{"embeddable":true,"href":"https:\/\/www.europesays.com\/fi\/wp-json\/wp\/v2\/media\/106141"}],"wp:attachment":[{"href":"https:\/\/www.europesays.com\/fi\/wp-json\/wp\/v2\/media?parent=106140"}],"wp:term":[{"taxonomy":"category","embeddable":true,"href":"https:\/\/www.europesays.com\/fi\/wp-json\/wp\/v2\/categories?post=106140"},{"taxonomy":"post_tag","embeddable":true,"href":"https:\/\/www.europesays.com\/fi\/wp-json\/wp\/v2\/tags?post=106140"}],"curies":[{"name":"wp","href":"https:\/\/api.w.org\/{rel}","templated":true}]}}