{"id":106144,"date":"2025-12-02T23:57:13","date_gmt":"2025-12-02T23:57:13","guid":{"rendered":"https:\/\/www.europesays.com\/fi\/106144\/"},"modified":"2025-12-02T23:57:13","modified_gmt":"2025-12-02T23:57:13","slug":"tanskan-kreivi-nikolai-tekee-uuden-aluevaltauksen","status":"publish","type":"post","link":"https:\/\/www.europesays.com\/fi\/106144\/","title":{"rendered":"Tanskan kreivi Nikolai tekee uuden aluevaltauksen"},"content":{"rendered":"<p>            AOP\n        <\/p>\n<p class=\"subtitle \">Entinen prinssi ja nykyinen kreivi Nikolai p\u00e4\u00e4see suurtuotantoon. Esiintymiskokemusta on jo malliuran puolesta.<\/p>\n<p class=\"article-content article-content-width !bg-background\">Tanskan prinssi  poika, nykyinen kreivi  sai hiljattain hyvi\u00e4 uutisia. Kansainv\u00e4lisen\u00e4 mallina kunnostautunut nuorimies on kiinnitetty elokuvarooliin uudessa suurelokuvassa.\u00a0<\/p>\n<p class=\"article-content article-content-width !bg-background\">Kyseess\u00e4 on viime vuosisadan alun ruotsalaisen romaanin Tohtori Glas\u00a0filmatisoinnista. Uutuuselokuva sijoittuu t\u00e4m\u00e4n p\u00e4iv\u00e4n Tukholmaan. Kyseess\u00e4 on yksi elokuvan keskeisist\u00e4 rooleista.<\/p>\n<p>        <a itemprop=\"url\" href=\"https:\/\/www.seiska.fi\/kuninkaalliset\/tanskan-tittelikohu-puhuttaa-paluu-edessa\/1904575\" rel=\"nofollow noopener\" target=\"_blank\"><\/p>\n<p>\nTittelikohu\n<\/p>\n<p class=\"section-date\">\n        <strong class=\"article-section\" data-section=\"kuninkaalliset\"><br \/>\n            kuninkaalliset<br \/>\n        <\/strong><br \/>\n        20.8. 18:00\n    <\/p>\n<p>Tanskan tittelikohu puhuttaa \u2013 paluu edess\u00e4?\n    <\/p>\n<p itemprop=\"description\" class=\"subtitle \">\n    Tanskan titteleitt\u00e4 j\u00e4\u00e4neet kuninkaalliset tekiv\u00e4t yll\u00e4tt\u00e4v\u00e4n paluun.\n<\/p>\n<p>        <\/a><\/p>\n<p>                <img decoding=\"async\" src=\"https:\/\/www.europesays.com\/fi\/wp-content\/uploads\/2025\/12\/2009491.webp\" width=\"576\" height=\"322\" alt=\"Nikolai haluttiin mukaan ruotsalaiselokuvan n\u00e4yttelij\u00e4kaartiin.\" loading=\"lazy\" \/>            <\/p>\n<p>\n            Nikolai haluttiin mukaan ruotsalaiselokuvan n\u00e4yttelij\u00e4kaartiin.<br \/>\n            MISC\n        <\/p>\n<p class=\"article-content article-content-width !bg-background\">\u2013 Olen aina tuntenut vetoa elokuvien ja n\u00e4yttelemisen maailmaan. En ole koskaan saanut n\u00e4yttelij\u00e4nkoulutusta, joten on varsin j\u00e4nnitt\u00e4v\u00e4\u00e4 osallistua t\u00e4llaiseen projektiin, Nikolai kommentoi Svensk Damin haastattelussa.<\/p>\n<p class=\"article-content article-content-width !bg-background\">Kreivi kertoo my\u00f6s, ettei suinkaan tuppautunut uusille urille v\u00e4kisin.<\/p>\n<p>                <img decoding=\"async\" src=\"https:\/\/www.europesays.com\/fi\/wp-content\/uploads\/2025\/12\/2009499.webp\" width=\"576\" height=\"250\" alt=\"Nikolai ja Christian Fandango n\u00e4yttelev\u00e4t elokuvassa veljeksi\u00e4.\" loading=\"lazy\" \/>            <\/p>\n<p>\n            Nikolai ja Christian Fandango n\u00e4yttelev\u00e4t elokuvassa veljeksi\u00e4.<br \/>\n            ULRIKA MALM\n        <\/p>\n<p class=\"article-content article-content-width !bg-background\">\u2013 Elokuvatuotanto otti minuun yhteytt\u00e4. Ilmeisesti he olivat kuulleet malliurastani ja siit\u00e4, ett\u00e4 olen tottunut ty\u00f6skentelem\u00e4\u00e4n kameran kanssa. Elokuvamaailma houkuttelee kovasti, joten olen erityisen kiitollinen, ett\u00e4 saan olla mukana, Nikolai iloitsee.<\/p>\n<p class=\"article-content article-content-width !bg-background\">Uutuuselokuva saa ensi-iltansa Ruotsissa maaliskuussa 2026.<\/p>\n<p>        <a itemprop=\"url\" href=\"https:\/\/www.seiska.fi\/kuninkaalliset\/tanskan-kruununprinssi-christianin-19-kaytos-herattaa-keskustelua-kuva\/1682064\" rel=\"nofollow noopener\" target=\"_blank\"><\/p>\n<p>\nTanskan kruununprinssi Christian\n<\/p>\n<p class=\"section-date\">\n        <strong class=\"article-section\" data-section=\"kuninkaalliset\"><br \/>\n            kuninkaalliset<br \/>\n        <\/strong><br \/>\n        23.4. 19:30\n    <\/p>\n<p>Tanskan kruununprinssi Christianin, 19, k\u00e4yt\u00f6s her\u00e4tt\u00e4\u00e4 keskustelua \u2013 kuva!\n    <\/p>\n<p itemprop=\"description\" class=\"subtitle \">\n    Tanskan kruununprinssi on noussut otsikoihin.\n<\/p>\n<p>        <\/a><\/p>\n<p>                <img loading=\"lazy\" decoding=\"async\" src=\"https:\/\/www.europesays.com\/fi\/wp-content\/uploads\/2025\/12\/2009508.webp\" width=\"576\" height=\"720\" alt=\"Nikolai edusti elokuussa Venetsian elokuvajuhlilla Benedikte Thoustrouptin kanssa.\" \/>            <\/p>\n<p>\n            Nikolai edusti elokuussa Venetsian elokuvajuhlilla Benedikte Thoustrouptin kanssa.<br \/>\n            AOP\n        <\/p>\n<p>        <a itemprop=\"url\" href=\"https:\/\/www.seiska.fi\/kuninkaalliset\/tanskan-kreivi-nikolai-taytti-25-talta-han-nayttaa-nyt\/1443117\" rel=\"nofollow noopener\" target=\"_blank\"><\/p>\n<p class=\"section-date\">\n        <strong class=\"article-section\" data-section=\"kuninkaalliset\"><br \/>\n            kuninkaalliset<br \/>\n        <\/strong><br \/>\n        28.8.2024 10:59\n    <\/p>\n<p>Tanskan kreivi Nikolai t\u00e4ytti 25 \u2013 t\u00e4lt\u00e4 h\u00e4n n\u00e4ytt\u00e4\u00e4 nyt\n    <\/p>\n<p itemprop=\"description\" class=\"subtitle \">\n    Malliprinssi on palannut kotimaahansa vietetty\u00e4\u00e4n viime vuoden Australiassa.\n<\/p>\n<p>        <\/a><\/p>\n","protected":false},"excerpt":{"rendered":"AOP Entinen prinssi ja nykyinen kreivi Nikolai p\u00e4\u00e4see suurtuotantoon. Esiintymiskokemusta on jo malliuran puolesta. Tanskan prinssi poika, nykyinen&hellip;\n","protected":false},"author":2,"featured_media":106145,"comment_status":"","ping_status":"","sticky":false,"template":"","format":"standard","meta":{"footnotes":""},"categories":[136],"tags":[407,155,137,33,31,30,408,19997,32,4978,109],"class_list":{"0":"post-106144","1":"post","2":"type-post","3":"status-publish","4":"format-standard","5":"has-post-thumbnail","7":"category-julkkikset","8":"tag-celebrities","9":"tag-elokuvat","10":"tag-entertainment","11":"tag-fi","12":"tag-finland","13":"tag-finnish","14":"tag-julkkikset","15":"tag-kreivi-nikolai","16":"tag-suomi","17":"tag-tanskan-kuninkaalliset","18":"tag-viihde"},"share_on_mastodon":{"url":"https:\/\/pubeurope.com\/@fi\/115652686407605563","error":""},"_links":{"self":[{"href":"https:\/\/www.europesays.com\/fi\/wp-json\/wp\/v2\/posts\/106144","targetHints":{"allow":["GET"]}}],"collection":[{"href":"https:\/\/www.europesays.com\/fi\/wp-json\/wp\/v2\/posts"}],"about":[{"href":"https:\/\/www.europesays.com\/fi\/wp-json\/wp\/v2\/types\/post"}],"author":[{"embeddable":true,"href":"https:\/\/www.europesays.com\/fi\/wp-json\/wp\/v2\/users\/2"}],"replies":[{"embeddable":true,"href":"https:\/\/www.europesays.com\/fi\/wp-json\/wp\/v2\/comments?post=106144"}],"version-history":[{"count":0,"href":"https:\/\/www.europesays.com\/fi\/wp-json\/wp\/v2\/posts\/106144\/revisions"}],"wp:featuredmedia":[{"embeddable":true,"href":"https:\/\/www.europesays.com\/fi\/wp-json\/wp\/v2\/media\/106145"}],"wp:attachment":[{"href":"https:\/\/www.europesays.com\/fi\/wp-json\/wp\/v2\/media?parent=106144"}],"wp:term":[{"taxonomy":"category","embeddable":true,"href":"https:\/\/www.europesays.com\/fi\/wp-json\/wp\/v2\/categories?post=106144"},{"taxonomy":"post_tag","embeddable":true,"href":"https:\/\/www.europesays.com\/fi\/wp-json\/wp\/v2\/tags?post=106144"}],"curies":[{"name":"wp","href":"https:\/\/api.w.org\/{rel}","templated":true}]}}