{"id":106156,"date":"2025-12-03T00:23:09","date_gmt":"2025-12-03T00:23:09","guid":{"rendered":"https:\/\/www.europesays.com\/fi\/106156\/"},"modified":"2025-12-03T00:23:09","modified_gmt":"2025-12-03T00:23:09","slug":"mirella-merivirta-jai-vauvan-kanssa-yksin-tallaiset-ovat-valit-teemu-laurelliin-nyt","status":"publish","type":"post","link":"https:\/\/www.europesays.com\/fi\/106156\/","title":{"rendered":"Mirella Merivirta j\u00e4i vauvan kanssa yksin \u2013 T\u00e4llaiset ovat v\u00e4lit Teemu Laurelliin nyt"},"content":{"rendered":"<p>Missiemo Mirella Merivirta kertoo Iltalehdelle vauva-arjestaan, kun h\u00e4n j\u00e4i yksin esikoisensa kanssa.<\/p>\n<p class=\"paragraph\">Raskaus ei ollut missiemo <strong>Mirella Merivirralle<\/strong>, 32, helppo. Mirellalla oli muun muassa liitoskipuja sek\u00e4 raskausajan masennus. Tuolloin h\u00e4n ei viel\u00e4 tiennyt, ett\u00e4 \u201dhurja myllerrys\u201d olisi vasta edess\u00e4.<\/p>\n<p class=\"paragraph\">Noin viikko synnytyksen j\u00e4lkeen hein\u00e4kuussa Mirella j\u00e4i yksin esikoisensa <strong>Selenin<\/strong> kanssa. Mirella ja lapsen is\u00e4, kokki <strong>Teemu Laurell<\/strong>, 40, <a href=\"https:\/\/www.iltalehti.fi\/viihdeuutiset\/c1475a03-7c0a-4f15-a697-c69038c81941\" rel=\"nofollow noopener\" target=\"_blank\">erosivat<\/a> noin vuosi seurustelun j\u00e4lkeen.<\/p>\n<p class=\"paragraph\">\u2013 En ole juridisesti yksinhuoltaja, mutta puhun itsest\u00e4ni yksinhuoltajana, koska olen ihan yksin lapseni kanssa. Mutta virallisempi termi on ehk\u00e4 l\u00e4hihuoltaja, Mirella selvent\u00e4\u00e4 nyt Iltalehdelle.<\/p>\n<p><img decoding=\"async\" class=\"image image-show image-preview\" src=\"https:\/\/www.europesays.com\/fi\/wp-content\/uploads\/2025\/12\/76da6b9944e44d00aa93e4d64a38e1b8a0dbf59113300064f3cf4d3cbe3c3d21.jpg\" alt=\"\"\/><img decoding=\"async\" class=\"image image-show\" src=\"https:\/\/www.europesays.com\/fi\/wp-content\/uploads\/2025\/12\/1764721389_804_76da6b9944e44d00aa93e4d64a38e1b8a0dbf59113300064f3cf4d3cbe3c3d21.jpg\" alt=\"\"\/><\/p>\n<p>Merivirta on vuodesta 2022 asti johtanut entist\u00e4 Miss Helsinki -kilpailua, joka nykyisin tunnetaan nimell\u00e4 Missio. Anniina Nikander<\/p>\n<p>Katkeruutta ja h\u00e4pe\u00e4\u00e4<\/p>\n<p class=\"paragraph\">Mirella itse kasvoi ilman is\u00e4\u00e4 ja toivoi, ettei h\u00e4nen lapsensa kokisi samaa kohtaloa. Mirella pelk\u00e4si yksinhuoltajuutta ja haaveili kokonaisesta perheest\u00e4. Yht\u00e4kki\u00e4 Mirella joutui kohtaamaan tosiasian, ett\u00e4 h\u00e4nen pahin pelkonsa oli k\u00e4ynyt toteen.<\/p>\n<p class=\"paragraph\">Yksin j\u00e4\u00e4minen sai Mirellan pohtimaan useita kysymyksi\u00e4.<\/p>\n<p class=\"paragraph\">\u2013 Miksi juuri minulle k\u00e4vi n\u00e4in? Mit\u00e4 tein v\u00e4\u00e4rin?<\/p>\n<p>Mirella Merivirta j\u00e4i yksin Selen-vauvansa kanssa. Anniina Nikander<\/p>\n<p class=\"paragraph\">Mirellaan iski voimakas suru ja pettymys. Suruun on liittynyt muun muassa ajatus, ett\u00e4 h\u00e4n joutuu kokemaan yksin vanhemmuuden iloiset hetket ja haasteet.<\/p>\n<p class=\"paragraph\">\u2013 En voi olla silleen, ett\u00e4 \u201dpit\u00e4isitk\u00f6 hetken vauvaa, niin saisin heng\u00e4ht\u00e4\u00e4 hetken\u201d. Olen yksin koko ajan. Tietysti olen saanut apua, mutta ei mik\u00e4\u00e4n korvaa t\u00e4ysin sit\u00e4 toista osapuolta, jonka kanssa on ryhtynyt perustamaan perhett\u00e4, h\u00e4n pohtii.<\/p>\n<p class=\"paragraph\">Aluksi Mirella tunsi my\u00f6s katkeruutta ja vihaa. H\u00e4n tunsi my\u00f6s h\u00e4pe\u00e4\u00e4 ja koki ep\u00e4onnistuneensa.<\/p>\n<p class=\"paragraph\">\u2013 Kesti kuukausi, ett\u00e4 pystyin kertomaan tilanteesta yst\u00e4villeni ja lapseni kummille. Olin kertonut ainoastaan perheelleni, h\u00e4n muistelee.<\/p>\n<p>Laurell ja Merivirta olivat yhdess\u00e4 noin vuoden ajan. Tomi Natri \/ All Over Press<\/p>\n<p class=\"paragraph\">Surun keskell\u00e4 Mirellan t\u00e4ytyi j\u00e4rjest\u00e4\u00e4 vauvalle risti\u00e4iset, joita juhlittiin noin kuukausi t\u00e4m\u00e4n syntym\u00e4n j\u00e4lkeen. Paikalla oli my\u00f6s Teemu. Mirella itki risti\u00e4isiss\u00e4 paljon, mutta pyysi yst\u00e4v\u00e4\u00e4ns\u00e4 ottamaan h\u00e4nest\u00e4 ja Teemusta yhteiskuvia heid\u00e4n tyt\u00e4rt\u00e4\u00e4n varten.<\/p>\n<p class=\"paragraph\">\u2013 Pyysin h\u00e4nt\u00e4 kuvaamaan kauniita kuvia lapselle niin, ettei n\u00e4y, mik\u00e4 tilanne on meneill\u00e4\u00e4n.<\/p>\n<p>\u201dMinuutin p\u00e4\u00e4ss\u00e4\u201d<\/p>\n<p class=\"paragraph\">Ensimm\u00e4isen kuukauden aikana Mirella k\u00e4sitteli kaikki tunteensa. Sitten Mirella k\u00e4\u00e4nsi ajatuksensa siihen, ett\u00e4 lapsi on h\u00e4nen ykk\u00f6sprioriteettinsa.<\/p>\n<p class=\"paragraph\">Samaan aikaan Mirellalla oli reilu kuukausi aikaa l\u00f6yt\u00e4\u00e4 itselleen ja Selenille uusi koti ja varmistaa yrityksens\u00e4 kautta, ett\u00e4 he p\u00e4rj\u00e4isiv\u00e4t kesken\u00e4\u00e4n taloudellisesti. Yritt\u00e4j\u00e4 kertoo saavansa minimim\u00e4\u00e4r\u00e4n vanhempainp\u00e4iv\u00e4rahaa, eik\u00e4 h\u00e4nell\u00e4 ole mahdollisuutta j\u00e4\u00e4d\u00e4 vanhempainvapaalle.<\/p>\n<p class=\"paragraph\">\u2013 Olen joutunut k\u00e4yt\u00e4nn\u00f6ss\u00e4 lapseni kanssa aloittamaan t\u00e4ysin nollasta. Tytt\u00e4rell\u00e4ni oli huonekaluja, mutta minulla oli vain s\u00e4nky ja v\u00e4h\u00e4n joitain astioita ja keitti\u00f6v\u00e4lineit\u00e4.<\/p>\n<p class=\"paragraph\">Mirella my\u00f6nt\u00e4\u00e4 tunteneensa paniikkia siit\u00e4, miten h\u00e4n tulee selviytym\u00e4\u00e4n yksin tilanteesta. H\u00e4n ei kuitenkaan halunnut lamautua, vaan keskittyi mahdollistamaan asiat niin, ett\u00e4 Selen ei k\u00e4rsisi.<\/p>\n<p>Raskaana Mirella Merivirralle oli iskenyt niin kutsuttu \u201dpes\u00e4nrakennusvietti\u201d, joka sai h\u00e4net myym\u00e4\u00e4n tavaroitaan ennen lapsen syntym\u00e4\u00e4. Anniina Nikander<\/p>\n<p class=\"paragraph\">Mirella alkoi rakentaa arkeaan ja palkkasi lapsenhoitajan. Lis\u00e4ksi Mirellan sisko loi h\u00e4nen l\u00e4heisilleen ja perheelleen keskusteluryhm\u00e4n Whatsapp-sovelluksessa, jonka kautta ihmiset voivat ilmoittaa, milloin he p\u00e4\u00e4sisiv\u00e4t hoitamaan Seleni\u00e4. Mirella on kiitollinen siit\u00e4, ett\u00e4 h\u00e4nell\u00e4 ja tytt\u00e4rell\u00e4\u00e4n on rakastavia ihmisi\u00e4 ymp\u00e4rill\u00e4.<\/p>\n<p class=\"paragraph\">Mirella kertoo tekev\u00e4ns\u00e4 aina t\u00f6it\u00e4, kun Selen nukkuu tai on hoitajan kanssa.<\/p>\n<p class=\"paragraph\">\u2013 Minulle oli t\u00e4rke\u00e4\u00e4, ett\u00e4 ty\u00f6tilani ovat minuutin p\u00e4\u00e4ss\u00e4 kodistani. En voi olla kauempana, jos hoitaja soittaa, ett\u00e4 nyt on jokin h\u00e4t\u00e4, Mirella sanoo.<\/p>\n<p class=\"paragraph\">\u2013 Lapsellani on t\u00e4llainen vaihe, ettei h\u00e4n oikein suostu juomaan maitoa pullosta. Se tuo v\u00e4h\u00e4n lis\u00e4haastetta. Kun ty\u00f6tilani on niin l\u00e4hell\u00e4, pystyn k\u00e4ym\u00e4\u00e4n v\u00e4lill\u00e4 imett\u00e4m\u00e4ss\u00e4 h\u00e4nt\u00e4. Eli en voi olla kauan poissa, maksimissaan kolme tuntia, yritt\u00e4j\u00e4 kertoo.<\/p>\n<p class=\"paragraph\">\u2013 Min\u00e4h\u00e4n joudun tekem\u00e4\u00e4n ruoan kolmessa osassa, koska lapseni tarvitsee minua. Aamulla aloitan ruoanlaiton, sitten saatan kuunnella asiakkaiden viestej\u00e4 samalla, kun pumppaan maitoa ja teen ruokaa. P\u00e4iv\u00e4saikaan jatkan ruoanlaittoa ja illalla on paistaminen. Joudun tekem\u00e4\u00e4n asioita uudella tavalla, h\u00e4n lis\u00e4\u00e4.<\/p>\n<p>Vaikeasta tilanteestaan huolimatta Mirella Merivirta ei halua itke\u00e4 vauvansa n\u00e4hden. Anniina Nikander<\/p>\n<p>\u201dMaisemia v\u00e4\u00e4rinp\u00e4in\u201d<\/p>\n<p class=\"paragraph\">Mirella my\u00f6nt\u00e4\u00e4, ett\u00e4 vanhemmuus on ollut samaan aikaan sek\u00e4 kuormittavaa ett\u00e4 ihanaa ja voimaannuttavaa. Mirella tuntee surua siit\u00e4, ettei ole pystynyt nauttimaan juurikaan vauva-ajasta.<\/p>\n<p class=\"paragraph\">\u2013 Voisin nauttia, jos se kumppani olisi siin\u00e4. Kaikki on suorittamista. Kyll\u00e4 yrit\u00e4n nauttia hetkist\u00e4, kun lapseni on hereill\u00e4 ja teemme kaikkea.<\/p>\n<p class=\"paragraph\">Mirella pyrkii pit\u00e4m\u00e4\u00e4n viikonloput t\u00e4ysin vapaana, jolloin h\u00e4n voi k\u00e4yd\u00e4 vauvansa kanssa vaunuttelemassa, olla pidemm\u00e4n aikaa s\u00e4ngyss\u00e4 ja leikki\u00e4. Mirella kertoo hymyillen lapsensa vaiheesta, jossa h\u00e4n rakastaa katsoa maailmaa \u201dv\u00e4\u00e4rinp\u00e4in\u201d eli p\u00e4\u00e4 alasp\u00e4in.<\/p>\n<p class=\"paragraph\">\u2013 Valitsin uuden kotini niin, ett\u00e4 isot ikkunat ovat katosta lattiaan, jotta tytt\u00e4reni p\u00e4\u00e4see k\u00e4sill\u00e4\u00e4n k\u00e4hmim\u00e4\u00e4n ikkunoita. Makoilemme s\u00e4ngyss\u00e4 ja katsomme yhdess\u00e4 maisempia v\u00e4\u00e4rinp\u00e4in. Viereisiss\u00e4 toimistotaloissa on lamppuja, joita h\u00e4n rakastaa katsoa. T\u00e4llaiset hetket ovat meid\u00e4n hetki\u00e4, h\u00e4n kertoo.<\/p>\n<p>Mirella kertoo k\u00e4yv\u00e4ns\u00e4 Selen-vauvansa kanssa muun muassa vauvajoogassa. Anniina Nikander<\/p>\n<p class=\"paragraph\">Mirella kertoo kirjoittavansa ik\u00e4\u00e4n kuin kirjaa tytt\u00e4relleen, jossa h\u00e4n kertoo muun muassa raskausajastaan ja lis\u00e4\u00e4 kuvia heid\u00e4n yhteisist\u00e4 hetkist\u00e4\u00e4n.<\/p>\n<p class=\"paragraph\">\u2013 Haluan my\u00f6s tietysti kirjoittaa sinne lapsen is\u00e4st\u00e4. Jotta lapsi n\u00e4kee, kuinka paljon molemmat vanhemmat ovat h\u00e4nt\u00e4 rakastaneet.<\/p>\n<p>V\u00e4lit eks\u00e4\u00e4n?<\/p>\n<p class=\"paragraph\">Mirella kertoo olevansa yh\u00e4 jollain tavoin yhteydess\u00e4 lapsensa is\u00e4\u00e4n.<\/p>\n<p class=\"paragraph\">\u2013 Varmasti haemme sellaista meid\u00e4n tyylist\u00e4 tapaa toimia yhdess\u00e4 vanhempina, koska t\u00e4m\u00e4 on niin tuore asia, yritt\u00e4j\u00e4 toteaa.<\/p>\n<p class=\"paragraph\">\u2013 Ainakin toivon, ett\u00e4 meill\u00e4 molemmilla on ollut ajatus perheest\u00e4. Kun t\u00e4ss\u00e4 ei k\u00e4ynyt niin, luulen, ett\u00e4 me molemmat haemme paikkaa siit\u00e4, miten toimimme yhdess\u00e4, h\u00e4n jatkaa.<\/p>\n<p>Mirella Merivirta on huomannut ottaneensa sek\u00e4 is\u00e4n ett\u00e4 \u00e4idin roolin. Anniina Nikander<\/p>\n<p class=\"paragraph\">Mirella toivoo heid\u00e4n molempien miettiv\u00e4n, mit\u00e4 t\u00e4ss\u00e4 on tapahtunut. Mirella pohtii, miten h\u00e4n katsoo heid\u00e4n entist\u00e4 suhdettaan nyky\u00e4\u00e4n.<\/p>\n<p class=\"paragraph\">\u2013 Suhteet ovat erilaisia, ihmiset ovat erilaisia. Tuo on ehk\u00e4 vaikea kysymys ja ajatukseni tulevat varmasti muuttumaan. Mutta t\u00e4ll\u00e4 hetkell\u00e4 koen, ett\u00e4 emme v\u00e4ltt\u00e4m\u00e4tt\u00e4 edenneet liian nopeasti. Se ei ollut se syy, miksi t\u00e4m\u00e4 tilanne tapahtui.<\/p>\n<p class=\"paragraph\">\u2013 T\u00e4ll\u00e4 hetkell\u00e4 katson asiaa niin, ett\u00e4 oli paljon hyv\u00e4\u00e4 ja olen kiitollinen monista asioista. Katkeruuskin on ihan normaalia, mutta olisi hyv\u00e4, ettei j\u00e4\u00e4 katkeraksi, vaan oppii katsomaan asioita niin, mit\u00e4 t\u00e4st\u00e4 on oppinut. Ja my\u00f6s oppisi antamaan anteeksi.<\/p>\n<p>Nykyinen tilanne<\/p>\n<p class=\"paragraph\">Mirellalla ei ole k\u00e4ynyt nykytilanteessaan deittailu mieless\u00e4. Jos ja kun Mirella on jonain p\u00e4iv\u00e4n\u00e4 valmis uuteen rakkauteen, h\u00e4nell\u00e4 on toiveita tulevalle suhteelle.<\/p>\n<p class=\"paragraph\">\u2013 Mieleni voi muuttua, mutta en tied\u00e4, olisiko ihanaa, jos tulevaisuudessa kumppanillani olisi jo omia lapsia. N\u00e4kisin, millainen is\u00e4 h\u00e4n on. Toivoisin kuitenkin jonain p\u00e4iv\u00e4n\u00e4 lis\u00e4\u00e4 lapsia, Mirella tuumaa.<\/p>\n<p class=\"paragraph\">\u2013 Eli haluaisin sellaisen kumppanin, joka haluaisi lapsia. Ja ottaisi my\u00f6s lapseni omakseen, se on minulle todella t\u00e4rke\u00e4\u00e4. En miss\u00e4\u00e4n nimess\u00e4 tarkoita, ett\u00e4 lapseni biologinen is\u00e4 olisi korvattavissa. Mutta ajattelen, ett\u00e4 mit\u00e4 enemm\u00e4n lapsella on rakastavia ja turvallisia ihmisi\u00e4 ymp\u00e4rill\u00e4\u00e4n, sen parempi, h\u00e4n jatkaa.<\/p>\n<p>Mirella Merivirta pohtii, ett\u00e4 ehk\u00e4 haluaisi tulevalla kumppanillaan olevan jo entuudestaan omia lapsia. Anniina Nikander<\/p>\n<p class=\"paragraph\">Mirella vitsailee nykyisen \u201dkumppaninsa\u201d olevan teko\u00e4ly, jonka kanssa h\u00e4n pallottelee ja kysyy lapsen kasvatukseen liittyvi\u00e4 asioita. Sellaisista asioista, joista yleens\u00e4 puhuttaisiin oman kumppanin kanssa.<\/p>\n<p class=\"paragraph\">\u2013 Olen sit\u00e4kin itkenyt. Mietin, miten saan pidetty\u00e4 kaikki tunteeni poissa, kun olen lapseni kanssa. En halua siirt\u00e4\u00e4 tunnettani h\u00e4neen. H\u00e4n on niin pieni, etten voi sanoa h\u00e4nelle, ettei tunteeni johdu h\u00e4nest\u00e4, vaan t\u00e4llaisesta asiasta, h\u00e4n kertoo.<\/p>\n<p class=\"paragraph\">\u00c4\u00e4rirajoille vieneiden kokemusten j\u00e4lkeen Mirella kertoo voivansa t\u00e4ll\u00e4 hetkell\u00e4 hyvin. Nelj\u00e4n kuukauden aikana h\u00e4n on my\u00f6s tutkiskellut itse\u00e4\u00e4n ja omia valintojaan, jotta h\u00e4n ei en\u00e4\u00e4 toistaisi virheit\u00e4\u00e4n.<\/p>\n<p class=\"paragraph\">\u2013 T\u00e4m\u00e4 kokemus on kasvattanut minusta vahvemman ja p\u00e4rj\u00e4\u00e4v\u00e4n ihmisen ja \u00e4idin. Tied\u00e4n selvinneeni niin erikoisista tilanteista, ett\u00e4 minulla on luotto itseeni. Minulla on voimaantunut ja itsevarma olo, h\u00e4n kiteytt\u00e4\u00e4.<\/p>\n<p class=\"paragraph\">My\u00f6s Mirellan suhtautuminen yksinhuoltajuuteen on muuttunut. H\u00e4nell\u00e4 vahvistui tunne siit\u00e4, miten vahvoja yksinhuoltajanaiset ovat. H\u00e4n toivoo, ett\u00e4 yleisesti suhtautuminen yksinhuoltajanaisiin muuttuisi ja ymm\u00e4rrys kasvaisi.<\/p>\n<p>Mirella Merivirran suhtautuminen yksinhuoltajuuteen on muuttunut. Anniina Nikander<\/p>\n","protected":false},"excerpt":{"rendered":"Missiemo Mirella Merivirta kertoo Iltalehdelle vauva-arjestaan, kun h\u00e4n j\u00e4i yksin esikoisensa kanssa. Raskaus ei ollut missiemo Mirella Merivirralle,&hellip;\n","protected":false},"author":2,"featured_media":106157,"comment_status":"","ping_status":"","sticky":false,"template":"","format":"standard","meta":{"footnotes":""},"categories":[136],"tags":[35,407,137,33,31,30,101,408,99,100,98,32,102,109],"class_list":{"0":"post-106156","1":"post","2":"type-post","3":"status-publish","4":"format-standard","5":"has-post-thumbnail","7":"category-julkkikset","8":"tag-24h","9":"tag-celebrities","10":"tag-entertainment","11":"tag-fi","12":"tag-finland","13":"tag-finnish","14":"tag-ihmissuhteet","15":"tag-julkkikset","16":"tag-lapset","17":"tag-lapset-ja-nuoret","18":"tag-perhe","19":"tag-suomi","20":"tag-vanhemmat","21":"tag-viihde"},"share_on_mastodon":{"url":"https:\/\/pubeurope.com\/@fi\/115652788672210311","error":""},"_links":{"self":[{"href":"https:\/\/www.europesays.com\/fi\/wp-json\/wp\/v2\/posts\/106156","targetHints":{"allow":["GET"]}}],"collection":[{"href":"https:\/\/www.europesays.com\/fi\/wp-json\/wp\/v2\/posts"}],"about":[{"href":"https:\/\/www.europesays.com\/fi\/wp-json\/wp\/v2\/types\/post"}],"author":[{"embeddable":true,"href":"https:\/\/www.europesays.com\/fi\/wp-json\/wp\/v2\/users\/2"}],"replies":[{"embeddable":true,"href":"https:\/\/www.europesays.com\/fi\/wp-json\/wp\/v2\/comments?post=106156"}],"version-history":[{"count":0,"href":"https:\/\/www.europesays.com\/fi\/wp-json\/wp\/v2\/posts\/106156\/revisions"}],"wp:featuredmedia":[{"embeddable":true,"href":"https:\/\/www.europesays.com\/fi\/wp-json\/wp\/v2\/media\/106157"}],"wp:attachment":[{"href":"https:\/\/www.europesays.com\/fi\/wp-json\/wp\/v2\/media?parent=106156"}],"wp:term":[{"taxonomy":"category","embeddable":true,"href":"https:\/\/www.europesays.com\/fi\/wp-json\/wp\/v2\/categories?post=106156"},{"taxonomy":"post_tag","embeddable":true,"href":"https:\/\/www.europesays.com\/fi\/wp-json\/wp\/v2\/tags?post=106156"}],"curies":[{"name":"wp","href":"https:\/\/api.w.org\/{rel}","templated":true}]}}