{"id":106158,"date":"2025-12-03T00:26:12","date_gmt":"2025-12-03T00:26:12","guid":{"rendered":"https:\/\/www.europesays.com\/fi\/106158\/"},"modified":"2025-12-03T00:26:12","modified_gmt":"2025-12-03T00:26:12","slug":"kalle-rovanpera-iso-paljastus-urani-suurin-haaste","status":"publish","type":"post","link":"https:\/\/www.europesays.com\/fi\/106158\/","title":{"rendered":"Kalle Rovanper\u00e4: iso paljastus \u2013 \u201dUrani suurin haaste\u201d"},"content":{"rendered":"<p>Kalle Rovanper\u00e4 avasi tulevaa.<\/p>\n<p>2.12. 10:33<\/p>\n<p class=\"article-body mb-nof-24 px-nof-16\">Suomalaiskuski <a class=\"article-personlink\" href=\"https:\/\/www.is.fi\/haku\/?query=Kalle%20Rovanper%C3%A4n\" rel=\"nofollow noopener\" target=\"_blank\">Kalle Rovanper\u00e4n<\/a> formulaura alkaa tammikuussa. Rovanper\u00e4 osallistuu Uudessa-Seelannissa ajettavaan nelj\u00e4n osakilpailun mittaiseen Oseanian Formula Regional -sarjaan.<\/p>\n<p class=\"article-body mb-nof-24 px-nof-16\">Kuski kertoi asiasta <a class=\"article-genericlink\" href=\"https:\/\/www.instagram.com\/p\/DRv4gR7DGLu\/\" rel=\"nofollow noopener\" target=\"_blank\">Instagram-tilill\u00e4\u00e4n<\/a> varhain tiistaiaamuna. Samalla h\u00e4n paljasti, ett\u00e4 aikoo ajaa sarjan kokonaan l\u00e4pi. Aiemmin oli ep\u00e4selv\u00e4\u00e4, millaisella kisaohjelmalla Rovanper\u00e4 osallistuu sarjaan.<\/p>\n<p class=\"article-body mb-nof-24 px-nof-16\">\u2013\u2009Uusi luku alkaa t\u00e4st\u00e4, suomalainen hehkutti Instagramissa.<\/p>\n<p class=\"article-body mb-nof-24 px-nof-16\">Castrol Toyota Formula Regional Oceania Trophy -sarjan osakilpailut ajetaan Uuden-Seelannin Pohjois- ja Etel\u00e4saarilla.<\/p>\n<p class=\"article-body mb-nof-24 px-nof-16\">Rovanper\u00e4 on tulevaisuudesta j\u00e4nnittynyt, mutta innoissaan.<\/p>\n<p class=\"article-body mb-nof-24 px-nof-16\">\u2013\u2009Tulevista vuosista tulee urani suurin haaste, Rovanper\u00e4 kirjoittaa kuvan yhteydess\u00e4.<\/p>\n<p class=\"article-body mb-nof-24 px-nof-16\">\u2013\u2009Astun hyvin kauas mukavuusalueeltani, jolla olen viihtynyt jo liian pitk\u00e4\u00e4n.<\/p>\n<p class=\"article-body mb-nof-24 px-nof-16\">Rovanper\u00e4n on mahdollista hakea Uuden-Seelannin formulasarjasta F1:st\u00e4 varten superlisenssipisteit\u00e4. Samalla suomalainen saa oivaa kokemusta yksipaikkaisista ennen Japanin Super Formula -sarjan alkua.<\/p>\n<p class=\"article-body mb-nof-24 px-nof-16\">Uuden-Seelannin sarja l\u00e4htee k\u00e4yntiin jo 9. tammikuuta, joten Rovanper\u00e4 ei ehdi lep\u00e4\u00e4m\u00e4\u00e4n kauaa laakereillaan.<\/p>\n<p class=\"article-body mb-nof-24 px-nof-16\">Motivaatiota kuitenkin riitt\u00e4\u00e4.<\/p>\n<p class=\"article-body mb-nof-24 px-nof-16\">\u2013\u2009Haluan oppia uusia asioita ja puskea itse\u00e4ni eteenp\u00e4in, Rovanper\u00e4 kirjoittaa Instagramissa.<\/p>\n<p class=\"article-body mb-nof-24 px-nof-16\">\u2013 Olen valmis antamaan t\u00e4lle kaikkeni!<\/p>\n<p class=\"article-body mb-nof-24 px-nof-16\">Suomalainen ajoi viikonloppuna uransa viimeisess\u00e4 rallin MM-sarjan osakilpailussa.<\/p>\n<p class=\"article-body mb-nof-24 px-nof-16\">Kaksinkertainen maailmanmestari ajoi Saudi-Arabian osakilpailussa seitsem\u00e4nnelle sijalle, mutta MM-sarjan kokonaispisteiss\u00e4 Rovanper\u00e4 oli kolmas.<\/p>\n<p class=\"article-body mb-nof-24 px-nof-16\">Maailmanmestaruuden voitti ranskalainen <a class=\"article-personlink\" href=\"https:\/\/www.is.fi\/haku\/?query=Sebastien%20Ogier\" rel=\"nofollow noopener\" target=\"_blank\">Sebastien Ogier<\/a>.<\/p>\n<p><script async src=\"\/\/www.instagram.com\/embed.js\"><\/script><\/p>\n","protected":false},"excerpt":{"rendered":"Kalle Rovanper\u00e4 avasi tulevaa. 2.12. 10:33 Suomalaiskuski Kalle Rovanper\u00e4n formulaura alkaa tammikuussa. Rovanper\u00e4 osallistuu Uudessa-Seelannissa ajettavaan nelj\u00e4n osakilpailun&hellip;\n","protected":false},"author":2,"featured_media":106159,"comment_status":"","ping_status":"","sticky":false,"template":"","format":"standard","meta":{"footnotes":""},"categories":[133],"tags":[137,33,31,30,34,32,206,156,109],"class_list":{"0":"post-106158","1":"post","2":"type-post","3":"status-publish","4":"format-standard","5":"has-post-thumbnail","7":"category-televisiot","8":"tag-entertainment","9":"tag-fi","10":"tag-finland","11":"tag-finnish","12":"tag-ilta-sanomat","13":"tag-suomi","14":"tag-televisiot","15":"tag-tv","16":"tag-viihde"},"share_on_mastodon":{"url":"https:\/\/pubeurope.com\/@fi\/115652800306243594","error":""},"_links":{"self":[{"href":"https:\/\/www.europesays.com\/fi\/wp-json\/wp\/v2\/posts\/106158","targetHints":{"allow":["GET"]}}],"collection":[{"href":"https:\/\/www.europesays.com\/fi\/wp-json\/wp\/v2\/posts"}],"about":[{"href":"https:\/\/www.europesays.com\/fi\/wp-json\/wp\/v2\/types\/post"}],"author":[{"embeddable":true,"href":"https:\/\/www.europesays.com\/fi\/wp-json\/wp\/v2\/users\/2"}],"replies":[{"embeddable":true,"href":"https:\/\/www.europesays.com\/fi\/wp-json\/wp\/v2\/comments?post=106158"}],"version-history":[{"count":0,"href":"https:\/\/www.europesays.com\/fi\/wp-json\/wp\/v2\/posts\/106158\/revisions"}],"wp:featuredmedia":[{"embeddable":true,"href":"https:\/\/www.europesays.com\/fi\/wp-json\/wp\/v2\/media\/106159"}],"wp:attachment":[{"href":"https:\/\/www.europesays.com\/fi\/wp-json\/wp\/v2\/media?parent=106158"}],"wp:term":[{"taxonomy":"category","embeddable":true,"href":"https:\/\/www.europesays.com\/fi\/wp-json\/wp\/v2\/categories?post=106158"},{"taxonomy":"post_tag","embeddable":true,"href":"https:\/\/www.europesays.com\/fi\/wp-json\/wp\/v2\/tags?post=106158"}],"curies":[{"name":"wp","href":"https:\/\/api.w.org\/{rel}","templated":true}]}}