{"id":106162,"date":"2025-12-03T00:31:16","date_gmt":"2025-12-03T00:31:16","guid":{"rendered":"https:\/\/www.europesays.com\/fi\/106162\/"},"modified":"2025-12-03T00:31:16","modified_gmt":"2025-12-03T00:31:16","slug":"pamela-tola-julkaisi-pikkujoulukuvia-seela-sellan-asusteet-veivat-huomion","status":"publish","type":"post","link":"https:\/\/www.europesays.com\/fi\/106162\/","title":{"rendered":"Pamela Tola julkaisi pikkujoulukuvia \u2013 Seela Sellan asusteet veiv\u00e4t huomion"},"content":{"rendered":"<p>N\u00e4yttelij\u00e4 ja ohjaaja <strong>Pamela Tola<\/strong> on ollut viett\u00e4m\u00e4ss\u00e4 pikkujoulua. Paikalla on ollut paljon tuttuja kasvoja. Tolan somejulkaisusta selvi\u00e4\u00e4, ett\u00e4 heit\u00e4 ovat olleet ainakin n\u00e4yttelij\u00e4t <strong>Seela Sella<\/strong>, <strong>Sanna-Kaisa Palo<\/strong>, <strong>Leena Uotila<\/strong> ja <strong>Eero Saarinen<\/strong>.<\/p>\n<p>Lue my\u00f6s: <a href=\"https:\/\/www.como.fi\/uutiset\/jenni-poikelus-kari-ketonen-mtv3-kanavalle-taysin-uusi-tahtia-viliseva-viihdeohjelma\/\" title=\"Jenni Poikelus, Kari Ketonen\u2026 MTV3-kanavalle t\u00e4ysin uusi t\u00e4hti\u00e4 vilisev\u00e4 viihdeohjelma\" class=\"underline-custom !font-montserrat !font-bold !underline-offset-4 !decoration-4 !decoration-red-600 !text-md\" rel=\"nofollow noopener\" target=\"_blank\">Jenni Poikelus, Kari Ketonen\u2026 MTV3-kanavalle t\u00e4ysin uusi t\u00e4hti\u00e4 vilisev\u00e4 viihdeohjelma<\/a><\/p>\n<p>Kuvassa olevilla on yhteist\u00e4 ainakin se, kuinka he n\u00e4ytteliv\u00e4t Tolan ohjaamassa elokuvassa Ter\u00e4sleidit \u2013 kuin viimeist\u00e4 p\u00e4iv\u00e4\u00e4. Se on jatko-osa vuonna 2020 julkaistulle elokuvalle Ter\u00e4sleidit. <\/p>\n<p>\u2013 N\u00e4ihen ihanuuksien kanssa oltiin eilen v\u00e4h\u00e4n pikkujoulutunnelmissa (kuin viimeist\u00e4 p\u00e4iv\u00e4\u00e4). Innolla ja j\u00e4nnityksell\u00e4 kohti ensi-iltaa liikutaan. Seela ihastui poron sarviin, joita ensin vastusti, kertoo Tola.<\/p>\n<p>Julkaisussa on toinenkin kuva, jossa n\u00e4kyy vain Seela Sella. H\u00e4nen asusteensa ovat vieneet julkaisussa suurimman huomion eli lasit ja poronsarvet.<\/p>\n<p>\u2013 Noi Seelan lasit ovat niin kauniit, kirjoittaa joku.<\/p>\n<p>\u2013 Upeat leidit. Ja s\u00f6p\u00f6t sarvet, kommentoi er\u00e4s.<\/p>\n<p>Jos upotus ei n\u00e4y, avaa se auki <a href=\"https:\/\/www.instagram.com\/p\/DRp0LlLCBnR\/?utm_source=ig_web_copy_link&amp;igsh=MzRlODBiNWFlZA==\" target=\"_blank\" rel=\"noreferrer noopener nofollow\">t\u00e4st\u00e4<\/a>.<\/p>\n<p>Lue my\u00f6s: <a href=\"https:\/\/www.como.fi\/tilaa-comon-uutiskirje\/\" title=\"Tilaa Comon uutiskirje ja tied\u00e4t mist\u00e4 kahvitauolla puhutaan! Nappaa kotimaan tv-vinkit ja puheenaiheet suoraan s\u00e4hk\u00f6postiin t\u00e4st\u00e4.\" class=\"underline-custom !font-montserrat !font-bold !underline-offset-4 !decoration-4 !decoration-red-600 !text-md\" rel=\"nofollow noopener\" target=\"_blank\">Tilaa Comon uutiskirje ja tied\u00e4t mist\u00e4 kahvitauolla puhutaan! Nappaa kotimaan tv-vinkit ja puheenaiheet suoraan s\u00e4hk\u00f6postiin t\u00e4st\u00e4.<\/a><\/p>\n<p>\t\t\t<script async src=\"\/\/www.instagram.com\/embed.js\"><\/script><\/p>\n","protected":false},"excerpt":{"rendered":"N\u00e4yttelij\u00e4 ja ohjaaja Pamela Tola on ollut viett\u00e4m\u00e4ss\u00e4 pikkujoulua. Paikalla on ollut paljon tuttuja kasvoja. Tolan somejulkaisusta selvi\u00e4\u00e4,&hellip;\n","protected":false},"author":2,"featured_media":106163,"comment_status":"","ping_status":"","sticky":false,"template":"","format":"standard","meta":{"footnotes":""},"categories":[130],"tags":[137,33,31,30,14440,32,109],"class_list":{"0":"post-106162","1":"post","2":"type-post","3":"status-publish","4":"format-standard","5":"has-post-thumbnail","7":"category-viihde","8":"tag-entertainment","9":"tag-fi","10":"tag-finland","11":"tag-finnish","12":"tag-pamela-tola","13":"tag-suomi","14":"tag-viihde"},"share_on_mastodon":{"url":"https:\/\/pubeurope.com\/@fi\/115652819851429384","error":""},"_links":{"self":[{"href":"https:\/\/www.europesays.com\/fi\/wp-json\/wp\/v2\/posts\/106162","targetHints":{"allow":["GET"]}}],"collection":[{"href":"https:\/\/www.europesays.com\/fi\/wp-json\/wp\/v2\/posts"}],"about":[{"href":"https:\/\/www.europesays.com\/fi\/wp-json\/wp\/v2\/types\/post"}],"author":[{"embeddable":true,"href":"https:\/\/www.europesays.com\/fi\/wp-json\/wp\/v2\/users\/2"}],"replies":[{"embeddable":true,"href":"https:\/\/www.europesays.com\/fi\/wp-json\/wp\/v2\/comments?post=106162"}],"version-history":[{"count":0,"href":"https:\/\/www.europesays.com\/fi\/wp-json\/wp\/v2\/posts\/106162\/revisions"}],"wp:featuredmedia":[{"embeddable":true,"href":"https:\/\/www.europesays.com\/fi\/wp-json\/wp\/v2\/media\/106163"}],"wp:attachment":[{"href":"https:\/\/www.europesays.com\/fi\/wp-json\/wp\/v2\/media?parent=106162"}],"wp:term":[{"taxonomy":"category","embeddable":true,"href":"https:\/\/www.europesays.com\/fi\/wp-json\/wp\/v2\/categories?post=106162"},{"taxonomy":"post_tag","embeddable":true,"href":"https:\/\/www.europesays.com\/fi\/wp-json\/wp\/v2\/tags?post=106162"}],"curies":[{"name":"wp","href":"https:\/\/api.w.org\/{rel}","templated":true}]}}