{"id":106168,"date":"2025-12-03T00:36:16","date_gmt":"2025-12-03T00:36:16","guid":{"rendered":"https:\/\/www.europesays.com\/fi\/106168\/"},"modified":"2025-12-03T00:36:16","modified_gmt":"2025-12-03T00:36:16","slug":"kuski-ajoi-ihmisen-kuoliaaksi-mikkelissa-tapposyyte-kaatui","status":"publish","type":"post","link":"https:\/\/www.europesays.com\/fi\/106168\/","title":{"rendered":"Kuski ajoi ihmisen kuoliaaksi Mikkeliss\u00e4, tapposyyte kaatui"},"content":{"rendered":"<p><strong class=\"typography-bold\">35-vuotias mies kuoli kes\u00e4ll\u00e4 yliajossa Mikkeliss\u00e4. Yliajajan tapposyyte kaatui Etel\u00e4-Savon k\u00e4r\u00e4j\u00e4oikeudessa.<\/strong><\/p>\n<p>Mikkeliss\u00e4 viime kes\u00e4n\u00e4 kuolonuhrin vaatinut yliajo oli t\u00f6rke\u00e4 kuolemantuottamus, katsoo Etel\u00e4-Savon k\u00e4r\u00e4j\u00e4oikeus tiistaina antamassaan tuomiossa.<\/p>\n<p>Oikeus tuomitsi 32-vuotiaan miehen vuoden ja 10 kuukauden vankeusrangaistukseen.<\/p>\n<p>Yliajo tapahtui Siekkil\u00e4n kaupunginosassa Pohjolankadulla my\u00f6h\u00e4\u00e4n sunnuntai-iltana 1. kes\u00e4kuuta. Syytetty ajoi noin 35-vuotiaan miehen p\u00e4\u00e4lle BMW-merkkisell\u00e4 henkil\u00f6autolla.\u00a0<\/p>\n<p>Uhri kuoli t\u00f6rm\u00e4yksess\u00e4 saamiinsa vammoihin.<\/p>\n<p><strong class=\"typography-bold\">Lue lis\u00e4\u00e4: <\/strong><a class=\"underline\" data-testid=\"internal-link\" role=\"link\" data-sentry-element=\"Link\" data-sentry-component=\"InternalLink\" data-sentry-source-file=\"InternalLink.tsx\" href=\"https:\/\/www.mtvuutiset.fi\/artikkeli\/savolaismies-ajoi-kuoliaaksi-toisen-miehen-poliisilla-kasitys-miksi\/9188004\" rel=\"nofollow noopener\" target=\"_blank\"><strong class=\"typography-bold\">Savolaismies ajoi kuoliaaksi toisen miehen \u2013\u00a0poliisilla k\u00e4sitys miksi<\/strong><\/a><strong class=\"typography-bold\">Tekiv\u00e4t samana p\u00e4iv\u00e4n\u00e4 huumekauppoja<\/strong><\/p>\n<p>K\u00e4r\u00e4j\u00e4oikeuden tuomiossa kerrotaan, ett\u00e4 syytetty ja uhri olivat aiemmin samana p\u00e4iv\u00e4n\u00e4 tehneet huumausaineita koskevan vaihtokaupan, jossa syytetty oli huijannut uhria.<\/p>\n<p>Syytetty oli sopinut toisen miehen kanssa tapahtumaillaksi huumekaupat Pohjolankadulle.\u00a0<\/p>\n<p>Kun mies oli mennyt tapaamaan syytetty\u00e4, t\u00e4m\u00e4 oli l\u00e4htenyt autolla liikkeelle, jolloin mies oli roikkunut autossa mukana kuljettajanpuoleisen ikkunan kohdalla.<\/p>\n<p>T\u00e4m\u00e4n j\u00e4lkeen syytetty t\u00f6rm\u00e4si autolla uhriin ja pakeni paikalta.\u00a0<\/p>\n<p><strong class=\"typography-bold\">Kuljettaja etsint\u00e4kuulutettiin<\/strong><\/p>\n<p>Syytt\u00e4j\u00e4 vaati BMW:n kuljettajalle tuomiota taposta. Syytt\u00e4j\u00e4n mukaan kuljettaja oli kiihdytt\u00e4nyt voimakkaasti suoralla katuosuudella eik\u00e4 ollut jarruttanut miss\u00e4\u00e4n vaiheessa.<\/p>\n<p>Poliisi etsint\u00e4kuulutti BMW-kuskin kes\u00e4kuun alussa pian yliajon j\u00e4lkeen. Runsaan kuukauden p\u00e4\u00e4st\u00e4 hein\u00e4kuussa poliisi kertoi, ett\u00e4 mies oli saatu kiinni Varsinais-Suomessa.<\/p>\n<p><strong class=\"typography-bold\">Lue my\u00f6s: <\/strong><a class=\"underline\" data-testid=\"internal-link\" role=\"link\" data-sentry-element=\"Link\" data-sentry-component=\"InternalLink\" data-sentry-source-file=\"InternalLink.tsx\" href=\"https:\/\/www.mtvuutiset.fi\/artikkeli\/yli-kuukauden-karkuteilla-ollut-mies-otettu-kiinni-varsinais-suomessa-epaillaan-taposta\/9187478\" rel=\"nofollow noopener\" target=\"_blank\"><\/a><\/p>\n","protected":false},"excerpt":{"rendered":"35-vuotias mies kuoli kes\u00e4ll\u00e4 yliajossa Mikkeliss\u00e4. Yliajajan tapposyyte kaatui Etel\u00e4-Savon k\u00e4r\u00e4j\u00e4oikeudessa. Mikkeliss\u00e4 viime kes\u00e4n\u00e4 kuolonuhrin vaatinut yliajo oli&hellip;\n","protected":false},"author":2,"featured_media":106169,"comment_status":"","ping_status":"","sticky":false,"template":"","format":"standard","meta":{"footnotes":""},"categories":[12],"tags":[22,23,26,27,33,31,30,17,24,25,28,29,15,18,21,32,19,20,16],"class_list":{"0":"post-106168","1":"post","2":"type-post","3":"status-publish","4":"format-standard","5":"has-post-thumbnail","7":"category-suomi","8":"tag-breaking-news","9":"tag-breakingnews","10":"tag-featured-news","11":"tag-featurednews","12":"tag-fi","13":"tag-finland","14":"tag-finnish","15":"tag-headlines","16":"tag-latest-news","17":"tag-latestnews","18":"tag-main-news","19":"tag-mainnews","20":"tag-news","21":"tag-otsikot","22":"tag-paauutiset","23":"tag-suomi","24":"tag-top-stories","25":"tag-topstories","26":"tag-uutiset"},"share_on_mastodon":{"url":"https:\/\/pubeurope.com\/@fi\/115652839658067797","error":""},"_links":{"self":[{"href":"https:\/\/www.europesays.com\/fi\/wp-json\/wp\/v2\/posts\/106168","targetHints":{"allow":["GET"]}}],"collection":[{"href":"https:\/\/www.europesays.com\/fi\/wp-json\/wp\/v2\/posts"}],"about":[{"href":"https:\/\/www.europesays.com\/fi\/wp-json\/wp\/v2\/types\/post"}],"author":[{"embeddable":true,"href":"https:\/\/www.europesays.com\/fi\/wp-json\/wp\/v2\/users\/2"}],"replies":[{"embeddable":true,"href":"https:\/\/www.europesays.com\/fi\/wp-json\/wp\/v2\/comments?post=106168"}],"version-history":[{"count":0,"href":"https:\/\/www.europesays.com\/fi\/wp-json\/wp\/v2\/posts\/106168\/revisions"}],"wp:featuredmedia":[{"embeddable":true,"href":"https:\/\/www.europesays.com\/fi\/wp-json\/wp\/v2\/media\/106169"}],"wp:attachment":[{"href":"https:\/\/www.europesays.com\/fi\/wp-json\/wp\/v2\/media?parent=106168"}],"wp:term":[{"taxonomy":"category","embeddable":true,"href":"https:\/\/www.europesays.com\/fi\/wp-json\/wp\/v2\/categories?post=106168"},{"taxonomy":"post_tag","embeddable":true,"href":"https:\/\/www.europesays.com\/fi\/wp-json\/wp\/v2\/tags?post=106168"}],"curies":[{"name":"wp","href":"https:\/\/api.w.org\/{rel}","templated":true}]}}